{"id":91839,"date":"2019-04-24T14:17:10","date_gmt":"2019-04-24T17:17:10","guid":{"rendered":"http:\/\/www.hoymercedes.com.ar\/principal\/?p=91839"},"modified":"2019-04-24T15:24:16","modified_gmt":"2019-04-24T18:24:16","slug":"desde-salud-efectuan-capacitacion-para-la-implementacion-del-same","status":"publish","type":"post","link":"https:\/\/www.hoymercedes.com.ar\/principal\/2019\/04\/24\/desde-salud-efectuan-capacitacion-para-la-implementacion-del-same\/","title":{"rendered":"Desde Salud efect\u00faan capacitaci\u00f3n para la implementaci\u00f3n del SAME"},"content":{"rendered":"\n<figure class=\"wp-block-image\"><img loading=\"lazy\" decoding=\"async\" width=\"1024\" height=\"684\" data-attachment-id=\"91840\" data-permalink=\"https:\/\/www.hoymercedes.com.ar\/principal\/2019\/04\/24\/desde-salud-efectuan-capacitacion-para-la-implementacion-del-same\/promo-same\/#main\" data-orig-file=\"https:\/\/www.hoymercedes.com.ar\/principal\/wp-content\/uploads\/2019\/04\/promo-same.jpeg\" data-orig-size=\"1280,855\" data-comments-opened=\"0\" data-image-meta=\"{&quot;aperture&quot;:&quot;0&quot;,&quot;credit&quot;:&quot;&quot;,&quot;camera&quot;:&quot;&quot;,&quot;caption&quot;:&quot;&quot;,&quot;created_timestamp&quot;:&quot;0&quot;,&quot;copyright&quot;:&quot;&quot;,&quot;focal_length&quot;:&quot;0&quot;,&quot;iso&quot;:&quot;0&quot;,&quot;shutter_speed&quot;:&quot;0&quot;,&quot;title&quot;:&quot;&quot;,&quot;orientation&quot;:&quot;0&quot;}\" data-image-title=\"promo-same\" data-image-description=\"\" data-image-caption=\"\" data-large-file=\"https:\/\/www.hoymercedes.com.ar\/principal\/wp-content\/uploads\/2019\/04\/promo-same-1024x684.jpeg\" src=\"https:\/\/www.hoymercedes.com.ar\/principal\/wp-content\/uploads\/2019\/04\/promo-same-1024x684.jpeg\" alt=\"\" class=\"wp-image-91840\" srcset=\"https:\/\/www.hoymercedes.com.ar\/principal\/wp-content\/uploads\/2019\/04\/promo-same-1024x684.jpeg 1024w, https:\/\/www.hoymercedes.com.ar\/principal\/wp-content\/uploads\/2019\/04\/promo-same-150x100.jpeg 150w, https:\/\/www.hoymercedes.com.ar\/principal\/wp-content\/uploads\/2019\/04\/promo-same-630x421.jpeg 630w, https:\/\/www.hoymercedes.com.ar\/principal\/wp-content\/uploads\/2019\/04\/promo-same-720x480.jpeg 720w, https:\/\/www.hoymercedes.com.ar\/principal\/wp-content\/uploads\/2019\/04\/promo-same-360x240.jpeg 360w, https:\/\/www.hoymercedes.com.ar\/principal\/wp-content\/uploads\/2019\/04\/promo-same.jpeg 1280w\" sizes=\"auto, (max-width: 1024px) 100vw, 1024px\" \/><figcaption>Capacitaaci\u00f3n en MAMM<\/figcaption><\/figure>\n\n\n\n<p>Luego de muchas\ngestiones del Municipio de Mercedes a trav\u00e9s de la Secretar\u00eda de Salud, el SAME\nfinalmente desembarcar\u00e1 en nuestra ciudad. En la ma\u00f1ana de este mi\u00e9rcoles, en\nlas instalaciones del MAMM, se hizo la primera capacitaci\u00f3n organizada por la\nComuna para referentes locales siendo una propuesta interdisciplinaia.<\/p>\n\n\n\n<p>El se\u00f1or\nintendente el Dr. Juan Ignacio Ustarroz le dio la bienvenida a todos los\npresentes y cont\u00f3 que \u201cdesde la comuna ya venimos trabajando mancomunadamente\ncon el hospital, en esta problem\u00e1tica\u201d sabiendo lo complejo del tema y agreg\u00f3\n\u201csiempre lo que se hizo hist\u00f3ricamente fue aunar esfuerzos para poder cubrir\ntoda la ciudad\u201d.<\/p>\n\n\n\n<p>Asimismo, el Dr.\nUstarroz se\u00f1al\u00f3 \u201csiempre faltan recursos para poder tener una cobertura m\u00e1s\namplia, algo que nosotros ven\u00edamos advirtiendo como un problema en nuestra\nciudad, por eso esta nueva acci\u00f3n la vemos como un paso importante\u201d y a\u00f1adi\u00f3\n\u201cpara la ciudad representa una gran inversi\u00f3n porque al principio hay un\nacompa\u00f1amiento econ\u00f3mico, para luego hacerse cargo cien por ciento la comuna\u201d.<\/p>\n\n\n\n<p>En ese sentido,\nel jefe comunal Ustarroz destac\u00f3 \u201cestamos realizando una gran inversi\u00f3n que\nsignifica m\u00e1s bienestar y salud para nuestros vecinos\u201d y destac\u00f3 \u201cojal\u00e1 que sea\nmuy \u00fatil y productiva esta capacitaci\u00f3n para que en breve podamos implementar\nun sistema de la atenci\u00f3n de la emergencia m\u00e1s eficiente y acorde a los derechos\nde la gente\u201d, sin olvidar aspectos como la emergencia pedi\u00e1trica sostenida por\nla Comuna, o la gran ampliaci\u00f3n de atenciones de los CAPS, que siguen siendo\nobjeto de fuertes inversiones.<\/p>\n\n\n\n<p>Estuvieron\npresentes choferes, radio operadores, tanto del 147 como del 107 \u2013l\u00edneas que se\nunificaran- el cuerpo de bomberos, quienes tambi\u00e9n asisten en las emergencias\nviales, Protecci\u00f3n civil y diferentes profesionales que se ir\u00e1n sumando a esta\nacci\u00f3n sanitaria. <\/p>\n\n\n\n<figure class=\"wp-block-image\"><img loading=\"lazy\" decoding=\"async\" width=\"1024\" height=\"684\" data-attachment-id=\"91841\" data-permalink=\"https:\/\/www.hoymercedes.com.ar\/principal\/2019\/04\/24\/desde-salud-efectuan-capacitacion-para-la-implementacion-del-same\/promo-same-2\/#main\" data-orig-file=\"https:\/\/www.hoymercedes.com.ar\/principal\/wp-content\/uploads\/2019\/04\/promo-same-2.jpeg\" data-orig-size=\"1280,855\" data-comments-opened=\"0\" data-image-meta=\"{&quot;aperture&quot;:&quot;0&quot;,&quot;credit&quot;:&quot;&quot;,&quot;camera&quot;:&quot;&quot;,&quot;caption&quot;:&quot;&quot;,&quot;created_timestamp&quot;:&quot;0&quot;,&quot;copyright&quot;:&quot;&quot;,&quot;focal_length&quot;:&quot;0&quot;,&quot;iso&quot;:&quot;0&quot;,&quot;shutter_speed&quot;:&quot;0&quot;,&quot;title&quot;:&quot;&quot;,&quot;orientation&quot;:&quot;0&quot;}\" data-image-title=\"promo-same-2\" data-image-description=\"\" data-image-caption=\"\" data-large-file=\"https:\/\/www.hoymercedes.com.ar\/principal\/wp-content\/uploads\/2019\/04\/promo-same-2-1024x684.jpeg\" src=\"https:\/\/www.hoymercedes.com.ar\/principal\/wp-content\/uploads\/2019\/04\/promo-same-2-1024x684.jpeg\" alt=\"\" class=\"wp-image-91841\" srcset=\"https:\/\/www.hoymercedes.com.ar\/principal\/wp-content\/uploads\/2019\/04\/promo-same-2-1024x684.jpeg 1024w, https:\/\/www.hoymercedes.com.ar\/principal\/wp-content\/uploads\/2019\/04\/promo-same-2-150x100.jpeg 150w, https:\/\/www.hoymercedes.com.ar\/principal\/wp-content\/uploads\/2019\/04\/promo-same-2-630x421.jpeg 630w, https:\/\/www.hoymercedes.com.ar\/principal\/wp-content\/uploads\/2019\/04\/promo-same-2-720x480.jpeg 720w, https:\/\/www.hoymercedes.com.ar\/principal\/wp-content\/uploads\/2019\/04\/promo-same-2-360x240.jpeg 360w, https:\/\/www.hoymercedes.com.ar\/principal\/wp-content\/uploads\/2019\/04\/promo-same-2.jpeg 1280w\" sizes=\"auto, (max-width: 1024px) 100vw, 1024px\" \/><figcaption>Ustarroz con los representantes institucionales <\/figcaption><\/figure>\n\n\n\n<p>El secretario de\nsalud, Pablo Cassiani salud\u00f3 a todo el equipo de capacitaci\u00f3n de lo que ser\u00e1\nSAME en nuestra ciudad y se\u00f1al\u00f3 \u201choy comienza esta experiencia de lo que va a\nser la implementaci\u00f3n del SAME en nuestra ciudad\u201d e inform\u00f3 \u201ca partir de esta\ncapacitaci\u00f3n tenemos pensado, en al menos un mes, ya estar implementando este\nsistema sanitario\u201d.<\/p>\n\n\n\n<p>Gonz\u00e1lo Sim\u00f3n,\nuno de los instructores invitados indic\u00f3 \u201ces un curso te\u00f3rico-pr\u00e1ctico multidisciplinario\nque se extiende durante todo el d\u00eda\u201d.&nbsp; <\/p>\n\n\n\n<p>Es importante\ndestacar que Mercedes fue uno de los primeros municipios en comenzar las gestiones\ncorrespondientes para que este sistema de salud se implemente en la ciudad. <\/p>\n","protected":false},"excerpt":{"rendered":"<p>Luego de muchas gestiones del Municipio de Mercedes a trav\u00e9s de la Secretar\u00eda de Salud, el SAME finalmente desembarcar\u00e1 en &#8230; <a title=\"Desde Salud efect\u00faan capacitaci\u00f3n para la implementaci\u00f3n del SAME\" class=\"read-more\" href=\"https:\/\/www.hoymercedes.com.ar\/principal\/2019\/04\/24\/desde-salud-efectuan-capacitacion-para-la-implementacion-del-same\/\" aria-label=\"Leer m\u00e1s sobre Desde Salud efect\u00faan capacitaci\u00f3n para la implementaci\u00f3n del SAME\">Leer m\u00e1s<\/a><\/p>\n","protected":false},"author":1,"featured_media":91840,"comment_status":"closed","ping_status":"open","sticky":false,"template":"","format":"standard","meta":{"_monsterinsights_skip_tracking":false,"_monsterinsights_sitenote_active":false,"_monsterinsights_sitenote_note":"","_monsterinsights_sitenote_category":0,"jetpack_post_was_ever_published":false,"_jetpack_newsletter_access":"","_jetpack_dont_email_post_to_subs":false,"_jetpack_newsletter_tier_id":0,"_jetpack_memberships_contains_paywalled_content":false,"_jetpack_memberships_contains_paid_content":false,"footnotes":"","jetpack_publicize_message":"","jetpack_publicize_feature_enabled":true,"jetpack_social_post_already_shared":true,"jetpack_social_options":{"image_generator_settings":{"template":"highway","default_image_id":0,"font":"","enabled":false},"version":2},"_wpas_customize_per_network":false},"categories":[30],"tags":[8656,14924,244,134,14086,424],"class_list":["post-91839","post","type-post","status-publish","format-standard","has-post-thumbnail","hentry","category-municipio","tag-capacitacion","tag-casciani","tag-municipio-2","tag-salud","tag-same-provincia","tag-ustarroz","generate-columns","tablet-grid-50","mobile-grid-100","grid-parent","grid-50"],"jetpack_publicize_connections":[],"jetpack_featured_media_url":"https:\/\/www.hoymercedes.com.ar\/principal\/wp-content\/uploads\/2019\/04\/promo-same.jpeg","wps_subtitle":"Capacitaci\u00f3n y formaci\u00f3n","jetpack_sharing_enabled":true,"_links":{"self":[{"href":"https:\/\/www.hoymercedes.com.ar\/principal\/wp-json\/wp\/v2\/posts\/91839","targetHints":{"allow":["GET"]}}],"collection":[{"href":"https:\/\/www.hoymercedes.com.ar\/principal\/wp-json\/wp\/v2\/posts"}],"about":[{"href":"https:\/\/www.hoymercedes.com.ar\/principal\/wp-json\/wp\/v2\/types\/post"}],"author":[{"embeddable":true,"href":"https:\/\/www.hoymercedes.com.ar\/principal\/wp-json\/wp\/v2\/users\/1"}],"replies":[{"embeddable":true,"href":"https:\/\/www.hoymercedes.com.ar\/principal\/wp-json\/wp\/v2\/comments?post=91839"}],"version-history":[{"count":0,"href":"https:\/\/www.hoymercedes.com.ar\/principal\/wp-json\/wp\/v2\/posts\/91839\/revisions"}],"wp:featuredmedia":[{"embeddable":true,"href":"https:\/\/www.hoymercedes.com.ar\/principal\/wp-json\/wp\/v2\/media\/91840"}],"wp:attachment":[{"href":"https:\/\/www.hoymercedes.com.ar\/principal\/wp-json\/wp\/v2\/media?parent=91839"}],"wp:term":[{"taxonomy":"category","embeddable":true,"href":"https:\/\/www.hoymercedes.com.ar\/principal\/wp-json\/wp\/v2\/categories?post=91839"},{"taxonomy":"post_tag","embeddable":true,"href":"https:\/\/www.hoymercedes.com.ar\/principal\/wp-json\/wp\/v2\/tags?post=91839"}],"curies":[{"name":"wp","href":"https:\/\/api.w.org\/{rel}","templated":true}]}}