{"id":91846,"date":"2019-04-24T15:45:12","date_gmt":"2019-04-24T18:45:12","guid":{"rendered":"http:\/\/www.hoymercedes.com.ar\/principal\/?p=91846"},"modified":"2019-04-24T16:05:51","modified_gmt":"2019-04-24T19:05:51","slug":"provincia-anuncio-medidas-economicas-para-los-bonaerenses","status":"publish","type":"post","link":"https:\/\/www.hoymercedes.com.ar\/principal\/2019\/04\/24\/provincia-anuncio-medidas-economicas-para-los-bonaerenses\/","title":{"rendered":"Provincia anunci\u00f3 medidas econ\u00f3micas para los bonaerenses"},"content":{"rendered":"\n<p>La gobernadora de la provincia de Buenos Aires, Mar\u00eda Eugenia Vidal, anunci\u00f3 una serie de medidas para \u00abllevar alivio y tranquilidad al bolsillo de los bonaerenses\u00bb, incluyen el congelamiento de las tarifas el\u00e9ctricas, descuentos del 50% en supermercados y ayuda financiera para PyMEs y beneficiarios de cr\u00e9ditos hipotecarios UVA del Banco Provincia.<\/p>\n\n\n\n<figure class=\"wp-block-image\"><img loading=\"lazy\" decoding=\"async\" width=\"750\" height=\"509\" data-attachment-id=\"91847\" data-permalink=\"https:\/\/www.hoymercedes.com.ar\/principal\/2019\/04\/24\/provincia-anuncio-medidas-economicas-para-los-bonaerenses\/24-provincia-economia\/#main\" data-orig-file=\"https:\/\/www.hoymercedes.com.ar\/principal\/wp-content\/uploads\/2019\/04\/24-provincia-economia.jpg\" data-orig-size=\"750,509\" data-comments-opened=\"0\" data-image-meta=\"{&quot;aperture&quot;:&quot;5.6&quot;,&quot;credit&quot;:&quot;Santiago GutierrezEguia&quot;,&quot;camera&quot;:&quot;NIKON D4&quot;,&quot;caption&quot;:&quot;&quot;,&quot;created_timestamp&quot;:&quot;1556106188&quot;,&quot;copyright&quot;:&quot;Foto:Gobiernacion Bs.As.&quot;,&quot;focal_length&quot;:&quot;122&quot;,&quot;iso&quot;:&quot;1600&quot;,&quot;shutter_speed&quot;:&quot;0.008&quot;,&quot;title&quot;:&quot;&quot;,&quot;orientation&quot;:&quot;0&quot;}\" data-image-title=\"24 provincia economia\" data-image-description=\"\" data-image-caption=\"\" data-large-file=\"https:\/\/www.hoymercedes.com.ar\/principal\/wp-content\/uploads\/2019\/04\/24-provincia-economia.jpg\" src=\"https:\/\/www.hoymercedes.com.ar\/principal\/wp-content\/uploads\/2019\/04\/24-provincia-economia.jpg\" alt=\"\" class=\"wp-image-91847\" srcset=\"https:\/\/www.hoymercedes.com.ar\/principal\/wp-content\/uploads\/2019\/04\/24-provincia-economia.jpg 750w, https:\/\/www.hoymercedes.com.ar\/principal\/wp-content\/uploads\/2019\/04\/24-provincia-economia-150x102.jpg 150w, https:\/\/www.hoymercedes.com.ar\/principal\/wp-content\/uploads\/2019\/04\/24-provincia-economia-630x428.jpg 630w\" sizes=\"auto, (max-width: 750px) 100vw, 750px\" \/><\/figure>\n\n\n\n<p>\u00abSon respuestas concretas a una situaci\u00f3n dif\u00edcil, para llevar alivio y tranquilidad al bolsillo de los bonaerenses. Una respuesta muy concreta que tiene que ver con no mirar para otro lado ni negar la realidad. Nos hacemos cargo y damos respuestas\u00bb, afirm\u00f3 la gobernadora bonaerense ante los medios presentes en la capital provincial. <\/p>\n\n\n\n<p>Acompa\u00f1ada por el presidente del Banco Provincia, Juan Curutchet; y los ministros de Econom\u00eda, Hern\u00e1n Lacunza; de Trabajo, Marcelo Villegas; y de Producci\u00f3n, Javier Tizado, la Gobernadora Vidal anunci\u00f3 que se volver\u00e1n a implementar los descuentos del 50% para compras en supermercados a trav\u00e9s de las tarjetas del Banco Provincia. Este a\u00f1o el reintegro ser\u00e1 hasta 2000 mil pesos. <\/p>\n\n\n\n<p>Asimismo, anunci\u00f3 que habr\u00e1 un \u00abcongelamiento de tarifas de electricidad para la provincia de Buenos Aires. Hemos decidido congelar los aumentos previstos para la parte de distribuci\u00f3n\u00bb. A su vez, para los 17.500 beneficiarios de cr\u00e9ditos hipotecarios UVA del Banco Provincia, la mandataria dijo que hasta diciembre se establecer\u00e1 \u00abun tope del treinta por ciento del salario\u00bb del titular, pero \u00absi la cuota que se debe pagar es superior, de la diferencia se va a hacer cargo el Banco Provincia\u00bb.<\/p>\n\n\n\n<p>Finalmente, Vidal anunci\u00f3 \u00abuna l\u00ednea especial de cr\u00e9dito para los sectores de textil y calzado, que han tenido enormes dificultades en los \u00faltimos a\u00f1os\u00bb, y que se enviar\u00e1 a la Legislatura provincial \u00abun proyecto de ley para definir que en los supermercados haya un espacio definido para las PyMEs bonaerenses del diez por ciento de la g\u00f3ndola\u00bb.<\/p>\n\n\n\n<p><strong>Detalles del paquete de medidas econ\u00f3micas<\/strong><\/p>\n\n\n\n<ul class=\"wp-block-list\"><li><strong>Congelamiento de la tarifa de luz: <\/strong>Los bonaerenses no tendr\u00e1n aumentos en la tarifa el\u00e9ctrica en lo que resta del a\u00f1o.<\/li><li><strong>Descuento del 50% en supermercados con Banco Provincia :<\/strong>A partir del mi\u00e9rcoles 24 de abril, se vuelve a implementar el beneficio del 50% de reintegro en los comercios y cadenas de supermercados adheridas en compras con las tarjetas Visa D\u00e9bito, Visa Cr\u00e9dito y Mastercard Cr\u00e9dito del Banco Provincia. Como novedad, se aument\u00f3 el tope de reintegro a $2.000 que antes era de $ 1.500. Es decir, en una compra de $4.000 se reintegrar\u00e1 $2.000, en una de $2.000 se reintegrar\u00e1 $1.000 y en una de $5.500 se reintegrar\u00e1n $2.000. Quienes no sean clientes del Banco Provincia podr\u00e1n acceder a la promoci\u00f3n solicitando su caja de ahorro gratuita que los habilita a tener la tarjeta de d\u00e9bito Visa. <\/li><li><strong>Topes para cr\u00e9ditos hipotecarios UVA: <\/strong>Desde el inicio de la gesti\u00f3n en diciembre de 2015, se han otorgado 17.500 cr\u00e9ditos hipotecarios UVA a trav\u00e9s del Banco Provincia, por $22 mil millones de pesos. Para acompa\u00f1ar a estas familias, el Gobierno Provincial implementar\u00e1 un mecanismo de evaluaci\u00f3n para que las cuotas de los cr\u00e9ditos hipotecarios no excedan el 30% del salario.<\/li><li><strong>L\u00edneas de cr\u00e9dito para la industria textil y del calzado:<\/strong>Desde el Banco Provincia, ya se brindaron m\u00e1s de $246 mil millones en l\u00edneas de cr\u00e9dito para impulsar el trabajo de las PyMEs de la industria textil y de calzado. El Banco Provincia va a sostener la l\u00ednea de cr\u00e9dito y a lanzar nuevas con especial foco en estas dos categor\u00edas. Esto contempla una l\u00ednea de descuento de cheques al 25% hasta 120 d\u00edas para que no se corte la cadena de pagos y, para impulsar su producci\u00f3n, una nueva l\u00ednea de capital de trabajo al 29% con tasa fija en pesos hasta 12 meses.\u00a0<\/li><li><strong>Moratoria para deudas laborales con el Ministerio de Trabajo: <\/strong>Para aliviar a m\u00e1s de 30 mil PyMEs, el gobierno bonaerense presenta una moratoria para deudas laborales con el Ministerio de Trabajo para el 2019. Implica la quita total o condonaci\u00f3n del 100% de los intereses de la deuda y un plan de pagos para el capital originario. Las PyMEs que adhieran podr\u00e1n pagarla en funci\u00f3n de sus posibilidades hasta en 60 cuotas. <\/li><li>Una vez que las empresas ingresen en la moratoria se levantar\u00e1n o suspender\u00e1n todas las medidas cautelares sobre PyMEs o empresas radicadas en la Provincia de Buenos Aires. Las empresas dejan de estar limitadas a ser proveedoras del Estado y podr\u00e1n acceder a l\u00edneas de cr\u00e9dito del Banco Provincia, que por deuda estaban impedidas para hacerlo.<\/li><\/ul>\n\n\n\n<ul class=\"wp-block-list\"><li><strong>Ley para la promoci\u00f3n de la competencia:<\/strong>La Provincia impulsar\u00e1 un nuevo proyecto de ley para promover la competencia, ayudar a las PyMEs a colocar m\u00e1s productos en los supermercados y garantizar que los bonaerenses puedan elegir entre m\u00e1s de una marca por producto, acceder a mayor variedad y mejores precios. Entre los puntos principales, establece que estos comercios deben contar en sus g\u00f3ndolas con productos de no menos de 4 proveedores distintos por art\u00edculo. As\u00ed, los de una misma marca, proveedor o grupo econ\u00f3mico de empresas (de cualquier manera vinculadas o integradas) no deber\u00e1n superar el 30% del espacio de cada g\u00f3ndola. Adem\u00e1s, se deber\u00e1 destinar 10% de espacio para productos de PyMEs lo que permitir\u00e1 asegurar la pluralidad de marcas. El proyecto alcanza a mayoristas que no comercialicen sus productos exclusivamente, grandes superficies comerciales y cadenas de distribuci\u00f3n. Adem\u00e1s, la ubicaci\u00f3n en g\u00f3ndola deber\u00e1 ser rotada peri\u00f3dicamente, de manera tal que toda la mercader\u00eda independientemente de su proveedor est\u00e9 a una altura de visi\u00f3n horizontal\u00a0 \u2014que es la m\u00e1s visibilidad brinda\u2014 durante el mismo tiempo. Las sanciones para los establecimientos que se encuentren en infracci\u00f3n ser\u00e1n aplicadas seg\u00fan la gravedad de cada caso: apercibimiento, multa, decomiso, clausura o suspensi\u00f3n del Registro de Proveedores. <\/li><\/ul>\n","protected":false},"excerpt":{"rendered":"<p>La gobernadora de la provincia de Buenos Aires, Mar\u00eda Eugenia Vidal, anunci\u00f3 una serie de medidas para \u00abllevar alivio y &#8230; <a title=\"Provincia anunci\u00f3 medidas econ\u00f3micas para los bonaerenses\" class=\"read-more\" href=\"https:\/\/www.hoymercedes.com.ar\/principal\/2019\/04\/24\/provincia-anuncio-medidas-economicas-para-los-bonaerenses\/\" aria-label=\"Leer m\u00e1s sobre Provincia anunci\u00f3 medidas econ\u00f3micas para los bonaerenses\">Leer m\u00e1s<\/a><\/p>\n","protected":false},"author":1,"featured_media":91847,"comment_status":"closed","ping_status":"open","sticky":false,"template":"","format":"standard","meta":{"_monsterinsights_skip_tracking":false,"_monsterinsights_sitenote_active":false,"_monsterinsights_sitenote_note":"","_monsterinsights_sitenote_category":0,"jetpack_post_was_ever_published":false,"_jetpack_newsletter_access":"","_jetpack_dont_email_post_to_subs":false,"_jetpack_newsletter_tier_id":0,"_jetpack_memberships_contains_paywalled_content":false,"_jetpack_memberships_contains_paid_content":false,"footnotes":"","jetpack_publicize_message":"","jetpack_publicize_feature_enabled":true,"jetpack_social_post_already_shared":true,"jetpack_social_options":{"image_generator_settings":{"template":"highway","default_image_id":0,"font":"","enabled":false},"version":2},"_wpas_customize_per_network":false},"categories":[8881],"tags":[9755,14928,1803],"class_list":["post-91846","post","type-post","status-publish","format-standard","has-post-thumbnail","hentry","category-provincia","tag-gobernadora-vidal","tag-medidas-economicas","tag-provincia","generate-columns","tablet-grid-50","mobile-grid-100","grid-parent","grid-50"],"jetpack_publicize_connections":[],"jetpack_featured_media_url":"https:\/\/www.hoymercedes.com.ar\/principal\/wp-content\/uploads\/2019\/04\/24-provincia-economia.jpg","wps_subtitle":"Anuncio en La Plata","jetpack_sharing_enabled":true,"_links":{"self":[{"href":"https:\/\/www.hoymercedes.com.ar\/principal\/wp-json\/wp\/v2\/posts\/91846","targetHints":{"allow":["GET"]}}],"collection":[{"href":"https:\/\/www.hoymercedes.com.ar\/principal\/wp-json\/wp\/v2\/posts"}],"about":[{"href":"https:\/\/www.hoymercedes.com.ar\/principal\/wp-json\/wp\/v2\/types\/post"}],"author":[{"embeddable":true,"href":"https:\/\/www.hoymercedes.com.ar\/principal\/wp-json\/wp\/v2\/users\/1"}],"replies":[{"embeddable":true,"href":"https:\/\/www.hoymercedes.com.ar\/principal\/wp-json\/wp\/v2\/comments?post=91846"}],"version-history":[{"count":0,"href":"https:\/\/www.hoymercedes.com.ar\/principal\/wp-json\/wp\/v2\/posts\/91846\/revisions"}],"wp:featuredmedia":[{"embeddable":true,"href":"https:\/\/www.hoymercedes.com.ar\/principal\/wp-json\/wp\/v2\/media\/91847"}],"wp:attachment":[{"href":"https:\/\/www.hoymercedes.com.ar\/principal\/wp-json\/wp\/v2\/media?parent=91846"}],"wp:term":[{"taxonomy":"category","embeddable":true,"href":"https:\/\/www.hoymercedes.com.ar\/principal\/wp-json\/wp\/v2\/categories?post=91846"},{"taxonomy":"post_tag","embeddable":true,"href":"https:\/\/www.hoymercedes.com.ar\/principal\/wp-json\/wp\/v2\/tags?post=91846"}],"curies":[{"name":"wp","href":"https:\/\/api.w.org\/{rel}","templated":true}]}}