{"id":91858,"date":"2019-04-24T17:30:08","date_gmt":"2019-04-24T20:30:08","guid":{"rendered":"http:\/\/www.hoymercedes.com.ar\/principal\/?p=91858"},"modified":"2019-04-24T18:04:07","modified_gmt":"2019-04-24T21:04:07","slug":"selva-los-despidos-en-prensa-son-un-ataque-a-la-libertad-de-expresion","status":"publish","type":"post","link":"https:\/\/www.hoymercedes.com.ar\/principal\/2019\/04\/24\/selva-los-despidos-en-prensa-son-un-ataque-a-la-libertad-de-expresion\/","title":{"rendered":"Selva: \u201cLos despidos en prensa son un ataque a la libertad de expresi\u00f3n\u201d"},"content":{"rendered":"\n<p>En el marco de su apoyo a la sanci\u00f3n de una \u201cLey de Emergencia y Garant\u00eda de la Libertad de Expresi\u00f3n\u00bb, el diputado nacional Carlos Selva consider\u00f3 que \u201clos despidos en prensa son un ataque a la libertad de expresi\u00f3n\u201d.<\/p>\n\n\n\n<p>\u201cEl vaciamiento y despidos en la Agencia Nacional de Noticias T\u00e9lam , como tambi\u00e9n los m\u00e1s de 65 despidos en los Diarios&nbsp;Clar\u00edn&nbsp;y Ol\u00e9, son un ataque a la libertad de expresi\u00f3n\u201d, dijo el diputado.<\/p>\n\n\n\n<p>Por tal motivo, indic\u00f3 Selva que acompa\u00f1a el proyecto de&nbsp;Silvia Horne, donde se declara la \u201cemergencia ocupacional en el sector period\u00edstico, por el t\u00e9rmino de trescientos sesenta (360) d\u00edas en todo el territorio nacional\u201d.<\/p>\n\n\n\n<p>\u201cDurante el periodo establecido quedan prohibidos los despidos y las suspensiones de trabajadores y trabajadoras, cualquiera sea la modalidad de contrataci\u00f3n y la naturaleza jur\u00eddica de la parte empleadora\u201d, se sostiene en el proyecto. <\/p>\n\n\n\n<figure class=\"wp-block-image\"><img loading=\"lazy\" decoding=\"async\" width=\"750\" height=\"520\" data-attachment-id=\"91859\" data-permalink=\"https:\/\/www.hoymercedes.com.ar\/principal\/2019\/04\/24\/selva-los-despidos-en-prensa-son-un-ataque-a-la-libertad-de-expresion\/24-proyecto-selva\/#main\" data-orig-file=\"https:\/\/www.hoymercedes.com.ar\/principal\/wp-content\/uploads\/2019\/04\/24-proyecto-selva.png\" data-orig-size=\"750,520\" data-comments-opened=\"0\" data-image-meta=\"{&quot;aperture&quot;:&quot;0&quot;,&quot;credit&quot;:&quot;&quot;,&quot;camera&quot;:&quot;&quot;,&quot;caption&quot;:&quot;&quot;,&quot;created_timestamp&quot;:&quot;0&quot;,&quot;copyright&quot;:&quot;&quot;,&quot;focal_length&quot;:&quot;0&quot;,&quot;iso&quot;:&quot;0&quot;,&quot;shutter_speed&quot;:&quot;0&quot;,&quot;title&quot;:&quot;&quot;,&quot;orientation&quot;:&quot;0&quot;}\" data-image-title=\"24 proyecto selva\" data-image-description=\"\" data-image-caption=\"\" data-large-file=\"https:\/\/www.hoymercedes.com.ar\/principal\/wp-content\/uploads\/2019\/04\/24-proyecto-selva.png\" src=\"https:\/\/www.hoymercedes.com.ar\/principal\/wp-content\/uploads\/2019\/04\/24-proyecto-selva.png\" alt=\"\" class=\"wp-image-91859\" srcset=\"https:\/\/www.hoymercedes.com.ar\/principal\/wp-content\/uploads\/2019\/04\/24-proyecto-selva.png 750w, https:\/\/www.hoymercedes.com.ar\/principal\/wp-content\/uploads\/2019\/04\/24-proyecto-selva-150x104.png 150w, https:\/\/www.hoymercedes.com.ar\/principal\/wp-content\/uploads\/2019\/04\/24-proyecto-selva-630x437.png 630w\" sizes=\"auto, (max-width: 750px) 100vw, 750px\" \/><\/figure>\n\n\n\n<p>Por otra parte, el Diputado Selva en la sesi\u00f3n de este 24 de abril, tom\u00f3 la palabra para expresar su postura sobre el Golpe de Estado de 1976, el terrorismo de Estado y la posterior restituci\u00f3n de la Democracia. <\/p>\n\n\n\n<figure class=\"wp-block-embed-youtube wp-block-embed is-type-video is-provider-youtube wp-embed-aspect-16-9 wp-has-aspect-ratio\"><div class=\"wp-block-embed__wrapper\">\n<span class=\"embed-youtube\" style=\"text-align:center; display: block;\"><iframe loading=\"lazy\" class=\"youtube-player\" width=\"1200\" height=\"675\" src=\"https:\/\/www.youtube.com\/embed\/PYLXUeKOX5U?version=3&#038;rel=1&#038;showsearch=0&#038;showinfo=1&#038;iv_load_policy=1&#038;fs=1&#038;hl=es-ES&#038;autohide=2&#038;wmode=transparent\" allowfullscreen=\"true\" style=\"border:0;\" sandbox=\"allow-scripts allow-same-origin allow-popups allow-presentation allow-popups-to-escape-sandbox\"><\/iframe><\/span>\n<\/div><\/figure>\n","protected":false},"excerpt":{"rendered":"<p>En el marco de su apoyo a la sanci\u00f3n de una \u201cLey de Emergencia y Garant\u00eda de la Libertad de &#8230; <a title=\"Selva: \u201cLos despidos en prensa son un ataque a la libertad de expresi\u00f3n\u201d\" class=\"read-more\" href=\"https:\/\/www.hoymercedes.com.ar\/principal\/2019\/04\/24\/selva-los-despidos-en-prensa-son-un-ataque-a-la-libertad-de-expresion\/\" aria-label=\"Leer m\u00e1s sobre Selva: \u201cLos despidos en prensa son un ataque a la libertad de expresi\u00f3n\u201d\">Leer m\u00e1s<\/a><\/p>\n","protected":false},"author":1,"featured_media":82821,"comment_status":"closed","ping_status":"open","sticky":false,"template":"","format":"standard","meta":{"_monsterinsights_skip_tracking":false,"_monsterinsights_sitenote_active":false,"_monsterinsights_sitenote_note":"","_monsterinsights_sitenote_category":0,"jetpack_post_was_ever_published":false,"_jetpack_newsletter_access":"","_jetpack_dont_email_post_to_subs":false,"_jetpack_newsletter_tier_id":0,"_jetpack_memberships_contains_paywalled_content":false,"_jetpack_memberships_contains_paid_content":false,"footnotes":"","jetpack_publicize_message":"","jetpack_publicize_feature_enabled":true,"jetpack_social_post_already_shared":false,"jetpack_social_options":{"image_generator_settings":{"template":"highway","default_image_id":0,"font":"","enabled":false},"version":2},"_wpas_customize_per_network":false},"categories":[5210],"tags":[39,9627,10113,9095],"class_list":["post-91858","post","type-post","status-publish","format-standard","has-post-thumbnail","hentry","category-politica-nacional","tag-carlos-selva","tag-diputados-nacional","tag-politica-nacional","tag-sesion","generate-columns","tablet-grid-50","mobile-grid-100","grid-parent","grid-50"],"jetpack_publicize_connections":[],"jetpack_featured_media_url":"https:\/\/www.hoymercedes.com.ar\/principal\/wp-content\/uploads\/2018\/10\/21-carlos-selva-e1540128087880.jpg","wps_subtitle":"Proyecto en Diputados","jetpack_sharing_enabled":true,"_links":{"self":[{"href":"https:\/\/www.hoymercedes.com.ar\/principal\/wp-json\/wp\/v2\/posts\/91858","targetHints":{"allow":["GET"]}}],"collection":[{"href":"https:\/\/www.hoymercedes.com.ar\/principal\/wp-json\/wp\/v2\/posts"}],"about":[{"href":"https:\/\/www.hoymercedes.com.ar\/principal\/wp-json\/wp\/v2\/types\/post"}],"author":[{"embeddable":true,"href":"https:\/\/www.hoymercedes.com.ar\/principal\/wp-json\/wp\/v2\/users\/1"}],"replies":[{"embeddable":true,"href":"https:\/\/www.hoymercedes.com.ar\/principal\/wp-json\/wp\/v2\/comments?post=91858"}],"version-history":[{"count":0,"href":"https:\/\/www.hoymercedes.com.ar\/principal\/wp-json\/wp\/v2\/posts\/91858\/revisions"}],"wp:featuredmedia":[{"embeddable":true,"href":"https:\/\/www.hoymercedes.com.ar\/principal\/wp-json\/wp\/v2\/media\/82821"}],"wp:attachment":[{"href":"https:\/\/www.hoymercedes.com.ar\/principal\/wp-json\/wp\/v2\/media?parent=91858"}],"wp:term":[{"taxonomy":"category","embeddable":true,"href":"https:\/\/www.hoymercedes.com.ar\/principal\/wp-json\/wp\/v2\/categories?post=91858"},{"taxonomy":"post_tag","embeddable":true,"href":"https:\/\/www.hoymercedes.com.ar\/principal\/wp-json\/wp\/v2\/tags?post=91858"}],"curies":[{"name":"wp","href":"https:\/\/api.w.org\/{rel}","templated":true}]}}