{"id":91877,"date":"2019-04-25T18:15:14","date_gmt":"2019-04-25T21:15:14","guid":{"rendered":"http:\/\/www.hoymercedes.com.ar\/principal\/?p=91877"},"modified":"2019-04-25T16:49:39","modified_gmt":"2019-04-25T19:49:39","slug":"amazonas-mercedinas-en-equus-fidei","status":"publish","type":"post","link":"https:\/\/www.hoymercedes.com.ar\/principal\/2019\/04\/25\/amazonas-mercedinas-en-equus-fidei\/","title":{"rendered":"Amazonas mercedinas en Equus Fidei"},"content":{"rendered":"\n<p>El s\u00e1bado 20 de Abril se realiz\u00f3 en el marco del fin de semana santo, un concurso h\u00edpico en las c\u00e1lidas instalaciones del hermoso Equus Fidei.<\/p>\n\n\n\n<figure class=\"wp-block-image\"><img loading=\"lazy\" decoding=\"async\" width=\"1024\" height=\"768\" data-attachment-id=\"91882\" data-permalink=\"https:\/\/www.hoymercedes.com.ar\/principal\/2019\/04\/25\/amazonas-mercedinas-en-equus-fidei\/whatsapp-image-2019-04-23-at-18-43-52\/#main\" data-orig-file=\"https:\/\/www.hoymercedes.com.ar\/principal\/wp-content\/uploads\/2019\/04\/WhatsApp-Image-2019-04-23-at-18.43.52.jpeg\" data-orig-size=\"1280,960\" data-comments-opened=\"0\" data-image-meta=\"{&quot;aperture&quot;:&quot;0&quot;,&quot;credit&quot;:&quot;&quot;,&quot;camera&quot;:&quot;&quot;,&quot;caption&quot;:&quot;&quot;,&quot;created_timestamp&quot;:&quot;0&quot;,&quot;copyright&quot;:&quot;&quot;,&quot;focal_length&quot;:&quot;0&quot;,&quot;iso&quot;:&quot;0&quot;,&quot;shutter_speed&quot;:&quot;0&quot;,&quot;title&quot;:&quot;&quot;,&quot;orientation&quot;:&quot;0&quot;}\" data-image-title=\"WhatsApp Image 2019-04-23 at 18.43.52\" data-image-description=\"\" data-image-caption=\"\" data-large-file=\"https:\/\/www.hoymercedes.com.ar\/principal\/wp-content\/uploads\/2019\/04\/WhatsApp-Image-2019-04-23-at-18.43.52-1024x768.jpeg\" src=\"https:\/\/www.hoymercedes.com.ar\/principal\/wp-content\/uploads\/2019\/04\/WhatsApp-Image-2019-04-23-at-18.43.52-1024x768.jpeg\" alt=\"\" class=\"wp-image-91882\" srcset=\"https:\/\/www.hoymercedes.com.ar\/principal\/wp-content\/uploads\/2019\/04\/WhatsApp-Image-2019-04-23-at-18.43.52-1024x768.jpeg 1024w, https:\/\/www.hoymercedes.com.ar\/principal\/wp-content\/uploads\/2019\/04\/WhatsApp-Image-2019-04-23-at-18.43.52-150x113.jpeg 150w, https:\/\/www.hoymercedes.com.ar\/principal\/wp-content\/uploads\/2019\/04\/WhatsApp-Image-2019-04-23-at-18.43.52-630x473.jpeg 630w, https:\/\/www.hoymercedes.com.ar\/principal\/wp-content\/uploads\/2019\/04\/WhatsApp-Image-2019-04-23-at-18.43.52-320x240.jpeg 320w, https:\/\/www.hoymercedes.com.ar\/principal\/wp-content\/uploads\/2019\/04\/WhatsApp-Image-2019-04-23-at-18.43.52-100x75.jpeg 100w, https:\/\/www.hoymercedes.com.ar\/principal\/wp-content\/uploads\/2019\/04\/WhatsApp-Image-2019-04-23-at-18.43.52.jpeg 1280w\" sizes=\"auto, (max-width: 1024px) 100vw, 1024px\" \/><\/figure>\n\n\n\n<p>En \u00e9l se presentaron las Amazonas del Centro Ecuestre Mar\u00eda Silvina junto a su instructor Lucas Rey.<\/p>\n\n\n\n<p>F\u00e1tima Averame con Euro&nbsp; y Luc\u00eda Mitarotonda con Ulises II cucardearon en 50 y 60 cm.<\/p>\n\n\n\n<p>Catalina Revello junto a Don Pablo, Luciana Ju\u00e1rez Nasso junto a Talisman y Joaquina Dellafontana junto a Elektra realizaron impecables recorridos en las alturas de 80 y 90 cm todos con cero faltas.<\/p>\n\n\n\n<p>Y por su parte, Mar\u00eda Bel\u00e9n Rey Pruzzo junto a Kings Eagle realiz\u00f3 excelentes recorridos sobre vallas de 1.00, 1.10 y 1.20 mts., clasificando en 2da colocaci\u00f3n en 1.20 mts.<\/p>\n\n\n\n<p>Agradecemos a Diana Pagano por su impecable organizaci\u00f3n y su amable atenci\u00f3n, y a todas las familias de Mar\u00eda Silvina por el acompa\u00f1amiento.<\/p>\n\n\n\n<p><strong>Margarita Bustos, en el Interclubes<\/strong><\/p>\n\n\n\n<p>El domingo 14 en Campo Chico C.C volvieron a las pistas Margarita Bustos y Vittorio, amazona representante de la Sociedad Rural Mercedes.<\/p>\n\n\n\n<figure class=\"wp-block-image\"><img loading=\"lazy\" decoding=\"async\" width=\"960\" height=\"960\" data-attachment-id=\"91883\" data-permalink=\"https:\/\/www.hoymercedes.com.ar\/principal\/2019\/04\/25\/amazonas-mercedinas-en-equus-fidei\/whatsapp-image-2019-04-23-at-18-43-51\/#main\" data-orig-file=\"https:\/\/www.hoymercedes.com.ar\/principal\/wp-content\/uploads\/2019\/04\/WhatsApp-Image-2019-04-23-at-18.43.51.jpeg\" data-orig-size=\"960,960\" data-comments-opened=\"0\" data-image-meta=\"{&quot;aperture&quot;:&quot;0&quot;,&quot;credit&quot;:&quot;&quot;,&quot;camera&quot;:&quot;&quot;,&quot;caption&quot;:&quot;&quot;,&quot;created_timestamp&quot;:&quot;0&quot;,&quot;copyright&quot;:&quot;&quot;,&quot;focal_length&quot;:&quot;0&quot;,&quot;iso&quot;:&quot;0&quot;,&quot;shutter_speed&quot;:&quot;0&quot;,&quot;title&quot;:&quot;&quot;,&quot;orientation&quot;:&quot;0&quot;}\" data-image-title=\"WhatsApp Image 2019-04-23 at 18.43.51\" data-image-description=\"\" data-image-caption=\"\" data-large-file=\"https:\/\/www.hoymercedes.com.ar\/principal\/wp-content\/uploads\/2019\/04\/WhatsApp-Image-2019-04-23-at-18.43.51.jpeg\" src=\"https:\/\/www.hoymercedes.com.ar\/principal\/wp-content\/uploads\/2019\/04\/WhatsApp-Image-2019-04-23-at-18.43.51.jpeg\" alt=\"\" class=\"wp-image-91883\" srcset=\"https:\/\/www.hoymercedes.com.ar\/principal\/wp-content\/uploads\/2019\/04\/WhatsApp-Image-2019-04-23-at-18.43.51.jpeg 960w, https:\/\/www.hoymercedes.com.ar\/principal\/wp-content\/uploads\/2019\/04\/WhatsApp-Image-2019-04-23-at-18.43.51-150x150.jpeg 150w, https:\/\/www.hoymercedes.com.ar\/principal\/wp-content\/uploads\/2019\/04\/WhatsApp-Image-2019-04-23-at-18.43.51-620x620.jpeg 620w, https:\/\/www.hoymercedes.com.ar\/principal\/wp-content\/uploads\/2019\/04\/WhatsApp-Image-2019-04-23-at-18.43.51-100x100.jpeg 100w\" sizes=\"auto, (max-width: 960px) 100vw, 960px\" \/><\/figure>\n\n\n\n<p>En el marco del Campeonato Interclubes oficial, como binomio Federados en Tercera categor\u00eda realiz\u00f3 dos recorridos, sobre vallas de 80 cm y 90 cm, finalizando ambos sin puntos en contra y con excelente tiempo.<\/p>\n","protected":false},"excerpt":{"rendered":"<p>El s\u00e1bado 20 de Abril se realiz\u00f3 en el marco del fin de semana santo, un concurso h\u00edpico en las &#8230; <a title=\"Amazonas mercedinas en Equus Fidei\" class=\"read-more\" href=\"https:\/\/www.hoymercedes.com.ar\/principal\/2019\/04\/25\/amazonas-mercedinas-en-equus-fidei\/\" aria-label=\"Leer m\u00e1s sobre Amazonas mercedinas en Equus Fidei\">Leer m\u00e1s<\/a><\/p>\n","protected":false},"author":1,"featured_media":91882,"comment_status":"closed","ping_status":"open","sticky":false,"template":"","format":"standard","meta":{"_monsterinsights_skip_tracking":false,"_monsterinsights_sitenote_active":false,"_monsterinsights_sitenote_note":"","_monsterinsights_sitenote_category":0,"jetpack_post_was_ever_published":false,"_jetpack_newsletter_access":"","_jetpack_dont_email_post_to_subs":false,"_jetpack_newsletter_tier_id":0,"_jetpack_memberships_contains_paywalled_content":false,"_jetpack_memberships_contains_paid_content":false,"footnotes":"","jetpack_publicize_message":"","jetpack_publicize_feature_enabled":true,"jetpack_social_post_already_shared":true,"jetpack_social_options":{"image_generator_settings":{"template":"highway","default_image_id":0,"font":"","enabled":false},"version":2},"_wpas_customize_per_network":false},"categories":[21],"tags":[1821,13634,13489],"class_list":["post-91877","post","type-post","status-publish","format-standard","has-post-thumbnail","hentry","category-deportes","tag-equitacion","tag-equus-fidei","tag-maria-silvina","generate-columns","tablet-grid-50","mobile-grid-100","grid-parent","grid-50"],"jetpack_publicize_connections":[],"jetpack_featured_media_url":"https:\/\/www.hoymercedes.com.ar\/principal\/wp-content\/uploads\/2019\/04\/WhatsApp-Image-2019-04-23-at-18.43.52.jpeg","wps_subtitle":"Equitaci\u00f3n","jetpack_sharing_enabled":true,"_links":{"self":[{"href":"https:\/\/www.hoymercedes.com.ar\/principal\/wp-json\/wp\/v2\/posts\/91877","targetHints":{"allow":["GET"]}}],"collection":[{"href":"https:\/\/www.hoymercedes.com.ar\/principal\/wp-json\/wp\/v2\/posts"}],"about":[{"href":"https:\/\/www.hoymercedes.com.ar\/principal\/wp-json\/wp\/v2\/types\/post"}],"author":[{"embeddable":true,"href":"https:\/\/www.hoymercedes.com.ar\/principal\/wp-json\/wp\/v2\/users\/1"}],"replies":[{"embeddable":true,"href":"https:\/\/www.hoymercedes.com.ar\/principal\/wp-json\/wp\/v2\/comments?post=91877"}],"version-history":[{"count":0,"href":"https:\/\/www.hoymercedes.com.ar\/principal\/wp-json\/wp\/v2\/posts\/91877\/revisions"}],"wp:featuredmedia":[{"embeddable":true,"href":"https:\/\/www.hoymercedes.com.ar\/principal\/wp-json\/wp\/v2\/media\/91882"}],"wp:attachment":[{"href":"https:\/\/www.hoymercedes.com.ar\/principal\/wp-json\/wp\/v2\/media?parent=91877"}],"wp:term":[{"taxonomy":"category","embeddable":true,"href":"https:\/\/www.hoymercedes.com.ar\/principal\/wp-json\/wp\/v2\/categories?post=91877"},{"taxonomy":"post_tag","embeddable":true,"href":"https:\/\/www.hoymercedes.com.ar\/principal\/wp-json\/wp\/v2\/tags?post=91877"}],"curies":[{"name":"wp","href":"https:\/\/api.w.org\/{rel}","templated":true}]}}