{"id":91878,"date":"2019-04-24T19:16:42","date_gmt":"2019-04-24T22:16:42","guid":{"rendered":"http:\/\/www.hoymercedes.com.ar\/principal\/?p=91878"},"modified":"2019-04-24T19:16:45","modified_gmt":"2019-04-24T22:16:45","slug":"podria-cerrar-la-flor-de-lujan","status":"publish","type":"post","link":"https:\/\/www.hoymercedes.com.ar\/principal\/2019\/04\/24\/podria-cerrar-la-flor-de-lujan\/","title":{"rendered":"Podr\u00eda cerrar \u00abLa Flor de Luj\u00e1n\u00bb"},"content":{"rendered":"\n<figure class=\"wp-block-image\"><img loading=\"lazy\" decoding=\"async\" width=\"620\" height=\"261\" data-attachment-id=\"24963\" data-permalink=\"https:\/\/www.hoymercedes.com.ar\/principal\/2013\/08\/15\/flor-de-lujan-opcion-mas-economica-por-mismo-tiempo-a-lujan\/flordelujan-2\/#main\" data-orig-file=\"https:\/\/www.hoymercedes.com.ar\/principal\/wp-content\/uploads\/2013\/08\/FlordeLuj\u00e1n.jpg\" data-orig-size=\"620,261\" data-comments-opened=\"1\" data-image-meta=\"{&quot;aperture&quot;:&quot;2.8&quot;,&quot;credit&quot;:&quot;&quot;,&quot;camera&quot;:&quot;LG-E451g&quot;,&quot;caption&quot;:&quot;&quot;,&quot;created_timestamp&quot;:&quot;1372858019&quot;,&quot;copyright&quot;:&quot;&quot;,&quot;focal_length&quot;:&quot;3.5&quot;,&quot;iso&quot;:&quot;112&quot;,&quot;shutter_speed&quot;:&quot;0.001196&quot;,&quot;title&quot;:&quot;&quot;}\" data-image-title=\"FlordeLuj\u00e1n\" data-image-description=\"\" data-image-caption=\"&lt;p&gt;Flor de Luj\u00e1n&lt;\/p&gt;\n\" data-large-file=\"https:\/\/www.hoymercedes.com.ar\/principal\/wp-content\/uploads\/2013\/08\/FlordeLuj\u00e1n.jpg\" src=\"https:\/\/www.hoymercedes.com.ar\/principal\/wp-content\/uploads\/2013\/08\/FlordeLuj\u00e1n.jpg\" alt=\"\" class=\"wp-image-24963\"\/><figcaption>Flor de Luj\u00e1n<\/figcaption><\/figure>\n\n\n\n<p>En las \u00faltimas horas se supo que\ncierra \u201cLa Flor de Luj\u00e1n\u201d. La l\u00ednea dejara de brindar el servicio porque \u201cno es\nrentable\u201d y tambi\u00e9n en el marco del cambio de modalidad del subsidios a nivel\nnacional y provincial. Se estima son m\u00e1s de 2mil usuarios afectados en la zona.\nLos aumentos de combustibles y costos de funcionamiento entre los motivos.<\/p>\n\n\n\n<p>Uno de los medios provinciales que dio cuenta del asunto fue \u201cInfoCielo\u201d. All\u00ed expresan que \u201cEl representante local de la l\u00ednea 256, Ren\u00e9 Pancaldi, admiti\u00f3 que \u201clos n\u00fameros no dan\u201d y que el negocio no es rentable. Eso llev\u00f3 a determinar el fin del servicio, que perjudicar\u00e1 gravemente a cientos de usuarios\u201d, expusieron en el mencionado medio.<\/p>\n\n\n\n<p>Mientras tanto rige el alerta en\nGoldney, Gowland, Luj\u00e1n y Olivera, siendo localidades que eran unidas (adem\u00e1s\ndel 57) por esta empresa. <\/p>\n","protected":false},"excerpt":{"rendered":"<p>En las \u00faltimas horas se supo que cierra \u201cLa Flor de Luj\u00e1n\u201d. La l\u00ednea dejara de brindar el servicio porque &#8230; <a title=\"Podr\u00eda cerrar \u00abLa Flor de Luj\u00e1n\u00bb\" class=\"read-more\" href=\"https:\/\/www.hoymercedes.com.ar\/principal\/2019\/04\/24\/podria-cerrar-la-flor-de-lujan\/\" aria-label=\"Leer m\u00e1s sobre Podr\u00eda cerrar \u00abLa Flor de Luj\u00e1n\u00bb\">Leer m\u00e1s<\/a><\/p>\n","protected":false},"author":1,"featured_media":24963,"comment_status":"closed","ping_status":"open","sticky":false,"template":"","format":"standard","meta":{"_monsterinsights_skip_tracking":false,"_monsterinsights_sitenote_active":false,"_monsterinsights_sitenote_note":"","_monsterinsights_sitenote_category":0,"jetpack_post_was_ever_published":false,"_jetpack_newsletter_access":"","_jetpack_dont_email_post_to_subs":false,"_jetpack_newsletter_tier_id":0,"_jetpack_memberships_contains_paywalled_content":false,"_jetpack_memberships_contains_paid_content":false,"footnotes":"","jetpack_publicize_message":"","jetpack_publicize_feature_enabled":true,"jetpack_social_post_already_shared":true,"jetpack_social_options":{"image_generator_settings":{"template":"highway","default_image_id":0,"font":"","enabled":false},"version":2},"_wpas_customize_per_network":false},"categories":[8],"tags":[7552],"class_list":["post-91878","post","type-post","status-publish","format-standard","has-post-thumbnail","hentry","category-sociedad","tag-crisis-del-transporte","generate-columns","tablet-grid-50","mobile-grid-100","grid-parent","grid-50"],"jetpack_publicize_connections":[],"jetpack_featured_media_url":"https:\/\/www.hoymercedes.com.ar\/principal\/wp-content\/uploads\/2013\/08\/FlordeLuj\u00e1n.jpg","wps_subtitle":"Crisis social ","jetpack_sharing_enabled":true,"_links":{"self":[{"href":"https:\/\/www.hoymercedes.com.ar\/principal\/wp-json\/wp\/v2\/posts\/91878","targetHints":{"allow":["GET"]}}],"collection":[{"href":"https:\/\/www.hoymercedes.com.ar\/principal\/wp-json\/wp\/v2\/posts"}],"about":[{"href":"https:\/\/www.hoymercedes.com.ar\/principal\/wp-json\/wp\/v2\/types\/post"}],"author":[{"embeddable":true,"href":"https:\/\/www.hoymercedes.com.ar\/principal\/wp-json\/wp\/v2\/users\/1"}],"replies":[{"embeddable":true,"href":"https:\/\/www.hoymercedes.com.ar\/principal\/wp-json\/wp\/v2\/comments?post=91878"}],"version-history":[{"count":0,"href":"https:\/\/www.hoymercedes.com.ar\/principal\/wp-json\/wp\/v2\/posts\/91878\/revisions"}],"wp:featuredmedia":[{"embeddable":true,"href":"https:\/\/www.hoymercedes.com.ar\/principal\/wp-json\/wp\/v2\/media\/24963"}],"wp:attachment":[{"href":"https:\/\/www.hoymercedes.com.ar\/principal\/wp-json\/wp\/v2\/media?parent=91878"}],"wp:term":[{"taxonomy":"category","embeddable":true,"href":"https:\/\/www.hoymercedes.com.ar\/principal\/wp-json\/wp\/v2\/categories?post=91878"},{"taxonomy":"post_tag","embeddable":true,"href":"https:\/\/www.hoymercedes.com.ar\/principal\/wp-json\/wp\/v2\/tags?post=91878"}],"curies":[{"name":"wp","href":"https:\/\/api.w.org\/{rel}","templated":true}]}}