{"id":91891,"date":"2019-04-26T11:59:27","date_gmt":"2019-04-26T14:59:27","guid":{"rendered":"http:\/\/www.hoymercedes.com.ar\/principal\/?p=91891"},"modified":"2019-04-24T20:36:07","modified_gmt":"2019-04-24T23:36:07","slug":"debora-martinelli-tercera-en-lanzamiento-de-bala-en-el-cenard","status":"publish","type":"post","link":"https:\/\/www.hoymercedes.com.ar\/principal\/2019\/04\/26\/debora-martinelli-tercera-en-lanzamiento-de-bala-en-el-cenard\/","title":{"rendered":"D\u00e9bora Martinelli, tercera en Lanzamiento de Bala en el CENARD"},"content":{"rendered":"\n<p>Por Iv\u00e1n Alday (Todo el Deporte Est\u00e1 Ac\u00e1).  La atleta mercedina D\u00e9bora Martinelli fue invitada por la Federaci\u00f3n Metropolitana de Atletismo para disputar la competencia en Lanzamiento de Bala.<\/p>\n\n\n\n<div class=\"wp-block-image\"><figure class=\"aligncenter\"><img loading=\"lazy\" decoding=\"async\" width=\"456\" height=\"346\" data-attachment-id=\"91892\" data-permalink=\"https:\/\/www.hoymercedes.com.ar\/principal\/2019\/04\/26\/debora-martinelli-tercera-en-lanzamiento-de-bala-en-el-cenard\/debora-martinelli-cenard\/#main\" data-orig-file=\"https:\/\/www.hoymercedes.com.ar\/principal\/wp-content\/uploads\/2019\/04\/Debora-MArtinelli-Cenard.jpg\" data-orig-size=\"456,346\" data-comments-opened=\"0\" data-image-meta=\"{&quot;aperture&quot;:&quot;0&quot;,&quot;credit&quot;:&quot;&quot;,&quot;camera&quot;:&quot;&quot;,&quot;caption&quot;:&quot;&quot;,&quot;created_timestamp&quot;:&quot;0&quot;,&quot;copyright&quot;:&quot;&quot;,&quot;focal_length&quot;:&quot;0&quot;,&quot;iso&quot;:&quot;0&quot;,&quot;shutter_speed&quot;:&quot;0&quot;,&quot;title&quot;:&quot;&quot;,&quot;orientation&quot;:&quot;0&quot;}\" data-image-title=\"Debora MArtinelli Cenard\" data-image-description=\"\" data-image-caption=\"\" data-large-file=\"https:\/\/www.hoymercedes.com.ar\/principal\/wp-content\/uploads\/2019\/04\/Debora-MArtinelli-Cenard.jpg\" src=\"https:\/\/www.hoymercedes.com.ar\/principal\/wp-content\/uploads\/2019\/04\/Debora-MArtinelli-Cenard.jpg\" alt=\"\" class=\"wp-image-91892\" srcset=\"https:\/\/www.hoymercedes.com.ar\/principal\/wp-content\/uploads\/2019\/04\/Debora-MArtinelli-Cenard.jpg 456w, https:\/\/www.hoymercedes.com.ar\/principal\/wp-content\/uploads\/2019\/04\/Debora-MArtinelli-Cenard-150x114.jpg 150w, https:\/\/www.hoymercedes.com.ar\/principal\/wp-content\/uploads\/2019\/04\/Debora-MArtinelli-Cenard-100x75.jpg 100w\" sizes=\"auto, (max-width: 456px) 100vw, 456px\" \/><\/figure><\/div>\n\n\n\n<p>Acompa\u00f1ada por Daniela Libares y Romina Fern\u00e1ndez, afront\u00f3 un nuevo paso en este a\u00f1o en d\u00f3nde las miradas est\u00e1n puestas del 17 al 19 de mayo en la posibilidad Internacional que llegar\u00e1 desde Uruguay, en representaci\u00f3n de nuestro pa\u00eds lanzar\u00e1 Disco y Bala.<\/p>\n\n\n\n<p>En contacto con nuestro espacio D\u00e9bora manifest\u00f3: \u00abCon respecto a lo del fin de semana compet\u00ed en bala. Tuve un buen entrenamiento por lo que me conf\u00ede que pod\u00eda mantener la marca personal pero no pudo ser\u00bb.<\/p>\n\n\n\n<p>En una competencia que tuvo m\u00e1s de 10 participantes fue tercera en la disciplina. \u00abLamentablemente los costos est\u00e1n m\u00e1s altos, los auspiciantes ponen su apoyo al f\u00fatbol dejando de lado al deporte amateur, por lo que para participar deb\u00ed abonar una inscripci\u00f3n para competir\u00bb, sentenci\u00f3 Martinelli al cierre del contacto con <a href=\"https:\/\/www.facebook.com\/hashtag\/tdea?source=feed_text&amp;epa=HASHTAG&amp;__xts__%5B0%5D=68.ARDeeqTMx1qqwEHNyHRg-_Yu1zgsApnHTcskGvGt72ooYRk2TcIp-GUizEBMcMlW1TlknGsw6zxF2rig29GdcogcghqyfX_4kJqh2uu4ow6M3u6wToZcoXWRDhwZfh_52-zZKQp1KDSpTAMNxgrnDvit6g6B1a84Qyla_5ghY9lX_vi88Z4GjKG61IY4_53VXTBqizoVJDztZ7ncCgFsO4TGNd0toRWjRlZ-B3ZDvzbv5FH0SuHonUkeAlejs-b0oV2s3w3LDuUKNBua1GKqYksnxEtACmUBA7zd8p1FWCskIaCO8cRoHL7mF9Zi8fvbmvKI57QgL9gx434T_wlLiMI&amp;__tn__=%2ANK-R\" target=\"_blank\" rel=\"noopener\">#TDEA<\/a>.<\/p>\n\n\n\n<p>Ahora, los ca\u00f1ones apuntan al Uruguay. Vale recordar que est\u00e1 abierta la chance de colaborar con ella ya sea con dinero, indumentar\u00eda o publicidad de cara a este nuevo torneo a trav\u00e9s de las redes sociales.<\/p>\n","protected":false},"excerpt":{"rendered":"<p>Por Iv\u00e1n Alday (Todo el Deporte Est\u00e1 Ac\u00e1). La atleta mercedina D\u00e9bora Martinelli fue invitada por la Federaci\u00f3n Metropolitana de &#8230; <a title=\"D\u00e9bora Martinelli, tercera en Lanzamiento de Bala en el CENARD\" class=\"read-more\" href=\"https:\/\/www.hoymercedes.com.ar\/principal\/2019\/04\/26\/debora-martinelli-tercera-en-lanzamiento-de-bala-en-el-cenard\/\" aria-label=\"Leer m\u00e1s sobre D\u00e9bora Martinelli, tercera en Lanzamiento de Bala en el CENARD\">Leer m\u00e1s<\/a><\/p>\n","protected":false},"author":1,"featured_media":91892,"comment_status":"closed","ping_status":"open","sticky":false,"template":"","format":"standard","meta":{"_monsterinsights_skip_tracking":false,"_monsterinsights_sitenote_active":false,"_monsterinsights_sitenote_note":"","_monsterinsights_sitenote_category":0,"jetpack_post_was_ever_published":false,"_jetpack_newsletter_access":"","_jetpack_dont_email_post_to_subs":false,"_jetpack_newsletter_tier_id":0,"_jetpack_memberships_contains_paywalled_content":false,"_jetpack_memberships_contains_paid_content":false,"footnotes":"","jetpack_publicize_message":"","jetpack_publicize_feature_enabled":true,"jetpack_social_post_already_shared":true,"jetpack_social_options":{"image_generator_settings":{"template":"highway","default_image_id":0,"font":"","enabled":false},"version":2},"_wpas_customize_per_network":false},"categories":[21],"tags":[14148],"class_list":["post-91891","post","type-post","status-publish","format-standard","has-post-thumbnail","hentry","category-deportes","tag-debora-martinelli","generate-columns","tablet-grid-50","mobile-grid-100","grid-parent","grid-50"],"jetpack_publicize_connections":[],"jetpack_featured_media_url":"https:\/\/www.hoymercedes.com.ar\/principal\/wp-content\/uploads\/2019\/04\/Debora-MArtinelli-Cenard.jpg","wps_subtitle":"Atletismo","jetpack_sharing_enabled":true,"_links":{"self":[{"href":"https:\/\/www.hoymercedes.com.ar\/principal\/wp-json\/wp\/v2\/posts\/91891","targetHints":{"allow":["GET"]}}],"collection":[{"href":"https:\/\/www.hoymercedes.com.ar\/principal\/wp-json\/wp\/v2\/posts"}],"about":[{"href":"https:\/\/www.hoymercedes.com.ar\/principal\/wp-json\/wp\/v2\/types\/post"}],"author":[{"embeddable":true,"href":"https:\/\/www.hoymercedes.com.ar\/principal\/wp-json\/wp\/v2\/users\/1"}],"replies":[{"embeddable":true,"href":"https:\/\/www.hoymercedes.com.ar\/principal\/wp-json\/wp\/v2\/comments?post=91891"}],"version-history":[{"count":0,"href":"https:\/\/www.hoymercedes.com.ar\/principal\/wp-json\/wp\/v2\/posts\/91891\/revisions"}],"wp:featuredmedia":[{"embeddable":true,"href":"https:\/\/www.hoymercedes.com.ar\/principal\/wp-json\/wp\/v2\/media\/91892"}],"wp:attachment":[{"href":"https:\/\/www.hoymercedes.com.ar\/principal\/wp-json\/wp\/v2\/media?parent=91891"}],"wp:term":[{"taxonomy":"category","embeddable":true,"href":"https:\/\/www.hoymercedes.com.ar\/principal\/wp-json\/wp\/v2\/categories?post=91891"},{"taxonomy":"post_tag","embeddable":true,"href":"https:\/\/www.hoymercedes.com.ar\/principal\/wp-json\/wp\/v2\/tags?post=91891"}],"curies":[{"name":"wp","href":"https:\/\/api.w.org\/{rel}","templated":true}]}}