{"id":91895,"date":"2019-04-26T15:26:37","date_gmt":"2019-04-26T18:26:37","guid":{"rendered":"http:\/\/www.hoymercedes.com.ar\/principal\/?p=91895"},"modified":"2019-04-26T14:51:39","modified_gmt":"2019-04-26T17:51:39","slug":"el-independiente-de-sucre-de-chinchu-rodriguez-nuevo-lider-en-bolivia","status":"publish","type":"post","link":"https:\/\/www.hoymercedes.com.ar\/principal\/2019\/04\/26\/el-independiente-de-sucre-de-chinchu-rodriguez-nuevo-lider-en-bolivia\/","title":{"rendered":"El Independiente de Sucre de \u00abChinchu\u00bb Rodr\u00edguez, nuevo l\u00edder en Bolivia"},"content":{"rendered":"\n<p>Correo Del Sur. Independiente tom\u00f3 este s\u00e1bado el liderato de la Primera A del f\u00fatbol chuquisaque\u00f1o luego de disputarse la primera jornada de la fecha 9 en el estadio Patria.<\/p>\n\n\n\n<figure class=\"wp-block-image\"><img loading=\"lazy\" decoding=\"async\" width=\"690\" height=\"464\" data-attachment-id=\"91896\" data-permalink=\"https:\/\/www.hoymercedes.com.ar\/principal\/2019\/04\/26\/el-independiente-de-sucre-de-chinchu-rodriguez-nuevo-lider-en-bolivia\/esteban-rodriguez-festejo-independiente\/#main\" data-orig-file=\"https:\/\/www.hoymercedes.com.ar\/principal\/wp-content\/uploads\/2019\/04\/Esteban-Rodriguez-festejo-Independiente.jpg\" data-orig-size=\"690,464\" data-comments-opened=\"0\" data-image-meta=\"{&quot;aperture&quot;:&quot;0&quot;,&quot;credit&quot;:&quot;&quot;,&quot;camera&quot;:&quot;&quot;,&quot;caption&quot;:&quot;&quot;,&quot;created_timestamp&quot;:&quot;0&quot;,&quot;copyright&quot;:&quot;&quot;,&quot;focal_length&quot;:&quot;0&quot;,&quot;iso&quot;:&quot;0&quot;,&quot;shutter_speed&quot;:&quot;0&quot;,&quot;title&quot;:&quot;&quot;,&quot;orientation&quot;:&quot;0&quot;}\" data-image-title=\"Esteban Rodriguez festejo Independiente\" data-image-description=\"\" data-image-caption=\"\" data-large-file=\"https:\/\/www.hoymercedes.com.ar\/principal\/wp-content\/uploads\/2019\/04\/Esteban-Rodriguez-festejo-Independiente.jpg\" src=\"https:\/\/www.hoymercedes.com.ar\/principal\/wp-content\/uploads\/2019\/04\/Esteban-Rodriguez-festejo-Independiente.jpg\" alt=\"\" class=\"wp-image-91896\" srcset=\"https:\/\/www.hoymercedes.com.ar\/principal\/wp-content\/uploads\/2019\/04\/Esteban-Rodriguez-festejo-Independiente.jpg 690w, https:\/\/www.hoymercedes.com.ar\/principal\/wp-content\/uploads\/2019\/04\/Esteban-Rodriguez-festejo-Independiente-150x101.jpg 150w, https:\/\/www.hoymercedes.com.ar\/principal\/wp-content\/uploads\/2019\/04\/Esteban-Rodriguez-festejo-Independiente-630x424.jpg 630w\" sizes=\"auto, (max-width: 690px) 100vw, 690px\" \/><\/figure>\n\n\n\n<p>El cuadro albirrojo venci\u00f3 sin contemplaciones al cuadro de Flamengo por 4-0, con goles del argentino Nicol\u00e1s Rodr\u00edguez, del chuquisaque\u00f1o Gast\u00f3n Mealla y del paraguayo Juan Godoy, este \u00faltimo en dos oportunidades.<\/p>\n\n\n\n<p>Con esta victoria, el cuadro dirigido por Marcelo Robledo suma 21 puntos, superando a Universitario que tiene 19 y Deportivo Alem\u00e1n 18, aunque estos \u00faltimos jugar\u00e1n reci\u00e9n este domingo y podr\u00edan recuperar los puestos de privilegio.<\/p>\n\n\n\n<p>De todas formas, el Matador tiene todav\u00eda pendiente un partido, lo que hace anticipar que podr\u00eda consolidarse en la punta en la recta final del campeonato.<\/p>\n\n\n\n<p>Este partido fue el \u00fanico disputado en el \u00f3valo central estadio Patria, mientras que otros dos cotejos se jugaron en la cancha auxiliar, donde Viveros y Jun\u00edn empataron a un gol&nbsp;y Stormer\u2019s someti\u00f3 a Nacional Sucre por 3-1.<\/p>\n","protected":false},"excerpt":{"rendered":"<p>Correo Del Sur. Independiente tom\u00f3 este s\u00e1bado el liderato de la Primera A del f\u00fatbol chuquisaque\u00f1o luego de disputarse la &#8230; <a title=\"El Independiente de Sucre de \u00abChinchu\u00bb Rodr\u00edguez, nuevo l\u00edder en Bolivia\" class=\"read-more\" href=\"https:\/\/www.hoymercedes.com.ar\/principal\/2019\/04\/26\/el-independiente-de-sucre-de-chinchu-rodriguez-nuevo-lider-en-bolivia\/\" aria-label=\"Leer m\u00e1s sobre El Independiente de Sucre de \u00abChinchu\u00bb Rodr\u00edguez, nuevo l\u00edder en Bolivia\">Leer m\u00e1s<\/a><\/p>\n","protected":false},"author":1,"featured_media":91896,"comment_status":"closed","ping_status":"open","sticky":false,"template":"","format":"standard","meta":{"_monsterinsights_skip_tracking":false,"_monsterinsights_sitenote_active":false,"_monsterinsights_sitenote_note":"","_monsterinsights_sitenote_category":0,"jetpack_post_was_ever_published":false,"_jetpack_newsletter_access":"","_jetpack_dont_email_post_to_subs":false,"_jetpack_newsletter_tier_id":0,"_jetpack_memberships_contains_paywalled_content":false,"_jetpack_memberships_contains_paid_content":false,"footnotes":"","jetpack_publicize_message":"","jetpack_publicize_feature_enabled":true,"jetpack_social_post_already_shared":true,"jetpack_social_options":{"image_generator_settings":{"template":"highway","default_image_id":0,"font":"","enabled":false},"version":2},"_wpas_customize_per_network":false},"categories":[21],"tags":[14766,14937,14938],"class_list":["post-91895","post","type-post","status-publish","format-standard","has-post-thumbnail","hentry","category-deportes","tag-esteban-chinchu-rodriguez","tag-independiente-de-sucre","tag-liga-chuquisaquena","generate-columns","tablet-grid-50","mobile-grid-100","grid-parent","grid-50"],"jetpack_publicize_connections":[],"jetpack_featured_media_url":"https:\/\/www.hoymercedes.com.ar\/principal\/wp-content\/uploads\/2019\/04\/Esteban-Rodriguez-festejo-Independiente.jpg","wps_subtitle":"La Legi\u00f3n","jetpack_sharing_enabled":true,"_links":{"self":[{"href":"https:\/\/www.hoymercedes.com.ar\/principal\/wp-json\/wp\/v2\/posts\/91895","targetHints":{"allow":["GET"]}}],"collection":[{"href":"https:\/\/www.hoymercedes.com.ar\/principal\/wp-json\/wp\/v2\/posts"}],"about":[{"href":"https:\/\/www.hoymercedes.com.ar\/principal\/wp-json\/wp\/v2\/types\/post"}],"author":[{"embeddable":true,"href":"https:\/\/www.hoymercedes.com.ar\/principal\/wp-json\/wp\/v2\/users\/1"}],"replies":[{"embeddable":true,"href":"https:\/\/www.hoymercedes.com.ar\/principal\/wp-json\/wp\/v2\/comments?post=91895"}],"version-history":[{"count":0,"href":"https:\/\/www.hoymercedes.com.ar\/principal\/wp-json\/wp\/v2\/posts\/91895\/revisions"}],"wp:featuredmedia":[{"embeddable":true,"href":"https:\/\/www.hoymercedes.com.ar\/principal\/wp-json\/wp\/v2\/media\/91896"}],"wp:attachment":[{"href":"https:\/\/www.hoymercedes.com.ar\/principal\/wp-json\/wp\/v2\/media?parent=91895"}],"wp:term":[{"taxonomy":"category","embeddable":true,"href":"https:\/\/www.hoymercedes.com.ar\/principal\/wp-json\/wp\/v2\/categories?post=91895"},{"taxonomy":"post_tag","embeddable":true,"href":"https:\/\/www.hoymercedes.com.ar\/principal\/wp-json\/wp\/v2\/tags?post=91895"}],"curies":[{"name":"wp","href":"https:\/\/api.w.org\/{rel}","templated":true}]}}