{"id":91900,"date":"2019-04-24T20:56:51","date_gmt":"2019-04-24T23:56:51","guid":{"rendered":"http:\/\/www.hoymercedes.com.ar\/principal\/?p=91900"},"modified":"2019-04-24T22:57:17","modified_gmt":"2019-04-25T01:57:17","slug":"el-ciclista-gino-tornesse-sufrio-un-accidente-en-la-ruta-42","status":"publish","type":"post","link":"https:\/\/www.hoymercedes.com.ar\/principal\/2019\/04\/24\/el-ciclista-gino-tornesse-sufrio-un-accidente-en-la-ruta-42\/","title":{"rendered":"El ciclista Gino Tornesse sufri\u00f3 un accidente en la Ruta 42"},"content":{"rendered":"\n<p>El joven ciclista Gino Tornesse, intengrante del equipo Ciudad de Mercedes, que particip\u00f3 de la \u00faltima Doble Bragado, sufri\u00f3 un accidente sobre la ruta provincial 42, a la altura del Club de Polo.<\/p>\n\n\n\n<figure class=\"wp-block-image\"><img loading=\"lazy\" decoding=\"async\" width=\"576\" height=\"1024\" data-attachment-id=\"91901\" data-permalink=\"https:\/\/www.hoymercedes.com.ar\/principal\/2019\/04\/24\/el-ciclista-gino-tornesse-sufrio-un-accidente-en-la-ruta-42\/whatsapp-image-2019-04-23-at-21-28-47\/#main\" data-orig-file=\"https:\/\/www.hoymercedes.com.ar\/principal\/wp-content\/uploads\/2019\/04\/WhatsApp-Image-2019-04-23-at-21.28.47.jpeg\" data-orig-size=\"581,1032\" data-comments-opened=\"0\" data-image-meta=\"{&quot;aperture&quot;:&quot;0&quot;,&quot;credit&quot;:&quot;&quot;,&quot;camera&quot;:&quot;&quot;,&quot;caption&quot;:&quot;&quot;,&quot;created_timestamp&quot;:&quot;0&quot;,&quot;copyright&quot;:&quot;&quot;,&quot;focal_length&quot;:&quot;0&quot;,&quot;iso&quot;:&quot;0&quot;,&quot;shutter_speed&quot;:&quot;0&quot;,&quot;title&quot;:&quot;&quot;,&quot;orientation&quot;:&quot;0&quot;}\" data-image-title=\"WhatsApp Image 2019-04-23 at 21.28.47\" data-image-description=\"\" data-image-caption=\"\" data-large-file=\"https:\/\/www.hoymercedes.com.ar\/principal\/wp-content\/uploads\/2019\/04\/WhatsApp-Image-2019-04-23-at-21.28.47-576x1024.jpeg\" src=\"https:\/\/www.hoymercedes.com.ar\/principal\/wp-content\/uploads\/2019\/04\/WhatsApp-Image-2019-04-23-at-21.28.47-576x1024.jpeg\" alt=\"\" class=\"wp-image-91901\" srcset=\"https:\/\/www.hoymercedes.com.ar\/principal\/wp-content\/uploads\/2019\/04\/WhatsApp-Image-2019-04-23-at-21.28.47-576x1024.jpeg 576w, https:\/\/www.hoymercedes.com.ar\/principal\/wp-content\/uploads\/2019\/04\/WhatsApp-Image-2019-04-23-at-21.28.47-84x150.jpeg 84w, https:\/\/www.hoymercedes.com.ar\/principal\/wp-content\/uploads\/2019\/04\/WhatsApp-Image-2019-04-23-at-21.28.47-349x620.jpeg 349w, https:\/\/www.hoymercedes.com.ar\/principal\/wp-content\/uploads\/2019\/04\/WhatsApp-Image-2019-04-23-at-21.28.47.jpeg 581w\" sizes=\"auto, (max-width: 576px) 100vw, 576px\" \/><\/figure>\n\n\n\n<p> El hecho ocurri\u00f3 este martes, cerca de las 18, cuando circulaba por el asfalto y fue embestido por un autom\u00f3vil, mientras entrenaba. En ese momento, Tornesse volv\u00eda de Tom\u00e1s Jofr\u00e9.<\/p>\n\n\n\n<p>El conductor del movil se detuvo a asistirlo. Fue trasladado al  Hospital Blas Dubarry, donde le realizaron una tomograf\u00eda por dolores en la espalda pero los resultados del estudio fueron positivos. <\/p>\n\n\n\n<p>Ahora se recupera satisfactoriamente de los golpes y raspones sufridos.<\/p>\n","protected":false},"excerpt":{"rendered":"<p>El joven ciclista Gino Tornesse, intengrante del equipo Ciudad de Mercedes, que particip\u00f3 de la \u00faltima Doble Bragado, sufri\u00f3 un &#8230; <a title=\"El ciclista Gino Tornesse sufri\u00f3 un accidente en la Ruta 42\" class=\"read-more\" href=\"https:\/\/www.hoymercedes.com.ar\/principal\/2019\/04\/24\/el-ciclista-gino-tornesse-sufrio-un-accidente-en-la-ruta-42\/\" aria-label=\"Leer m\u00e1s sobre El ciclista Gino Tornesse sufri\u00f3 un accidente en la Ruta 42\">Leer m\u00e1s<\/a><\/p>\n","protected":false},"author":1,"featured_media":91901,"comment_status":"closed","ping_status":"open","sticky":false,"template":"","format":"standard","meta":{"_monsterinsights_skip_tracking":false,"_monsterinsights_sitenote_active":false,"_monsterinsights_sitenote_note":"","_monsterinsights_sitenote_category":0,"jetpack_post_was_ever_published":false,"_jetpack_newsletter_access":"","_jetpack_dont_email_post_to_subs":false,"_jetpack_newsletter_tier_id":0,"_jetpack_memberships_contains_paywalled_content":false,"_jetpack_memberships_contains_paid_content":false,"footnotes":"","jetpack_publicize_message":"","jetpack_publicize_feature_enabled":true,"jetpack_social_post_already_shared":true,"jetpack_social_options":{"image_generator_settings":{"template":"highway","default_image_id":0,"font":"","enabled":false},"version":2},"_wpas_customize_per_network":false},"categories":[21],"tags":[367,14940],"class_list":["post-91900","post","type-post","status-publish","format-standard","has-post-thumbnail","hentry","category-deportes","tag-doble-bragado","tag-gino-tornesse","generate-columns","tablet-grid-50","mobile-grid-100","grid-parent","grid-50"],"jetpack_publicize_connections":[],"jetpack_featured_media_url":"https:\/\/www.hoymercedes.com.ar\/principal\/wp-content\/uploads\/2019\/04\/WhatsApp-Image-2019-04-23-at-21.28.47.jpeg","wps_subtitle":"Ciclismo","jetpack_sharing_enabled":true,"_links":{"self":[{"href":"https:\/\/www.hoymercedes.com.ar\/principal\/wp-json\/wp\/v2\/posts\/91900","targetHints":{"allow":["GET"]}}],"collection":[{"href":"https:\/\/www.hoymercedes.com.ar\/principal\/wp-json\/wp\/v2\/posts"}],"about":[{"href":"https:\/\/www.hoymercedes.com.ar\/principal\/wp-json\/wp\/v2\/types\/post"}],"author":[{"embeddable":true,"href":"https:\/\/www.hoymercedes.com.ar\/principal\/wp-json\/wp\/v2\/users\/1"}],"replies":[{"embeddable":true,"href":"https:\/\/www.hoymercedes.com.ar\/principal\/wp-json\/wp\/v2\/comments?post=91900"}],"version-history":[{"count":0,"href":"https:\/\/www.hoymercedes.com.ar\/principal\/wp-json\/wp\/v2\/posts\/91900\/revisions"}],"wp:featuredmedia":[{"embeddable":true,"href":"https:\/\/www.hoymercedes.com.ar\/principal\/wp-json\/wp\/v2\/media\/91901"}],"wp:attachment":[{"href":"https:\/\/www.hoymercedes.com.ar\/principal\/wp-json\/wp\/v2\/media?parent=91900"}],"wp:term":[{"taxonomy":"category","embeddable":true,"href":"https:\/\/www.hoymercedes.com.ar\/principal\/wp-json\/wp\/v2\/categories?post=91900"},{"taxonomy":"post_tag","embeddable":true,"href":"https:\/\/www.hoymercedes.com.ar\/principal\/wp-json\/wp\/v2\/tags?post=91900"}],"curies":[{"name":"wp","href":"https:\/\/api.w.org\/{rel}","templated":true}]}}