{"id":91915,"date":"2019-04-25T09:32:01","date_gmt":"2019-04-25T12:32:01","guid":{"rendered":"http:\/\/www.hoymercedes.com.ar\/principal\/?p=91915"},"modified":"2019-04-25T14:56:29","modified_gmt":"2019-04-25T17:56:29","slug":"allanan-comercio-de-venta-de-indumentaria-deportiva-apocrifa","status":"publish","type":"post","link":"https:\/\/www.hoymercedes.com.ar\/principal\/2019\/04\/25\/allanan-comercio-de-venta-de-indumentaria-deportiva-apocrifa\/","title":{"rendered":"Allanan comercio de venta de indumentaria deportiva ap\u00f3crifa"},"content":{"rendered":"\n<p>La Delegaci\u00f3n Mercedes de la Polic\u00eda Federal Argentina allan\u00f3 un local c\u00e9ntrico de venta de indumentaria deportiva. El operativo se realiz\u00f3 en la tarde del lunes \u00faltimo ante la intervenci\u00f3n del Juzgado Federal por la infracci\u00f3n a la Ley 22362 (Ley de Marcas y Designaciones).<\/p>\n\n\n\n<figure class=\"wp-block-image\"><img loading=\"lazy\" decoding=\"async\" width=\"750\" height=\"501\" data-attachment-id=\"91917\" data-permalink=\"https:\/\/www.hoymercedes.com.ar\/principal\/2019\/04\/25\/allanan-comercio-de-venta-de-indumentaria-deportiva-apocrifa\/25-federall-2\/#main\" data-orig-file=\"https:\/\/www.hoymercedes.com.ar\/principal\/wp-content\/uploads\/2019\/04\/25-federall-2.jpg\" data-orig-size=\"750,501\" data-comments-opened=\"0\" data-image-meta=\"{&quot;aperture&quot;:&quot;0&quot;,&quot;credit&quot;:&quot;&quot;,&quot;camera&quot;:&quot;&quot;,&quot;caption&quot;:&quot;&quot;,&quot;created_timestamp&quot;:&quot;0&quot;,&quot;copyright&quot;:&quot;&quot;,&quot;focal_length&quot;:&quot;0&quot;,&quot;iso&quot;:&quot;0&quot;,&quot;shutter_speed&quot;:&quot;0&quot;,&quot;title&quot;:&quot;&quot;,&quot;orientation&quot;:&quot;0&quot;}\" data-image-title=\"25 federall 2\" data-image-description=\"\" data-image-caption=\"\" data-large-file=\"https:\/\/www.hoymercedes.com.ar\/principal\/wp-content\/uploads\/2019\/04\/25-federall-2.jpg\" src=\"https:\/\/www.hoymercedes.com.ar\/principal\/wp-content\/uploads\/2019\/04\/25-federall-2.jpg\" alt=\"\" class=\"wp-image-91917\" srcset=\"https:\/\/www.hoymercedes.com.ar\/principal\/wp-content\/uploads\/2019\/04\/25-federall-2.jpg 750w, https:\/\/www.hoymercedes.com.ar\/principal\/wp-content\/uploads\/2019\/04\/25-federall-2-150x100.jpg 150w, https:\/\/www.hoymercedes.com.ar\/principal\/wp-content\/uploads\/2019\/04\/25-federall-2-630x421.jpg 630w, https:\/\/www.hoymercedes.com.ar\/principal\/wp-content\/uploads\/2019\/04\/25-federall-2-720x480.jpg 720w, https:\/\/www.hoymercedes.com.ar\/principal\/wp-content\/uploads\/2019\/04\/25-federall-2-360x240.jpg 360w\" sizes=\"auto, (max-width: 750px) 100vw, 750px\" \/><\/figure>\n\n\n\n<p>Personal de la unidad de investigaciones criminales, desde hace aproximadamente quince d\u00edas, realizaba tareas investigativas por la presunta comercializaci\u00f3n de indumentaria ap\u00f3crifa, la cual pose\u00eda grabados y estampados adulterados de importantes marcas, violando as\u00ed la ley citada.<\/p>\n\n\n\n<p>Con todo lo actuado, el Fiscal Federal actuante, Dr. N\u00e9stor Pablo Barral,  dispuso que el personal interventor proceda al allanamiento del local comercial, procediendo a la aprehensi\u00f3n del responsable-vendedor y al secuestro de las prendas de vestir.<\/p>\n\n\n\n<p>Es as\u00ed que\npersonal de esa fuerza federal, procedi\u00f3 a dar cumplimiento a la orden de\nallanamiento, logrando la aprehensi\u00f3n de una persona del sexo femenino, mayor\nde edad de nacionalidad Boliviana, y al secuestro de una importante cantidad de\nprendas de indumentaria deportiva, como camisetas, zapatillas, pantalones y\ncamperas entre otros, por un valor aproximado a los 4 millones de pesos. <\/p>\n\n\n\n<p>Intervino el Juzgado Federal de Mercedes, A\/C Juez Subrogante Dr. N\u00e9stor Pablo Barral, Sec. N\u00b0 2 A\/C Dr. Guillermo Scheider, quien caratul\u00f3 la causa \u201cAv. Inf. Ley 22.362\u201d<\/p>\n\n\n\n<p>Fuente: Polic\u00eda Federal<\/p>\n\n\n\n<figure class=\"wp-block-image\"><img loading=\"lazy\" decoding=\"async\" width=\"750\" height=\"501\" data-attachment-id=\"91917\" data-permalink=\"https:\/\/www.hoymercedes.com.ar\/principal\/2019\/04\/25\/allanan-comercio-de-venta-de-indumentaria-deportiva-apocrifa\/25-federall-2\/#main\" data-orig-file=\"https:\/\/www.hoymercedes.com.ar\/principal\/wp-content\/uploads\/2019\/04\/25-federall-2.jpg\" data-orig-size=\"750,501\" data-comments-opened=\"0\" data-image-meta=\"{&quot;aperture&quot;:&quot;0&quot;,&quot;credit&quot;:&quot;&quot;,&quot;camera&quot;:&quot;&quot;,&quot;caption&quot;:&quot;&quot;,&quot;created_timestamp&quot;:&quot;0&quot;,&quot;copyright&quot;:&quot;&quot;,&quot;focal_length&quot;:&quot;0&quot;,&quot;iso&quot;:&quot;0&quot;,&quot;shutter_speed&quot;:&quot;0&quot;,&quot;title&quot;:&quot;&quot;,&quot;orientation&quot;:&quot;0&quot;}\" data-image-title=\"25 federall 2\" data-image-description=\"\" data-image-caption=\"\" data-large-file=\"https:\/\/www.hoymercedes.com.ar\/principal\/wp-content\/uploads\/2019\/04\/25-federall-2.jpg\" src=\"https:\/\/www.hoymercedes.com.ar\/principal\/wp-content\/uploads\/2019\/04\/25-federall-2.jpg\" alt=\"\" class=\"wp-image-91917\" srcset=\"https:\/\/www.hoymercedes.com.ar\/principal\/wp-content\/uploads\/2019\/04\/25-federall-2.jpg 750w, https:\/\/www.hoymercedes.com.ar\/principal\/wp-content\/uploads\/2019\/04\/25-federall-2-150x100.jpg 150w, https:\/\/www.hoymercedes.com.ar\/principal\/wp-content\/uploads\/2019\/04\/25-federall-2-630x421.jpg 630w, https:\/\/www.hoymercedes.com.ar\/principal\/wp-content\/uploads\/2019\/04\/25-federall-2-720x480.jpg 720w, https:\/\/www.hoymercedes.com.ar\/principal\/wp-content\/uploads\/2019\/04\/25-federall-2-360x240.jpg 360w\" sizes=\"auto, (max-width: 750px) 100vw, 750px\" \/><\/figure>\n","protected":false},"excerpt":{"rendered":"<p>La Delegaci\u00f3n Mercedes de la Polic\u00eda Federal Argentina allan\u00f3 un local c\u00e9ntrico de venta de indumentaria deportiva. El operativo se &#8230; <a title=\"Allanan comercio de venta de indumentaria deportiva ap\u00f3crifa\" class=\"read-more\" href=\"https:\/\/www.hoymercedes.com.ar\/principal\/2019\/04\/25\/allanan-comercio-de-venta-de-indumentaria-deportiva-apocrifa\/\" aria-label=\"Leer m\u00e1s sobre Allanan comercio de venta de indumentaria deportiva ap\u00f3crifa\">Leer m\u00e1s<\/a><\/p>\n","protected":false},"author":1,"featured_media":91916,"comment_status":"closed","ping_status":"open","sticky":false,"template":"","format":"standard","meta":{"_monsterinsights_skip_tracking":false,"_monsterinsights_sitenote_active":false,"_monsterinsights_sitenote_note":"","_monsterinsights_sitenote_category":0,"jetpack_post_was_ever_published":false,"_jetpack_newsletter_access":"","_jetpack_dont_email_post_to_subs":false,"_jetpack_newsletter_tier_id":0,"_jetpack_memberships_contains_paywalled_content":false,"_jetpack_memberships_contains_paid_content":false,"footnotes":"","jetpack_publicize_message":"","jetpack_publicize_feature_enabled":true,"jetpack_social_post_already_shared":true,"jetpack_social_options":{"image_generator_settings":{"template":"highway","default_image_id":0,"font":"","enabled":false},"version":2},"_wpas_customize_per_network":false},"categories":[85],"tags":[97,14944,6549,96],"class_list":["post-91915","post","type-post","status-publish","format-standard","has-post-thumbnail","hentry","category-policial","tag-allanamiento","tag-centro-comercial","tag-policia-federal","tag-policial-2","generate-columns","tablet-grid-50","mobile-grid-100","grid-parent","grid-50"],"jetpack_publicize_connections":[],"jetpack_featured_media_url":"https:\/\/www.hoymercedes.com.ar\/principal\/wp-content\/uploads\/2019\/04\/25-federall-1.jpg","wps_subtitle":"En un comercio c\u00e9ntrico","jetpack_sharing_enabled":true,"_links":{"self":[{"href":"https:\/\/www.hoymercedes.com.ar\/principal\/wp-json\/wp\/v2\/posts\/91915","targetHints":{"allow":["GET"]}}],"collection":[{"href":"https:\/\/www.hoymercedes.com.ar\/principal\/wp-json\/wp\/v2\/posts"}],"about":[{"href":"https:\/\/www.hoymercedes.com.ar\/principal\/wp-json\/wp\/v2\/types\/post"}],"author":[{"embeddable":true,"href":"https:\/\/www.hoymercedes.com.ar\/principal\/wp-json\/wp\/v2\/users\/1"}],"replies":[{"embeddable":true,"href":"https:\/\/www.hoymercedes.com.ar\/principal\/wp-json\/wp\/v2\/comments?post=91915"}],"version-history":[{"count":0,"href":"https:\/\/www.hoymercedes.com.ar\/principal\/wp-json\/wp\/v2\/posts\/91915\/revisions"}],"wp:featuredmedia":[{"embeddable":true,"href":"https:\/\/www.hoymercedes.com.ar\/principal\/wp-json\/wp\/v2\/media\/91916"}],"wp:attachment":[{"href":"https:\/\/www.hoymercedes.com.ar\/principal\/wp-json\/wp\/v2\/media?parent=91915"}],"wp:term":[{"taxonomy":"category","embeddable":true,"href":"https:\/\/www.hoymercedes.com.ar\/principal\/wp-json\/wp\/v2\/categories?post=91915"},{"taxonomy":"post_tag","embeddable":true,"href":"https:\/\/www.hoymercedes.com.ar\/principal\/wp-json\/wp\/v2\/tags?post=91915"}],"curies":[{"name":"wp","href":"https:\/\/api.w.org\/{rel}","templated":true}]}}