{"id":91924,"date":"2019-04-25T12:26:11","date_gmt":"2019-04-25T15:26:11","guid":{"rendered":"http:\/\/www.hoymercedes.com.ar\/principal\/?p=91924"},"modified":"2019-04-25T14:55:40","modified_gmt":"2019-04-25T17:55:40","slug":"granja-arco-iris-inauguro-nueva-sala","status":"publish","type":"post","link":"https:\/\/www.hoymercedes.com.ar\/principal\/2019\/04\/25\/granja-arco-iris-inauguro-nueva-sala\/","title":{"rendered":"Granja Arco Iris inaugur\u00f3 nueva sala"},"content":{"rendered":"\n<p>El Centro de D\u00eda Granja Arco Iris de Mercedes sum\u00f3 una nueva sala que le permitir\u00e1 la atenci\u00f3n de 20 personas adultas con distintas discapacidades. Con la habilitaci\u00f3n definitiva, desde el a\u00f1o pasado, la contraprestaci\u00f3n se realiza a trav\u00e9s de las obras sociales. <\/p>\n\n\n\n<p>La presidenta la Asociaci\u00f3n Civil Granja Arco Iris, Mar\u00eda de las Mercedes \u00abChicha\u00bb Caputo cont\u00f3 los logros de los \u00faltimos a\u00f1os en la instituci\u00f3n. Logros que le permitieron estar habilitados como Centro de D\u00eda y la atenci\u00f3n interdisciplinaria a los adultos con discapacidad. Enfatiz\u00f3 en la sala inaugurada creada a trav\u00e9s del cerramiento de un sector de la sala principal para lograr que haya dos espacio y as\u00ed tener actividades con dos grupos de diez personas cada uno. <\/p>\n\n\n\n<p>Ante los presentes, la titular de la instituci\u00f3n record\u00f3 el esfuerzo para lograr la habilitaci\u00f3n municipal, provincial y nacional, que le permiti\u00f3 el ingreso a trav\u00e9s de las obras sociales atendiendo ahora a trav\u00e9s de organismos como IOMA, PROFE, y a la espera de la confirmaci\u00f3n de PAMI. Asimismo, marc\u00f3 el crecimiento del Centro de D\u00eda con una directora, equipo de profesionales y talleristas que atienden las necesidades de las 16 personas con discapacidad que asisten a Granja Arco Iris.<\/p>\n\n\n\n<p>A su lado, la directora Valeria Vignau dio cuenta de las actividades que permitieron dar una muestra de los talleres que llevan adelante diariamente. Es as\u00ed que explic\u00f3 que en la nueva sala har\u00edan actividades de estimulaci\u00f3n, mientras que en sal\u00f3n principal, el profesor de Educaci\u00f3n F\u00edsica realizaba actividades deportivas con los asistentes a la Granja Arco Iris. <\/p>\n\n\n\n<p>El cierre del acto estuvo a cargo del Jefe Comunal Juan Ignacio Ustarroz que record\u00f3 el esfuerzo de las comisi\u00f3n directiva para que en los \u00faltimos a\u00f1os la instituci\u00f3n lograse objetivos con la ayuda comunal. <\/p>\n\n\n\n<p>Por \u00faltimo, hubo doble corte de cinta. El primero, protocolar, fue con las autoridades comunales y de la Granja Arco Iris, entre ellas Chicha y Bety Bueno, una de las madres fundadoras de la instituci\u00f3n hace m\u00e1s de treinta a\u00f1os cuando sus hijos con discapacidades dejaron las escuelas primarias. Y el otro corte de cinta, fue a pedido de quien diariamente asisten al Centro de D\u00eda a realizar diferentes actividades. <\/p>\n\n\n\n<ul class=\"wp-block-gallery columns-3 is-cropped wp-block-gallery-1 is-layout-flex wp-block-gallery-is-layout-flex\"><li class=\"blocks-gallery-item\"><figure><img loading=\"lazy\" decoding=\"async\" width=\"800\" height=\"600\" data-attachment-id=\"91920\" data-permalink=\"https:\/\/www.hoymercedes.com.ar\/principal\/granja-arco-iris-x600\/\" data-orig-file=\"https:\/\/www.hoymercedes.com.ar\/principal\/wp-content\/uploads\/2019\/04\/granja-arco-iris-x600.jpeg\" data-orig-size=\"800,600\" data-comments-opened=\"0\" data-image-meta=\"{&quot;aperture&quot;:&quot;0&quot;,&quot;credit&quot;:&quot;&quot;,&quot;camera&quot;:&quot;&quot;,&quot;caption&quot;:&quot;&quot;,&quot;created_timestamp&quot;:&quot;0&quot;,&quot;copyright&quot;:&quot;&quot;,&quot;focal_length&quot;:&quot;0&quot;,&quot;iso&quot;:&quot;0&quot;,&quot;shutter_speed&quot;:&quot;0&quot;,&quot;title&quot;:&quot;&quot;,&quot;orientation&quot;:&quot;0&quot;}\" data-image-title=\"granja arco iris x600\" data-image-description=\"\" data-image-caption=\"\" data-large-file=\"https:\/\/www.hoymercedes.com.ar\/principal\/wp-content\/uploads\/2019\/04\/granja-arco-iris-x600.jpeg\" src=\"https:\/\/www.hoymercedes.com.ar\/principal\/wp-content\/uploads\/2019\/04\/granja-arco-iris-x600.jpeg\" alt=\"\" data-id=\"91920\" data-link=\"https:\/\/www.hoymercedes.com.ar\/principal\/granja-arco-iris-x600\/\" class=\"wp-image-91920\" srcset=\"https:\/\/www.hoymercedes.com.ar\/principal\/wp-content\/uploads\/2019\/04\/granja-arco-iris-x600.jpeg 800w, https:\/\/www.hoymercedes.com.ar\/principal\/wp-content\/uploads\/2019\/04\/granja-arco-iris-x600-150x113.jpeg 150w, https:\/\/www.hoymercedes.com.ar\/principal\/wp-content\/uploads\/2019\/04\/granja-arco-iris-x600-630x473.jpeg 630w, https:\/\/www.hoymercedes.com.ar\/principal\/wp-content\/uploads\/2019\/04\/granja-arco-iris-x600-320x240.jpeg 320w, https:\/\/www.hoymercedes.com.ar\/principal\/wp-content\/uploads\/2019\/04\/granja-arco-iris-x600-100x75.jpeg 100w\" sizes=\"auto, (max-width: 800px) 100vw, 800px\" \/><\/figure><\/li><li class=\"blocks-gallery-item\"><figure><img loading=\"lazy\" decoding=\"async\" width=\"800\" height=\"600\" data-attachment-id=\"91919\" data-permalink=\"https:\/\/www.hoymercedes.com.ar\/principal\/granja-arco-iris-600\/\" data-orig-file=\"https:\/\/www.hoymercedes.com.ar\/principal\/wp-content\/uploads\/2019\/04\/granja-arco-iris-600.jpg\" data-orig-size=\"800,600\" data-comments-opened=\"0\" data-image-meta=\"{&quot;aperture&quot;:&quot;0&quot;,&quot;credit&quot;:&quot;&quot;,&quot;camera&quot;:&quot;&quot;,&quot;caption&quot;:&quot;&quot;,&quot;created_timestamp&quot;:&quot;0&quot;,&quot;copyright&quot;:&quot;&quot;,&quot;focal_length&quot;:&quot;0&quot;,&quot;iso&quot;:&quot;0&quot;,&quot;shutter_speed&quot;:&quot;0&quot;,&quot;title&quot;:&quot;&quot;,&quot;orientation&quot;:&quot;0&quot;}\" data-image-title=\"granja arco iris 600\" data-image-description=\"\" data-image-caption=\"\" data-large-file=\"https:\/\/www.hoymercedes.com.ar\/principal\/wp-content\/uploads\/2019\/04\/granja-arco-iris-600.jpg\" src=\"https:\/\/www.hoymercedes.com.ar\/principal\/wp-content\/uploads\/2019\/04\/granja-arco-iris-600.jpg\" alt=\"\" data-id=\"91919\" data-link=\"https:\/\/www.hoymercedes.com.ar\/principal\/granja-arco-iris-600\/\" class=\"wp-image-91919\" srcset=\"https:\/\/www.hoymercedes.com.ar\/principal\/wp-content\/uploads\/2019\/04\/granja-arco-iris-600.jpg 800w, https:\/\/www.hoymercedes.com.ar\/principal\/wp-content\/uploads\/2019\/04\/granja-arco-iris-600-150x113.jpg 150w, https:\/\/www.hoymercedes.com.ar\/principal\/wp-content\/uploads\/2019\/04\/granja-arco-iris-600-630x473.jpg 630w, https:\/\/www.hoymercedes.com.ar\/principal\/wp-content\/uploads\/2019\/04\/granja-arco-iris-600-320x240.jpg 320w, https:\/\/www.hoymercedes.com.ar\/principal\/wp-content\/uploads\/2019\/04\/granja-arco-iris-600-100x75.jpg 100w\" sizes=\"auto, (max-width: 800px) 100vw, 800px\" \/><\/figure><\/li><li class=\"blocks-gallery-item\"><figure><img loading=\"lazy\" decoding=\"async\" width=\"800\" height=\"600\" data-attachment-id=\"91922\" data-permalink=\"https:\/\/www.hoymercedes.com.ar\/principal\/granja-arco-iris-0\/\" data-orig-file=\"https:\/\/www.hoymercedes.com.ar\/principal\/wp-content\/uploads\/2019\/04\/granja-arco-iris-0.jpeg\" data-orig-size=\"800,600\" data-comments-opened=\"0\" data-image-meta=\"{&quot;aperture&quot;:&quot;0&quot;,&quot;credit&quot;:&quot;&quot;,&quot;camera&quot;:&quot;&quot;,&quot;caption&quot;:&quot;&quot;,&quot;created_timestamp&quot;:&quot;0&quot;,&quot;copyright&quot;:&quot;&quot;,&quot;focal_length&quot;:&quot;0&quot;,&quot;iso&quot;:&quot;0&quot;,&quot;shutter_speed&quot;:&quot;0&quot;,&quot;title&quot;:&quot;&quot;,&quot;orientation&quot;:&quot;0&quot;}\" data-image-title=\"granja arco iris 0\" data-image-description=\"\" data-image-caption=\"\" data-large-file=\"https:\/\/www.hoymercedes.com.ar\/principal\/wp-content\/uploads\/2019\/04\/granja-arco-iris-0.jpeg\" src=\"https:\/\/www.hoymercedes.com.ar\/principal\/wp-content\/uploads\/2019\/04\/granja-arco-iris-0.jpeg\" alt=\"\" data-id=\"91922\" data-link=\"https:\/\/www.hoymercedes.com.ar\/principal\/granja-arco-iris-0\/\" class=\"wp-image-91922\" srcset=\"https:\/\/www.hoymercedes.com.ar\/principal\/wp-content\/uploads\/2019\/04\/granja-arco-iris-0.jpeg 800w, https:\/\/www.hoymercedes.com.ar\/principal\/wp-content\/uploads\/2019\/04\/granja-arco-iris-0-150x113.jpeg 150w, https:\/\/www.hoymercedes.com.ar\/principal\/wp-content\/uploads\/2019\/04\/granja-arco-iris-0-630x473.jpeg 630w, https:\/\/www.hoymercedes.com.ar\/principal\/wp-content\/uploads\/2019\/04\/granja-arco-iris-0-320x240.jpeg 320w, https:\/\/www.hoymercedes.com.ar\/principal\/wp-content\/uploads\/2019\/04\/granja-arco-iris-0-100x75.jpeg 100w\" sizes=\"auto, (max-width: 800px) 100vw, 800px\" \/><\/figure><\/li><li class=\"blocks-gallery-item\"><figure><img loading=\"lazy\" decoding=\"async\" width=\"800\" height=\"600\" data-attachment-id=\"91921\" data-permalink=\"https:\/\/www.hoymercedes.com.ar\/principal\/granja-arco-iris-00\/\" data-orig-file=\"https:\/\/www.hoymercedes.com.ar\/principal\/wp-content\/uploads\/2019\/04\/Granja-Arco-Iris-00.jpeg\" data-orig-size=\"800,600\" data-comments-opened=\"0\" data-image-meta=\"{&quot;aperture&quot;:&quot;0&quot;,&quot;credit&quot;:&quot;&quot;,&quot;camera&quot;:&quot;&quot;,&quot;caption&quot;:&quot;&quot;,&quot;created_timestamp&quot;:&quot;0&quot;,&quot;copyright&quot;:&quot;&quot;,&quot;focal_length&quot;:&quot;0&quot;,&quot;iso&quot;:&quot;0&quot;,&quot;shutter_speed&quot;:&quot;0&quot;,&quot;title&quot;:&quot;&quot;,&quot;orientation&quot;:&quot;0&quot;}\" data-image-title=\"Granja Arco Iris 00\" data-image-description=\"\" data-image-caption=\"\" data-large-file=\"https:\/\/www.hoymercedes.com.ar\/principal\/wp-content\/uploads\/2019\/04\/Granja-Arco-Iris-00.jpeg\" src=\"https:\/\/www.hoymercedes.com.ar\/principal\/wp-content\/uploads\/2019\/04\/Granja-Arco-Iris-00.jpeg\" alt=\"\" data-id=\"91921\" data-link=\"https:\/\/www.hoymercedes.com.ar\/principal\/granja-arco-iris-00\/\" class=\"wp-image-91921\" srcset=\"https:\/\/www.hoymercedes.com.ar\/principal\/wp-content\/uploads\/2019\/04\/Granja-Arco-Iris-00.jpeg 800w, https:\/\/www.hoymercedes.com.ar\/principal\/wp-content\/uploads\/2019\/04\/Granja-Arco-Iris-00-150x113.jpeg 150w, https:\/\/www.hoymercedes.com.ar\/principal\/wp-content\/uploads\/2019\/04\/Granja-Arco-Iris-00-630x473.jpeg 630w, https:\/\/www.hoymercedes.com.ar\/principal\/wp-content\/uploads\/2019\/04\/Granja-Arco-Iris-00-320x240.jpeg 320w, https:\/\/www.hoymercedes.com.ar\/principal\/wp-content\/uploads\/2019\/04\/Granja-Arco-Iris-00-100x75.jpeg 100w\" sizes=\"auto, (max-width: 800px) 100vw, 800px\" \/><\/figure><\/li><li class=\"blocks-gallery-item\"><figure><img loading=\"lazy\" decoding=\"async\" width=\"800\" height=\"543\" data-attachment-id=\"91923\" data-permalink=\"https:\/\/www.hoymercedes.com.ar\/principal\/granja-arco-iris-3\/\" data-orig-file=\"https:\/\/www.hoymercedes.com.ar\/principal\/wp-content\/uploads\/2019\/04\/granja-arco-iris-3.jpeg\" data-orig-size=\"800,543\" data-comments-opened=\"0\" data-image-meta=\"{&quot;aperture&quot;:&quot;0&quot;,&quot;credit&quot;:&quot;&quot;,&quot;camera&quot;:&quot;&quot;,&quot;caption&quot;:&quot;&quot;,&quot;created_timestamp&quot;:&quot;0&quot;,&quot;copyright&quot;:&quot;&quot;,&quot;focal_length&quot;:&quot;0&quot;,&quot;iso&quot;:&quot;0&quot;,&quot;shutter_speed&quot;:&quot;0&quot;,&quot;title&quot;:&quot;&quot;,&quot;orientation&quot;:&quot;0&quot;}\" data-image-title=\"granja arco iris 3\" data-image-description=\"\" data-image-caption=\"\" data-large-file=\"https:\/\/www.hoymercedes.com.ar\/principal\/wp-content\/uploads\/2019\/04\/granja-arco-iris-3.jpeg\" src=\"https:\/\/www.hoymercedes.com.ar\/principal\/wp-content\/uploads\/2019\/04\/granja-arco-iris-3.jpeg\" alt=\"\" data-id=\"91923\" data-link=\"https:\/\/www.hoymercedes.com.ar\/principal\/granja-arco-iris-3\/\" class=\"wp-image-91923\" srcset=\"https:\/\/www.hoymercedes.com.ar\/principal\/wp-content\/uploads\/2019\/04\/granja-arco-iris-3.jpeg 800w, https:\/\/www.hoymercedes.com.ar\/principal\/wp-content\/uploads\/2019\/04\/granja-arco-iris-3-150x102.jpeg 150w, https:\/\/www.hoymercedes.com.ar\/principal\/wp-content\/uploads\/2019\/04\/granja-arco-iris-3-630x428.jpeg 630w\" sizes=\"auto, (max-width: 800px) 100vw, 800px\" \/><\/figure><\/li><\/ul>\n","protected":false},"excerpt":{"rendered":"<p>El Centro de D\u00eda Granja Arco Iris de Mercedes sum\u00f3 una nueva sala que le permitir\u00e1 la atenci\u00f3n de 20 &#8230; <a title=\"Granja Arco Iris inaugur\u00f3 nueva sala\" class=\"read-more\" href=\"https:\/\/www.hoymercedes.com.ar\/principal\/2019\/04\/25\/granja-arco-iris-inauguro-nueva-sala\/\" aria-label=\"Leer m\u00e1s sobre Granja Arco Iris inaugur\u00f3 nueva sala\">Leer m\u00e1s<\/a><\/p>\n","protected":false},"author":1,"featured_media":91923,"comment_status":"closed","ping_status":"open","sticky":false,"template":"","format":"standard","meta":{"_monsterinsights_skip_tracking":false,"_monsterinsights_sitenote_active":false,"_monsterinsights_sitenote_note":"","_monsterinsights_sitenote_category":0,"jetpack_post_was_ever_published":false,"_jetpack_newsletter_access":"","_jetpack_dont_email_post_to_subs":false,"_jetpack_newsletter_tier_id":0,"_jetpack_memberships_contains_paywalled_content":false,"_jetpack_memberships_contains_paid_content":false,"footnotes":"","jetpack_publicize_message":"","jetpack_publicize_feature_enabled":true,"jetpack_social_post_already_shared":true,"jetpack_social_options":{"image_generator_settings":{"template":"highway","default_image_id":0,"font":"","enabled":false},"version":2},"_wpas_customize_per_network":false},"categories":[8],"tags":[13805,14943,7802],"class_list":["post-91924","post","type-post","status-publish","format-standard","has-post-thumbnail","hentry","category-sociedad","tag-centro-de-dia-granja-arco-iris","tag-sala-nueva","tag-sociedad","generate-columns","tablet-grid-50","mobile-grid-100","grid-parent","grid-50"],"jetpack_publicize_connections":[],"jetpack_featured_media_url":"https:\/\/www.hoymercedes.com.ar\/principal\/wp-content\/uploads\/2019\/04\/granja-arco-iris-3.jpeg","wps_subtitle":"En la ma\u00f1ana del jueves","jetpack_sharing_enabled":true,"_links":{"self":[{"href":"https:\/\/www.hoymercedes.com.ar\/principal\/wp-json\/wp\/v2\/posts\/91924","targetHints":{"allow":["GET"]}}],"collection":[{"href":"https:\/\/www.hoymercedes.com.ar\/principal\/wp-json\/wp\/v2\/posts"}],"about":[{"href":"https:\/\/www.hoymercedes.com.ar\/principal\/wp-json\/wp\/v2\/types\/post"}],"author":[{"embeddable":true,"href":"https:\/\/www.hoymercedes.com.ar\/principal\/wp-json\/wp\/v2\/users\/1"}],"replies":[{"embeddable":true,"href":"https:\/\/www.hoymercedes.com.ar\/principal\/wp-json\/wp\/v2\/comments?post=91924"}],"version-history":[{"count":0,"href":"https:\/\/www.hoymercedes.com.ar\/principal\/wp-json\/wp\/v2\/posts\/91924\/revisions"}],"wp:featuredmedia":[{"embeddable":true,"href":"https:\/\/www.hoymercedes.com.ar\/principal\/wp-json\/wp\/v2\/media\/91923"}],"wp:attachment":[{"href":"https:\/\/www.hoymercedes.com.ar\/principal\/wp-json\/wp\/v2\/media?parent=91924"}],"wp:term":[{"taxonomy":"category","embeddable":true,"href":"https:\/\/www.hoymercedes.com.ar\/principal\/wp-json\/wp\/v2\/categories?post=91924"},{"taxonomy":"post_tag","embeddable":true,"href":"https:\/\/www.hoymercedes.com.ar\/principal\/wp-json\/wp\/v2\/tags?post=91924"}],"curies":[{"name":"wp","href":"https:\/\/api.w.org\/{rel}","templated":true}]}}