{"id":91942,"date":"2019-04-25T18:06:04","date_gmt":"2019-04-25T21:06:04","guid":{"rendered":"http:\/\/www.hoymercedes.com.ar\/principal\/?p=91942"},"modified":"2019-04-25T18:25:43","modified_gmt":"2019-04-25T21:25:43","slug":"el-fronton-le-quito-el-invicto-a-juventud-y-trocha-se-lo-empato-a-pabellon","status":"publish","type":"post","link":"https:\/\/www.hoymercedes.com.ar\/principal\/2019\/04\/25\/el-fronton-le-quito-el-invicto-a-juventud-y-trocha-se-lo-empato-a-pabellon\/","title":{"rendered":"El Front\u00f3n le quit\u00f3 el invicto a Juventud y Trocha se lo empat\u00f3 a Pabell\u00f3n"},"content":{"rendered":"\n<p>Culmin\u00f3 la quinta fecha del torneo de Primera Divisi\u00f3n de la Liga Mercedina de F\u00fatbol con los dos partidos que hab\u00edan quedados pendientes tras el fin de semana. En San Andr\u00e9s de Giles, El Front\u00f3n venci\u00f3 1 a 0 a Juventud de Suipacha, a quien le quit\u00f3 el invicto, mientras que en la Liga Mercedina, Pabell\u00f3n ganaba 1 a 0, pero Trocha se lo empat\u00f3 a poco del final. <\/p>\n\n\n\n<p><strong>El Front\u00f3n 1:<\/strong>&nbsp;Mat\u00edas Roncoroni, Santiago Gaynor, Agust\u00edn De La Cuesta, Pablo D\u00edaz, Lorenzo Manion, Aldo Pissini, Carlos Schefer, Santiago Crosetti, Jos\u00e9 Mansilla, Francisco Tallarico y Federico Dinardi.&nbsp;<strong>DT:<\/strong>&nbsp;Germ\u00e1n Stopiello.<strong>&nbsp;Suplentes:<\/strong>&nbsp;Mateo Valli, Felipe Di Lorenzo y Sergio G\u00f3mez.<br><strong>Juventud de Suipacha 0:<\/strong>&nbsp;Nahuel Gich\u00f3n, Ezequiel Flynn, Juan Mess\u00eda, Esteban Garc\u00eda, Sim\u00f3n Lawler, Federico Clarac, Tom\u00e1s Rosetti, Joaqu\u00edn Sosa, Luis Lawler, Vicente Vernal y Mat\u00edas Correa.&nbsp;<strong>DT:<\/strong>&nbsp;I\u00f1aki Darritch\u00f3n.&nbsp;<strong>Suplentes:<\/strong>&nbsp;Joaqu\u00edn Su\u00e1rez, Alejo Mess\u00eda,&nbsp; Alexis Stillisano y Vicente Scarlassa.<br><strong>Gol en el ST:<\/strong>&nbsp;A los 10\u2019 Carlos Schefer para El Front\u00f3n.<br><strong>Cambios:<\/strong>&nbsp;Jonathan Ferretty por Santiago Crosetti, Agust\u00edn Ghessi por Lorenzo Manion y Joaqu\u00edn Casado por Jos\u00e9 Mansilla en El Front\u00f3n.&nbsp;Bladimir Gonz\u00e1lez por Esteban Garc\u00eda, Nicol\u00e1s Monetti por Joaqu\u00edn Sosa y Edgardo Su\u00e1rez por Tom\u00e1s Rosetti en Juventud.<br><strong>Arbitro:<\/strong>&nbsp;Franco Prieto (SADRA). <\/p>\n\n\n\n<p><strong>Trocha 1:<\/strong> Agust\u00edn Rodr\u00edguez, Iv\u00e1n Portillo, Ignacio Brazuna, Juli\u00e1n Padula, Sebasti\u00e1n Biaggini,  Maximiliano Becerra, Emanuel Vel\u00e1zquez, Solano Bonamino, Santiago Yasky, Juan Montuori y  Lucas Gallo. <strong>DT:<\/strong>\u00a0Juan Ignacio Men\u00e9ndez.\u00a0<strong>Suplente:<\/strong> Francisco Bavastro, Joaquin Schenone, Jonatan Niz y N\u00e9stor Curima.<br><strong>Pabell\u00f3n 1:<\/strong>\u00a0C\u00e9sar Jurado, Gast\u00f3n Bianchi, Nicol\u00e1s Guarnieri, Ger\u00f3nimo Norbedo, Leonel An\u00edbal, Rodrigo Acevedo, Mat\u00edas Mandaradoni, Bautista Olgiati, Luciano Gallardo, Juan Castelano y Leandro Pascual.\u00a0<strong>DT:<\/strong>\u00a0Juan Achucarro.\u00a0<strong>Suplentes:<\/strong>\u00a0Juan Fitipaldi y Tom\u00e1s Sald\u00edas.<br><strong>Gol en el PT:<\/strong>\u00a0A los 18\u2019 Leandro Pascual para Pabell\u00f3n.<br><strong>Gol en el ST:<\/strong> A los 32\u2019 Emanuel Vel\u00e1zquez para Trocha.<br><strong>Cambios:<\/strong>\u00a0Maximiliano Ballesteros por Juli\u00e1n Padula, Javier Rosales por Santiago Yasky en Trocha. Dar\u00edo Bacigalupo por Leonel An\u00edbal, Ramiro Guerra por Bautista Olgiati en Pabell\u00f3n.<br><strong>Arbitro:<\/strong> Germ\u00e1n Gauna (AAM).<\/p>\n\n\n\n<p><strong>Reserva<br>Trocha 1:<\/strong>&nbsp;Jonathan Niz.<br><strong>Pabell\u00f3n 0<\/strong>.<\/p>\n\n\n\n<figure class=\"wp-block-image\"><img loading=\"lazy\" decoding=\"async\" width=\"634\" height=\"772\" data-attachment-id=\"91943\" data-permalink=\"https:\/\/www.hoymercedes.com.ar\/principal\/2019\/04\/25\/el-fronton-le-quito-el-invicto-a-juventud-y-trocha-se-lo-empato-a-pabellon\/primera-liga-pos-12\/#main\" data-orig-file=\"https:\/\/www.hoymercedes.com.ar\/principal\/wp-content\/uploads\/2019\/04\/PRIMERA-LIGA-POS-6.png\" data-orig-size=\"634,772\" data-comments-opened=\"0\" data-image-meta=\"{&quot;aperture&quot;:&quot;0&quot;,&quot;credit&quot;:&quot;&quot;,&quot;camera&quot;:&quot;&quot;,&quot;caption&quot;:&quot;&quot;,&quot;created_timestamp&quot;:&quot;0&quot;,&quot;copyright&quot;:&quot;&quot;,&quot;focal_length&quot;:&quot;0&quot;,&quot;iso&quot;:&quot;0&quot;,&quot;shutter_speed&quot;:&quot;0&quot;,&quot;title&quot;:&quot;&quot;,&quot;orientation&quot;:&quot;0&quot;}\" data-image-title=\"PRIMERA LIGA POS\" data-image-description=\"\" data-image-caption=\"\" data-large-file=\"https:\/\/www.hoymercedes.com.ar\/principal\/wp-content\/uploads\/2019\/04\/PRIMERA-LIGA-POS-6.png\" src=\"https:\/\/www.hoymercedes.com.ar\/principal\/wp-content\/uploads\/2019\/04\/PRIMERA-LIGA-POS-6.png\" alt=\"\" class=\"wp-image-91943\" srcset=\"https:\/\/www.hoymercedes.com.ar\/principal\/wp-content\/uploads\/2019\/04\/PRIMERA-LIGA-POS-6.png 634w, https:\/\/www.hoymercedes.com.ar\/principal\/wp-content\/uploads\/2019\/04\/PRIMERA-LIGA-POS-6-123x150.png 123w, https:\/\/www.hoymercedes.com.ar\/principal\/wp-content\/uploads\/2019\/04\/PRIMERA-LIGA-POS-6-509x620.png 509w\" sizes=\"auto, (max-width: 634px) 100vw, 634px\" \/><\/figure>\n\n\n\n<figure class=\"wp-block-image\"><img loading=\"lazy\" decoding=\"async\" width=\"634\" height=\"772\" data-attachment-id=\"91944\" data-permalink=\"https:\/\/www.hoymercedes.com.ar\/principal\/2019\/04\/25\/el-fronton-le-quito-el-invicto-a-juventud-y-trocha-se-lo-empato-a-pabellon\/reserva-liga-pos-10\/#main\" data-orig-file=\"https:\/\/www.hoymercedes.com.ar\/principal\/wp-content\/uploads\/2019\/04\/RESERVA-LIGA-POS-6.png\" data-orig-size=\"634,772\" data-comments-opened=\"0\" data-image-meta=\"{&quot;aperture&quot;:&quot;0&quot;,&quot;credit&quot;:&quot;&quot;,&quot;camera&quot;:&quot;&quot;,&quot;caption&quot;:&quot;&quot;,&quot;created_timestamp&quot;:&quot;0&quot;,&quot;copyright&quot;:&quot;&quot;,&quot;focal_length&quot;:&quot;0&quot;,&quot;iso&quot;:&quot;0&quot;,&quot;shutter_speed&quot;:&quot;0&quot;,&quot;title&quot;:&quot;&quot;,&quot;orientation&quot;:&quot;0&quot;}\" data-image-title=\"RESERVA LIGA POS\" data-image-description=\"\" data-image-caption=\"\" data-large-file=\"https:\/\/www.hoymercedes.com.ar\/principal\/wp-content\/uploads\/2019\/04\/RESERVA-LIGA-POS-6.png\" src=\"https:\/\/www.hoymercedes.com.ar\/principal\/wp-content\/uploads\/2019\/04\/RESERVA-LIGA-POS-6.png\" alt=\"\" class=\"wp-image-91944\" srcset=\"https:\/\/www.hoymercedes.com.ar\/principal\/wp-content\/uploads\/2019\/04\/RESERVA-LIGA-POS-6.png 634w, https:\/\/www.hoymercedes.com.ar\/principal\/wp-content\/uploads\/2019\/04\/RESERVA-LIGA-POS-6-123x150.png 123w, https:\/\/www.hoymercedes.com.ar\/principal\/wp-content\/uploads\/2019\/04\/RESERVA-LIGA-POS-6-509x620.png 509w\" sizes=\"auto, (max-width: 634px) 100vw, 634px\" \/><\/figure>\n","protected":false},"excerpt":{"rendered":"<p>Culmin\u00f3 la quinta fecha del torneo de Primera Divisi\u00f3n de la Liga Mercedina de F\u00fatbol con los dos partidos que &#8230; <a title=\"El Front\u00f3n le quit\u00f3 el invicto a Juventud y Trocha se lo empat\u00f3 a Pabell\u00f3n\" class=\"read-more\" href=\"https:\/\/www.hoymercedes.com.ar\/principal\/2019\/04\/25\/el-fronton-le-quito-el-invicto-a-juventud-y-trocha-se-lo-empato-a-pabellon\/\" aria-label=\"Leer m\u00e1s sobre El Front\u00f3n le quit\u00f3 el invicto a Juventud y Trocha se lo empat\u00f3 a Pabell\u00f3n\">Leer m\u00e1s<\/a><\/p>\n","protected":false},"author":1,"featured_media":91943,"comment_status":"closed","ping_status":"open","sticky":false,"template":"","format":"standard","meta":{"_monsterinsights_skip_tracking":false,"_monsterinsights_sitenote_active":false,"_monsterinsights_sitenote_note":"","_monsterinsights_sitenote_category":0,"jetpack_post_was_ever_published":false,"_jetpack_newsletter_access":"","_jetpack_dont_email_post_to_subs":false,"_jetpack_newsletter_tier_id":0,"_jetpack_memberships_contains_paywalled_content":false,"_jetpack_memberships_contains_paid_content":false,"footnotes":"","jetpack_publicize_message":"","jetpack_publicize_feature_enabled":true,"jetpack_social_post_already_shared":true,"jetpack_social_options":{"image_generator_settings":{"template":"highway","default_image_id":0,"font":"","enabled":false},"version":2},"_wpas_customize_per_network":false},"categories":[21],"tags":[2301,413],"class_list":["post-91942","post","type-post","status-publish","format-standard","has-post-thumbnail","hentry","category-deportes","tag-juventud-de-suipacha","tag-liga-mercedina-de-futbol","generate-columns","tablet-grid-50","mobile-grid-100","grid-parent","grid-50"],"jetpack_publicize_connections":[],"jetpack_featured_media_url":"https:\/\/www.hoymercedes.com.ar\/principal\/wp-content\/uploads\/2019\/04\/PRIMERA-LIGA-POS-6.png","wps_subtitle":"Liga Mercedina","jetpack_sharing_enabled":true,"_links":{"self":[{"href":"https:\/\/www.hoymercedes.com.ar\/principal\/wp-json\/wp\/v2\/posts\/91942","targetHints":{"allow":["GET"]}}],"collection":[{"href":"https:\/\/www.hoymercedes.com.ar\/principal\/wp-json\/wp\/v2\/posts"}],"about":[{"href":"https:\/\/www.hoymercedes.com.ar\/principal\/wp-json\/wp\/v2\/types\/post"}],"author":[{"embeddable":true,"href":"https:\/\/www.hoymercedes.com.ar\/principal\/wp-json\/wp\/v2\/users\/1"}],"replies":[{"embeddable":true,"href":"https:\/\/www.hoymercedes.com.ar\/principal\/wp-json\/wp\/v2\/comments?post=91942"}],"version-history":[{"count":0,"href":"https:\/\/www.hoymercedes.com.ar\/principal\/wp-json\/wp\/v2\/posts\/91942\/revisions"}],"wp:featuredmedia":[{"embeddable":true,"href":"https:\/\/www.hoymercedes.com.ar\/principal\/wp-json\/wp\/v2\/media\/91943"}],"wp:attachment":[{"href":"https:\/\/www.hoymercedes.com.ar\/principal\/wp-json\/wp\/v2\/media?parent=91942"}],"wp:term":[{"taxonomy":"category","embeddable":true,"href":"https:\/\/www.hoymercedes.com.ar\/principal\/wp-json\/wp\/v2\/categories?post=91942"},{"taxonomy":"post_tag","embeddable":true,"href":"https:\/\/www.hoymercedes.com.ar\/principal\/wp-json\/wp\/v2\/tags?post=91942"}],"curies":[{"name":"wp","href":"https:\/\/api.w.org\/{rel}","templated":true}]}}