{"id":91949,"date":"2019-04-26T18:16:25","date_gmt":"2019-04-26T21:16:25","guid":{"rendered":"http:\/\/www.hoymercedes.com.ar\/principal\/?p=91949"},"modified":"2019-04-25T18:20:46","modified_gmt":"2019-04-25T21:20:46","slug":"la-escuela-municipal-y-el-cef-de-suipacha-debutaron-en-limeba-galeria-de-fotos","status":"publish","type":"post","link":"https:\/\/www.hoymercedes.com.ar\/principal\/2019\/04\/26\/la-escuela-municipal-y-el-cef-de-suipacha-debutaron-en-limeba-galeria-de-fotos\/","title":{"rendered":"La Escuela Municipal y el CEF de Suipacha debutaron en LiMeBa (Galer\u00eda de fotos)"},"content":{"rendered":"\n<p>La Escuela Municipal de Handball de Mercedes y el CEF N\u00b0 30 de Suipacha disputaron la primer fecha de LiMeBa que hab\u00eda comenzado una semana atr\u00e1s. Fue en la tarde del martes que los equipos femeninos y masculinos del CEF N\u00b0 30 y La Escuela Municipal arrancaron la competencia de la Liga Mercedina de Balonmano en la cancha del Polideportivo a Cielo Abierto Mart\u00edn Rodr\u00edguez.<\/p>\n\n\n\n<div class=\"wp-block-image\"><figure class=\"aligncenter\"><img loading=\"lazy\" decoding=\"async\" width=\"515\" height=\"515\" data-attachment-id=\"91950\" data-permalink=\"https:\/\/www.hoymercedes.com.ar\/principal\/2019\/04\/26\/la-escuela-municipal-y-el-cef-de-suipacha-debutaron-en-limeba-galeria-de-fotos\/58376831_10219975155396066_8938739803915026432_n\/#main\" data-orig-file=\"https:\/\/www.hoymercedes.com.ar\/principal\/wp-content\/uploads\/2019\/04\/58376831_10219975155396066_8938739803915026432_n.jpg\" data-orig-size=\"515,515\" data-comments-opened=\"0\" data-image-meta=\"{&quot;aperture&quot;:&quot;0&quot;,&quot;credit&quot;:&quot;&quot;,&quot;camera&quot;:&quot;&quot;,&quot;caption&quot;:&quot;&quot;,&quot;created_timestamp&quot;:&quot;0&quot;,&quot;copyright&quot;:&quot;&quot;,&quot;focal_length&quot;:&quot;0&quot;,&quot;iso&quot;:&quot;0&quot;,&quot;shutter_speed&quot;:&quot;0&quot;,&quot;title&quot;:&quot;&quot;,&quot;orientation&quot;:&quot;0&quot;}\" data-image-title=\"58376831_10219975155396066_8938739803915026432_n\" data-image-description=\"\" data-image-caption=\"\" data-large-file=\"https:\/\/www.hoymercedes.com.ar\/principal\/wp-content\/uploads\/2019\/04\/58376831_10219975155396066_8938739803915026432_n.jpg\" src=\"https:\/\/www.hoymercedes.com.ar\/principal\/wp-content\/uploads\/2019\/04\/58376831_10219975155396066_8938739803915026432_n.jpg\" alt=\"\" class=\"wp-image-91950\" srcset=\"https:\/\/www.hoymercedes.com.ar\/principal\/wp-content\/uploads\/2019\/04\/58376831_10219975155396066_8938739803915026432_n.jpg 515w, https:\/\/www.hoymercedes.com.ar\/principal\/wp-content\/uploads\/2019\/04\/58376831_10219975155396066_8938739803915026432_n-150x150.jpg 150w, https:\/\/www.hoymercedes.com.ar\/principal\/wp-content\/uploads\/2019\/04\/58376831_10219975155396066_8938739803915026432_n-100x100.jpg 100w\" sizes=\"auto, (max-width: 515px) 100vw, 515px\" \/><\/figure><\/div>\n\n\n\n<p>En el partido de Menores masculino, los dirigidos por \u201cMeche\u201d Alvarez se impusieron claramente por 33 a 3, convirtiendo los goles para el vencedor Juli\u00e1n Braghi (15), Mateo Guarizola, Ignacio Sanguinetti (3), Thom\u00e1s Roldan (4), M\u00e1ximo Vi\u00f1ales (2), Bautista Macera (2), Benjam\u00edn Mihal (3), Juan Cruz Acosta (2) y Castelli Bartolomeo (2) Mientras que para la Escuela Municipal los goles fueron convertidos por Alvaro Ferraro en 3 oportunidades.<\/p>\n\n\n\n<p>El encuentro de la categor\u00eda Menores femenino, fue para el visitante, en donde Suipacha obtuvo un c\u00f3modo triunfo por 20 a 3 sobre la Escuela Municipal de Mercedes. Las goleadoras de Suipacha fueron Lola Argoit\u00eda (4), Agustina Zeballos (4), Alina Quiroz (3), Clara Romero, F\u00e1tima Gonz\u00e1lez, Maite Alday (2) y Juanita Buscalia, para Mercedes anotaron Ema (2) y Evelin.<\/p>\n\n\n\n<p>En el cotejo de la categor\u00eda Cadetes los goles del CEF 30 fueron anotados: Julieta Oyola (4), Tatiana Stillisano (2) Malena (3), Dorado (2) y Martina Arroche (5) y para Mercedes Abril Paglieri (3) y Micaela Denapole. La competencia de LiMeBa tendr\u00e1 continuidad el pr\u00f3ximo d\u00eda martes 30 de abril, cuando se enfrenten el Colegio San Luis de Mercedes ante el CEF de Navarro.<\/p>\n\n\n\n<ul class=\"wp-block-gallery columns-3 is-cropped wp-block-gallery-1 is-layout-flex wp-block-gallery-is-layout-flex\"><li class=\"blocks-gallery-item\"><figure><img loading=\"lazy\" decoding=\"async\" width=\"960\" height=\"960\" data-attachment-id=\"91951\" data-permalink=\"https:\/\/www.hoymercedes.com.ar\/principal\/2019\/04\/26\/la-escuela-municipal-y-el-cef-de-suipacha-debutaron-en-limeba-galeria-de-fotos\/58441730_10219975158756150_505443279085502464_n\/#main\" data-orig-file=\"https:\/\/www.hoymercedes.com.ar\/principal\/wp-content\/uploads\/2019\/04\/58441730_10219975158756150_505443279085502464_n.jpg\" data-orig-size=\"960,960\" data-comments-opened=\"0\" data-image-meta=\"{&quot;aperture&quot;:&quot;0&quot;,&quot;credit&quot;:&quot;&quot;,&quot;camera&quot;:&quot;&quot;,&quot;caption&quot;:&quot;&quot;,&quot;created_timestamp&quot;:&quot;0&quot;,&quot;copyright&quot;:&quot;&quot;,&quot;focal_length&quot;:&quot;0&quot;,&quot;iso&quot;:&quot;0&quot;,&quot;shutter_speed&quot;:&quot;0&quot;,&quot;title&quot;:&quot;&quot;,&quot;orientation&quot;:&quot;0&quot;}\" data-image-title=\"58441730_10219975158756150_505443279085502464_n\" data-image-description=\"\" data-image-caption=\"\" data-large-file=\"https:\/\/www.hoymercedes.com.ar\/principal\/wp-content\/uploads\/2019\/04\/58441730_10219975158756150_505443279085502464_n.jpg\" src=\"https:\/\/www.hoymercedes.com.ar\/principal\/wp-content\/uploads\/2019\/04\/58441730_10219975158756150_505443279085502464_n.jpg\" alt=\"\" data-id=\"91951\" data-link=\"https:\/\/www.hoymercedes.com.ar\/principal\/?attachment_id=91951\" class=\"wp-image-91951\" srcset=\"https:\/\/www.hoymercedes.com.ar\/principal\/wp-content\/uploads\/2019\/04\/58441730_10219975158756150_505443279085502464_n.jpg 960w, https:\/\/www.hoymercedes.com.ar\/principal\/wp-content\/uploads\/2019\/04\/58441730_10219975158756150_505443279085502464_n-150x150.jpg 150w, https:\/\/www.hoymercedes.com.ar\/principal\/wp-content\/uploads\/2019\/04\/58441730_10219975158756150_505443279085502464_n-620x620.jpg 620w, https:\/\/www.hoymercedes.com.ar\/principal\/wp-content\/uploads\/2019\/04\/58441730_10219975158756150_505443279085502464_n-100x100.jpg 100w\" sizes=\"auto, (max-width: 960px) 100vw, 960px\" \/><\/figure><\/li><li class=\"blocks-gallery-item\"><figure><img loading=\"lazy\" decoding=\"async\" width=\"960\" height=\"960\" data-attachment-id=\"91952\" data-permalink=\"https:\/\/www.hoymercedes.com.ar\/principal\/2019\/04\/26\/la-escuela-municipal-y-el-cef-de-suipacha-debutaron-en-limeba-galeria-de-fotos\/58543351_10219975158156135_7556703419226914816_n\/#main\" data-orig-file=\"https:\/\/www.hoymercedes.com.ar\/principal\/wp-content\/uploads\/2019\/04\/58543351_10219975158156135_7556703419226914816_n.jpg\" data-orig-size=\"960,960\" data-comments-opened=\"0\" data-image-meta=\"{&quot;aperture&quot;:&quot;0&quot;,&quot;credit&quot;:&quot;&quot;,&quot;camera&quot;:&quot;&quot;,&quot;caption&quot;:&quot;&quot;,&quot;created_timestamp&quot;:&quot;0&quot;,&quot;copyright&quot;:&quot;&quot;,&quot;focal_length&quot;:&quot;0&quot;,&quot;iso&quot;:&quot;0&quot;,&quot;shutter_speed&quot;:&quot;0&quot;,&quot;title&quot;:&quot;&quot;,&quot;orientation&quot;:&quot;0&quot;}\" data-image-title=\"58543351_10219975158156135_7556703419226914816_n\" data-image-description=\"\" data-image-caption=\"\" data-large-file=\"https:\/\/www.hoymercedes.com.ar\/principal\/wp-content\/uploads\/2019\/04\/58543351_10219975158156135_7556703419226914816_n.jpg\" src=\"https:\/\/www.hoymercedes.com.ar\/principal\/wp-content\/uploads\/2019\/04\/58543351_10219975158156135_7556703419226914816_n.jpg\" alt=\"\" data-id=\"91952\" data-link=\"https:\/\/www.hoymercedes.com.ar\/principal\/?attachment_id=91952\" class=\"wp-image-91952\" srcset=\"https:\/\/www.hoymercedes.com.ar\/principal\/wp-content\/uploads\/2019\/04\/58543351_10219975158156135_7556703419226914816_n.jpg 960w, https:\/\/www.hoymercedes.com.ar\/principal\/wp-content\/uploads\/2019\/04\/58543351_10219975158156135_7556703419226914816_n-150x150.jpg 150w, https:\/\/www.hoymercedes.com.ar\/principal\/wp-content\/uploads\/2019\/04\/58543351_10219975158156135_7556703419226914816_n-620x620.jpg 620w, https:\/\/www.hoymercedes.com.ar\/principal\/wp-content\/uploads\/2019\/04\/58543351_10219975158156135_7556703419226914816_n-100x100.jpg 100w\" sizes=\"auto, (max-width: 960px) 100vw, 960px\" \/><\/figure><\/li><li class=\"blocks-gallery-item\"><figure><img loading=\"lazy\" decoding=\"async\" width=\"960\" height=\"960\" data-attachment-id=\"91953\" data-permalink=\"https:\/\/www.hoymercedes.com.ar\/principal\/2019\/04\/26\/la-escuela-municipal-y-el-cef-de-suipacha-debutaron-en-limeba-galeria-de-fotos\/57604397_10219975157116109_1007444743178682368_n\/#main\" data-orig-file=\"https:\/\/www.hoymercedes.com.ar\/principal\/wp-content\/uploads\/2019\/04\/57604397_10219975157116109_1007444743178682368_n.jpg\" data-orig-size=\"960,960\" data-comments-opened=\"0\" data-image-meta=\"{&quot;aperture&quot;:&quot;0&quot;,&quot;credit&quot;:&quot;&quot;,&quot;camera&quot;:&quot;&quot;,&quot;caption&quot;:&quot;&quot;,&quot;created_timestamp&quot;:&quot;0&quot;,&quot;copyright&quot;:&quot;&quot;,&quot;focal_length&quot;:&quot;0&quot;,&quot;iso&quot;:&quot;0&quot;,&quot;shutter_speed&quot;:&quot;0&quot;,&quot;title&quot;:&quot;&quot;,&quot;orientation&quot;:&quot;0&quot;}\" data-image-title=\"57604397_10219975157116109_1007444743178682368_n\" data-image-description=\"\" data-image-caption=\"\" data-large-file=\"https:\/\/www.hoymercedes.com.ar\/principal\/wp-content\/uploads\/2019\/04\/57604397_10219975157116109_1007444743178682368_n.jpg\" src=\"https:\/\/www.hoymercedes.com.ar\/principal\/wp-content\/uploads\/2019\/04\/57604397_10219975157116109_1007444743178682368_n.jpg\" alt=\"\" data-id=\"91953\" data-link=\"https:\/\/www.hoymercedes.com.ar\/principal\/?attachment_id=91953\" class=\"wp-image-91953\" srcset=\"https:\/\/www.hoymercedes.com.ar\/principal\/wp-content\/uploads\/2019\/04\/57604397_10219975157116109_1007444743178682368_n.jpg 960w, https:\/\/www.hoymercedes.com.ar\/principal\/wp-content\/uploads\/2019\/04\/57604397_10219975157116109_1007444743178682368_n-150x150.jpg 150w, https:\/\/www.hoymercedes.com.ar\/principal\/wp-content\/uploads\/2019\/04\/57604397_10219975157116109_1007444743178682368_n-620x620.jpg 620w, https:\/\/www.hoymercedes.com.ar\/principal\/wp-content\/uploads\/2019\/04\/57604397_10219975157116109_1007444743178682368_n-100x100.jpg 100w\" sizes=\"auto, (max-width: 960px) 100vw, 960px\" \/><\/figure><\/li><li class=\"blocks-gallery-item\"><figure><img loading=\"lazy\" decoding=\"async\" width=\"960\" height=\"960\" data-attachment-id=\"91954\" data-permalink=\"https:\/\/www.hoymercedes.com.ar\/principal\/2019\/04\/26\/la-escuela-municipal-y-el-cef-de-suipacha-debutaron-en-limeba-galeria-de-fotos\/58375536_10219975156276088_696945288014725120_n\/#main\" data-orig-file=\"https:\/\/www.hoymercedes.com.ar\/principal\/wp-content\/uploads\/2019\/04\/58375536_10219975156276088_696945288014725120_n.jpg\" data-orig-size=\"960,960\" data-comments-opened=\"0\" data-image-meta=\"{&quot;aperture&quot;:&quot;0&quot;,&quot;credit&quot;:&quot;&quot;,&quot;camera&quot;:&quot;&quot;,&quot;caption&quot;:&quot;&quot;,&quot;created_timestamp&quot;:&quot;0&quot;,&quot;copyright&quot;:&quot;&quot;,&quot;focal_length&quot;:&quot;0&quot;,&quot;iso&quot;:&quot;0&quot;,&quot;shutter_speed&quot;:&quot;0&quot;,&quot;title&quot;:&quot;&quot;,&quot;orientation&quot;:&quot;0&quot;}\" data-image-title=\"58375536_10219975156276088_696945288014725120_n\" data-image-description=\"\" data-image-caption=\"\" data-large-file=\"https:\/\/www.hoymercedes.com.ar\/principal\/wp-content\/uploads\/2019\/04\/58375536_10219975156276088_696945288014725120_n.jpg\" src=\"https:\/\/www.hoymercedes.com.ar\/principal\/wp-content\/uploads\/2019\/04\/58375536_10219975156276088_696945288014725120_n.jpg\" alt=\"\" data-id=\"91954\" data-link=\"https:\/\/www.hoymercedes.com.ar\/principal\/?attachment_id=91954\" class=\"wp-image-91954\" srcset=\"https:\/\/www.hoymercedes.com.ar\/principal\/wp-content\/uploads\/2019\/04\/58375536_10219975156276088_696945288014725120_n.jpg 960w, https:\/\/www.hoymercedes.com.ar\/principal\/wp-content\/uploads\/2019\/04\/58375536_10219975156276088_696945288014725120_n-150x150.jpg 150w, https:\/\/www.hoymercedes.com.ar\/principal\/wp-content\/uploads\/2019\/04\/58375536_10219975156276088_696945288014725120_n-620x620.jpg 620w, https:\/\/www.hoymercedes.com.ar\/principal\/wp-content\/uploads\/2019\/04\/58375536_10219975156276088_696945288014725120_n-100x100.jpg 100w\" sizes=\"auto, (max-width: 960px) 100vw, 960px\" \/><\/figure><\/li><li class=\"blocks-gallery-item\"><figure><img loading=\"lazy\" decoding=\"async\" width=\"960\" height=\"960\" data-attachment-id=\"91955\" data-permalink=\"https:\/\/www.hoymercedes.com.ar\/principal\/2019\/04\/26\/la-escuela-municipal-y-el-cef-de-suipacha-debutaron-en-limeba-galeria-de-fotos\/58599007_10219975155796076_96544710125944832_n\/#main\" data-orig-file=\"https:\/\/www.hoymercedes.com.ar\/principal\/wp-content\/uploads\/2019\/04\/58599007_10219975155796076_96544710125944832_n.jpg\" data-orig-size=\"960,960\" data-comments-opened=\"0\" data-image-meta=\"{&quot;aperture&quot;:&quot;0&quot;,&quot;credit&quot;:&quot;&quot;,&quot;camera&quot;:&quot;&quot;,&quot;caption&quot;:&quot;&quot;,&quot;created_timestamp&quot;:&quot;0&quot;,&quot;copyright&quot;:&quot;&quot;,&quot;focal_length&quot;:&quot;0&quot;,&quot;iso&quot;:&quot;0&quot;,&quot;shutter_speed&quot;:&quot;0&quot;,&quot;title&quot;:&quot;&quot;,&quot;orientation&quot;:&quot;0&quot;}\" data-image-title=\"58599007_10219975155796076_96544710125944832_n\" data-image-description=\"\" data-image-caption=\"\" data-large-file=\"https:\/\/www.hoymercedes.com.ar\/principal\/wp-content\/uploads\/2019\/04\/58599007_10219975155796076_96544710125944832_n.jpg\" src=\"https:\/\/www.hoymercedes.com.ar\/principal\/wp-content\/uploads\/2019\/04\/58599007_10219975155796076_96544710125944832_n.jpg\" alt=\"\" data-id=\"91955\" data-link=\"https:\/\/www.hoymercedes.com.ar\/principal\/?attachment_id=91955\" class=\"wp-image-91955\" srcset=\"https:\/\/www.hoymercedes.com.ar\/principal\/wp-content\/uploads\/2019\/04\/58599007_10219975155796076_96544710125944832_n.jpg 960w, https:\/\/www.hoymercedes.com.ar\/principal\/wp-content\/uploads\/2019\/04\/58599007_10219975155796076_96544710125944832_n-150x150.jpg 150w, https:\/\/www.hoymercedes.com.ar\/principal\/wp-content\/uploads\/2019\/04\/58599007_10219975155796076_96544710125944832_n-620x620.jpg 620w, https:\/\/www.hoymercedes.com.ar\/principal\/wp-content\/uploads\/2019\/04\/58599007_10219975155796076_96544710125944832_n-100x100.jpg 100w\" sizes=\"auto, (max-width: 960px) 100vw, 960px\" \/><\/figure><\/li><\/ul>\n","protected":false},"excerpt":{"rendered":"<p>La Escuela Municipal de Handball de Mercedes y el CEF N\u00b0 30 de Suipacha disputaron la primer fecha de LiMeBa &#8230; <a title=\"La Escuela Municipal y el CEF de Suipacha debutaron en LiMeBa (Galer\u00eda de fotos)\" class=\"read-more\" href=\"https:\/\/www.hoymercedes.com.ar\/principal\/2019\/04\/26\/la-escuela-municipal-y-el-cef-de-suipacha-debutaron-en-limeba-galeria-de-fotos\/\" aria-label=\"Leer m\u00e1s sobre La Escuela Municipal y el CEF de Suipacha debutaron en LiMeBa (Galer\u00eda de fotos)\">Leer m\u00e1s<\/a><\/p>\n","protected":false},"author":1,"featured_media":91950,"comment_status":"closed","ping_status":"open","sticky":false,"template":"","format":"standard","meta":{"_monsterinsights_skip_tracking":false,"_monsterinsights_sitenote_active":false,"_monsterinsights_sitenote_note":"","_monsterinsights_sitenote_category":0,"jetpack_post_was_ever_published":false,"_jetpack_newsletter_access":"","_jetpack_dont_email_post_to_subs":false,"_jetpack_newsletter_tier_id":0,"_jetpack_memberships_contains_paywalled_content":false,"_jetpack_memberships_contains_paid_content":false,"footnotes":"","jetpack_publicize_message":"","jetpack_publicize_feature_enabled":true,"jetpack_social_post_already_shared":true,"jetpack_social_options":{"image_generator_settings":{"template":"highway","default_image_id":0,"font":"","enabled":false},"version":2},"_wpas_customize_per_network":false},"categories":[21],"tags":[14947,9371],"class_list":["post-91949","post","type-post","status-publish","format-standard","has-post-thumbnail","hentry","category-deportes","tag-cef-de-suipacha","tag-limeba","generate-columns","tablet-grid-50","mobile-grid-100","grid-parent","grid-50"],"jetpack_publicize_connections":[],"jetpack_featured_media_url":"https:\/\/www.hoymercedes.com.ar\/principal\/wp-content\/uploads\/2019\/04\/58376831_10219975155396066_8938739803915026432_n.jpg","wps_subtitle":"Handball","jetpack_sharing_enabled":true,"_links":{"self":[{"href":"https:\/\/www.hoymercedes.com.ar\/principal\/wp-json\/wp\/v2\/posts\/91949","targetHints":{"allow":["GET"]}}],"collection":[{"href":"https:\/\/www.hoymercedes.com.ar\/principal\/wp-json\/wp\/v2\/posts"}],"about":[{"href":"https:\/\/www.hoymercedes.com.ar\/principal\/wp-json\/wp\/v2\/types\/post"}],"author":[{"embeddable":true,"href":"https:\/\/www.hoymercedes.com.ar\/principal\/wp-json\/wp\/v2\/users\/1"}],"replies":[{"embeddable":true,"href":"https:\/\/www.hoymercedes.com.ar\/principal\/wp-json\/wp\/v2\/comments?post=91949"}],"version-history":[{"count":0,"href":"https:\/\/www.hoymercedes.com.ar\/principal\/wp-json\/wp\/v2\/posts\/91949\/revisions"}],"wp:featuredmedia":[{"embeddable":true,"href":"https:\/\/www.hoymercedes.com.ar\/principal\/wp-json\/wp\/v2\/media\/91950"}],"wp:attachment":[{"href":"https:\/\/www.hoymercedes.com.ar\/principal\/wp-json\/wp\/v2\/media?parent=91949"}],"wp:term":[{"taxonomy":"category","embeddable":true,"href":"https:\/\/www.hoymercedes.com.ar\/principal\/wp-json\/wp\/v2\/categories?post=91949"},{"taxonomy":"post_tag","embeddable":true,"href":"https:\/\/www.hoymercedes.com.ar\/principal\/wp-json\/wp\/v2\/tags?post=91949"}],"curies":[{"name":"wp","href":"https:\/\/api.w.org\/{rel}","templated":true}]}}