{"id":91975,"date":"2019-04-26T11:00:07","date_gmt":"2019-04-26T14:00:07","guid":{"rendered":"http:\/\/www.hoymercedes.com.ar\/principal\/?p=91975"},"modified":"2019-04-26T10:05:21","modified_gmt":"2019-04-26T13:05:21","slug":"91975","status":"publish","type":"post","link":"https:\/\/www.hoymercedes.com.ar\/principal\/2019\/04\/26\/91975\/","title":{"rendered":"SADE Mercedes: escritores locales en la Feria del Libro"},"content":{"rendered":"\n<p>Comenz\u00f3 la Feria del Libro de la ciudad de Buenos Aires y los escritores mercedinos esperan con ansias los d\u00edas que estar\u00e1n presentando sus libros. Cuatro escritores integran la antolog\u00eda de la SADE. Entre ellos Juan Manuel Bories Maxwell, Claudio P\u00e9rez, Bruno Z\u00e1rate, y Mar\u00eda Amelia Dinova Castro. <\/p>\n\n\n\n<p>Los escritores de SADE Mercedes que firmar\u00e1n sus libros en la 45\u00b0 Feria Internacional\u00a0\u00a0del Libro en la ciudad de Buenos Aires los d\u00edas 2, 4 y 6 de Mayo, Stand Central de SADE de 15 a 16 horas en el Pabell\u00f3n Amarillo y desde 18:30 horas en la Sala Carlos Gorostiza<\/p>\n\n\n\n<p>Antolog\u00eda Dorada Oto\u00f1al 2019 de 43 autores nacionales y 5 mercedinos. Direcci\u00f3n: Jorge Citr\u00e1ngolo Casal.\u00a0\u00a0\u00a0<br>Juan Manuel Bories Maxwell \u2013 \u201cSue\u00f1os de un cualquiera\u201d<br>Claudio P\u00e9rez \u2013 \u201cLa Luna de Miel\u201d<br>Bruno Le\u00f3n Z\u00e1rate \u2013 \u201cLa Orden de los Serafines\u201d<br>Mar\u00eda Amelia Dinova Castro \u2013 \u201cMadre Tierra\u201d 2da. Edici\u00f3n<\/p>\n\n\n\n<p>Recordemos que los organismos due\u00f1os y creadores de la Feria del Libro son la Sociedad Argentina de Escritores SADE\u00a0y la Fundaci\u00f3n El Libro siendo el Dr. Alejandro Vaccaro Chao el Presidente de la primera y Vicepresidente de la segunda. <\/p>\n\n\n\n<p>M\u00e1s de 100 socios de SADE Mercedes visitar\u00e1n la gran muestra en forma gratuita con sus carnets y adem\u00e1s, recibir\u00e1n beneficios especiales de editoriales, organismos oficiales y de las entidades que patrocinan la Feria.<br><em>(<\/em><br><\/p>\n","protected":false},"excerpt":{"rendered":"<p>Comenz\u00f3 la Feria del Libro de la ciudad de Buenos Aires y los escritores mercedinos esperan con ansias los d\u00edas &#8230; <a title=\"SADE Mercedes: escritores locales en la Feria del Libro\" class=\"read-more\" href=\"https:\/\/www.hoymercedes.com.ar\/principal\/2019\/04\/26\/91975\/\" aria-label=\"Leer m\u00e1s sobre SADE Mercedes: escritores locales en la Feria del Libro\">Leer m\u00e1s<\/a><\/p>\n","protected":false},"author":1,"featured_media":75255,"comment_status":"closed","ping_status":"open","sticky":false,"template":"","format":"standard","meta":{"_monsterinsights_skip_tracking":false,"_monsterinsights_sitenote_active":false,"_monsterinsights_sitenote_note":"","_monsterinsights_sitenote_category":0,"jetpack_post_was_ever_published":false,"_jetpack_newsletter_access":"","_jetpack_dont_email_post_to_subs":false,"_jetpack_newsletter_tier_id":0,"_jetpack_memberships_contains_paywalled_content":false,"_jetpack_memberships_contains_paid_content":false,"footnotes":"","jetpack_publicize_message":"","jetpack_publicize_feature_enabled":true,"jetpack_social_post_already_shared":true,"jetpack_social_options":{"image_generator_settings":{"template":"highway","default_image_id":0,"font":"","enabled":false},"version":2},"_wpas_customize_per_network":false},"categories":[104],"tags":[7805,685,5148],"class_list":["post-91975","post","type-post","status-publish","format-standard","has-post-thumbnail","hentry","category-cultura","tag-cultura","tag-feria-del-libro","tag-sade-mercedes","generate-columns","tablet-grid-50","mobile-grid-100","grid-parent","grid-50"],"jetpack_publicize_connections":[],"jetpack_featured_media_url":"https:\/\/www.hoymercedes.com.ar\/principal\/wp-content\/uploads\/2018\/05\/02-Z\u00e1rate-feria-2018-2-1.jpg","wps_subtitle":"2, 4 y 6 de mayo","jetpack_sharing_enabled":true,"_links":{"self":[{"href":"https:\/\/www.hoymercedes.com.ar\/principal\/wp-json\/wp\/v2\/posts\/91975","targetHints":{"allow":["GET"]}}],"collection":[{"href":"https:\/\/www.hoymercedes.com.ar\/principal\/wp-json\/wp\/v2\/posts"}],"about":[{"href":"https:\/\/www.hoymercedes.com.ar\/principal\/wp-json\/wp\/v2\/types\/post"}],"author":[{"embeddable":true,"href":"https:\/\/www.hoymercedes.com.ar\/principal\/wp-json\/wp\/v2\/users\/1"}],"replies":[{"embeddable":true,"href":"https:\/\/www.hoymercedes.com.ar\/principal\/wp-json\/wp\/v2\/comments?post=91975"}],"version-history":[{"count":0,"href":"https:\/\/www.hoymercedes.com.ar\/principal\/wp-json\/wp\/v2\/posts\/91975\/revisions"}],"wp:featuredmedia":[{"embeddable":true,"href":"https:\/\/www.hoymercedes.com.ar\/principal\/wp-json\/wp\/v2\/media\/75255"}],"wp:attachment":[{"href":"https:\/\/www.hoymercedes.com.ar\/principal\/wp-json\/wp\/v2\/media?parent=91975"}],"wp:term":[{"taxonomy":"category","embeddable":true,"href":"https:\/\/www.hoymercedes.com.ar\/principal\/wp-json\/wp\/v2\/categories?post=91975"},{"taxonomy":"post_tag","embeddable":true,"href":"https:\/\/www.hoymercedes.com.ar\/principal\/wp-json\/wp\/v2\/tags?post=91975"}],"curies":[{"name":"wp","href":"https:\/\/api.w.org\/{rel}","templated":true}]}}