{"id":91981,"date":"2019-04-26T14:49:00","date_gmt":"2019-04-26T17:49:00","guid":{"rendered":"http:\/\/www.hoymercedes.com.ar\/principal\/?p=91981"},"modified":"2019-04-26T14:51:11","modified_gmt":"2019-04-26T17:51:11","slug":"secuestran-plantas-de-marihuanas-y-cogollos-del-narcomenudeo","status":"publish","type":"post","link":"https:\/\/www.hoymercedes.com.ar\/principal\/2019\/04\/26\/secuestran-plantas-de-marihuanas-y-cogollos-del-narcomenudeo\/","title":{"rendered":"Secuestran plantas de marihuanas y cogollos del narcomenudeo"},"content":{"rendered":"\n<p>La Polic\u00eda Federal delegaci\u00f3n Mercedes llev\u00f3 adelante d\u00edas atr\u00e1s un allanamiento en un domicilio de la ciudad en donde hall\u00f3 dos plantas de canabis y cogollos de marihuana en el marco de una investigaci\u00f3n policial sobre narcomenudeo y narcotr\u00e1fico. <\/p>\n\n\n\n<p>El pasado 24 de abril, en horas de la tarde, Personal de la Delegaci\u00f3n Mercedes de la Polic\u00eda Federal Argentina, continuando con las investigaciones contra el narcomenudeo y narcotr\u00e1fico de sustancias prohibidas, secuestr\u00f3 dos plantas de cannabis sativa y gran cantidad de cogollos de la misma sustancia vegetal, en un domicilio de la ciudad de Mercedes.<\/p>\n\n\n\n<figure class=\"wp-block-image\"><img loading=\"lazy\" decoding=\"async\" width=\"563\" height=\"750\" data-attachment-id=\"91982\" data-permalink=\"https:\/\/www.hoymercedes.com.ar\/principal\/2019\/04\/26\/secuestran-plantas-de-marihuanas-y-cogollos-del-narcomenudeo\/26-poli-federal-1\/#main\" data-orig-file=\"https:\/\/www.hoymercedes.com.ar\/principal\/wp-content\/uploads\/2019\/04\/26-poli-federal-1.jpg\" data-orig-size=\"563,750\" data-comments-opened=\"0\" data-image-meta=\"{&quot;aperture&quot;:&quot;0&quot;,&quot;credit&quot;:&quot;&quot;,&quot;camera&quot;:&quot;&quot;,&quot;caption&quot;:&quot;&quot;,&quot;created_timestamp&quot;:&quot;0&quot;,&quot;copyright&quot;:&quot;&quot;,&quot;focal_length&quot;:&quot;0&quot;,&quot;iso&quot;:&quot;0&quot;,&quot;shutter_speed&quot;:&quot;0&quot;,&quot;title&quot;:&quot;&quot;,&quot;orientation&quot;:&quot;0&quot;}\" data-image-title=\"26 poli federal 1\" data-image-description=\"\" data-image-caption=\"\" data-large-file=\"https:\/\/www.hoymercedes.com.ar\/principal\/wp-content\/uploads\/2019\/04\/26-poli-federal-1.jpg\" src=\"https:\/\/www.hoymercedes.com.ar\/principal\/wp-content\/uploads\/2019\/04\/26-poli-federal-1.jpg\" alt=\"\" class=\"wp-image-91982\" srcset=\"https:\/\/www.hoymercedes.com.ar\/principal\/wp-content\/uploads\/2019\/04\/26-poli-federal-1.jpg 563w, https:\/\/www.hoymercedes.com.ar\/principal\/wp-content\/uploads\/2019\/04\/26-poli-federal-1-113x150.jpg 113w, https:\/\/www.hoymercedes.com.ar\/principal\/wp-content\/uploads\/2019\/04\/26-poli-federal-1-465x620.jpg 465w\" sizes=\"auto, (max-width: 563px) 100vw, 563px\" \/><\/figure>\n\n\n\n<p>Personal de brigada de la Delegaci\u00f3n Mercedes de la PFA, a trav\u00e9s de tareas de investigativas propias inicias d\u00edas atr\u00e1s, logr\u00f3 determinar que, en un domicilio de esta ciudad, sus ocupantes cultivaban en la parte trasera, arbustos de marihuana. <\/p>\n\n\n\n<p>Es as\u00ed que el personal interventor, procedi\u00f3 al allanamiento de dicho domicilio y al secuestro de dos plantas de cannabis sativa y gran cantidad de cogollos. El magistrado a cargo, el Dr. Gabriel Courtade, notific\u00f3 la formaci\u00f3n de la causa,\u00a0 \u201cinfracci\u00f3n a la ley de droga 23.737\u201d.<\/p>\n\n\n\n<p>Interviene la Fiscal\u00eda Especializada de Estupefacientes del Departamento Judicial de Mercedes a cargo del Dr. Gabriel Courtade, quien caratulo hecho como \u201cAv. Inf. Ley 23.737\u201d.<\/p>\n\n\n\n<p>Fuente: Polic\u00eda Federal Mercedes<\/p>\n\n\n\n<figure class=\"wp-block-image\"><img loading=\"lazy\" decoding=\"async\" width=\"750\" height=\"575\" data-attachment-id=\"91983\" data-permalink=\"https:\/\/www.hoymercedes.com.ar\/principal\/2019\/04\/26\/secuestran-plantas-de-marihuanas-y-cogollos-del-narcomenudeo\/26-poli-federal-2\/#main\" data-orig-file=\"https:\/\/www.hoymercedes.com.ar\/principal\/wp-content\/uploads\/2019\/04\/26-poli-federal-2.jpg\" data-orig-size=\"750,575\" data-comments-opened=\"0\" data-image-meta=\"{&quot;aperture&quot;:&quot;0&quot;,&quot;credit&quot;:&quot;&quot;,&quot;camera&quot;:&quot;&quot;,&quot;caption&quot;:&quot;&quot;,&quot;created_timestamp&quot;:&quot;0&quot;,&quot;copyright&quot;:&quot;&quot;,&quot;focal_length&quot;:&quot;0&quot;,&quot;iso&quot;:&quot;0&quot;,&quot;shutter_speed&quot;:&quot;0&quot;,&quot;title&quot;:&quot;&quot;,&quot;orientation&quot;:&quot;0&quot;}\" data-image-title=\"26 poli federal 2\" data-image-description=\"\" data-image-caption=\"\" data-large-file=\"https:\/\/www.hoymercedes.com.ar\/principal\/wp-content\/uploads\/2019\/04\/26-poli-federal-2.jpg\" src=\"https:\/\/www.hoymercedes.com.ar\/principal\/wp-content\/uploads\/2019\/04\/26-poli-federal-2.jpg\" alt=\"\" class=\"wp-image-91983\" srcset=\"https:\/\/www.hoymercedes.com.ar\/principal\/wp-content\/uploads\/2019\/04\/26-poli-federal-2.jpg 750w, https:\/\/www.hoymercedes.com.ar\/principal\/wp-content\/uploads\/2019\/04\/26-poli-federal-2-150x115.jpg 150w, https:\/\/www.hoymercedes.com.ar\/principal\/wp-content\/uploads\/2019\/04\/26-poli-federal-2-630x483.jpg 630w, https:\/\/www.hoymercedes.com.ar\/principal\/wp-content\/uploads\/2019\/04\/26-poli-federal-2-520x400.jpg 520w\" sizes=\"auto, (max-width: 750px) 100vw, 750px\" \/><\/figure>\n","protected":false},"excerpt":{"rendered":"<p>La Polic\u00eda Federal delegaci\u00f3n Mercedes llev\u00f3 adelante d\u00edas atr\u00e1s un allanamiento en un domicilio de la ciudad en donde hall\u00f3 &#8230; <a title=\"Secuestran plantas de marihuanas y cogollos del narcomenudeo\" class=\"read-more\" href=\"https:\/\/www.hoymercedes.com.ar\/principal\/2019\/04\/26\/secuestran-plantas-de-marihuanas-y-cogollos-del-narcomenudeo\/\" aria-label=\"Leer m\u00e1s sobre Secuestran plantas de marihuanas y cogollos del narcomenudeo\">Leer m\u00e1s<\/a><\/p>\n","protected":false},"author":1,"featured_media":91983,"comment_status":"closed","ping_status":"open","sticky":false,"template":"","format":"standard","meta":{"_monsterinsights_skip_tracking":false,"_monsterinsights_sitenote_active":false,"_monsterinsights_sitenote_note":"","_monsterinsights_sitenote_category":0,"jetpack_post_was_ever_published":false,"_jetpack_newsletter_access":"","_jetpack_dont_email_post_to_subs":false,"_jetpack_newsletter_tier_id":0,"_jetpack_memberships_contains_paywalled_content":false,"_jetpack_memberships_contains_paid_content":false,"footnotes":"","jetpack_publicize_message":"","jetpack_publicize_feature_enabled":true,"jetpack_social_post_already_shared":true,"jetpack_social_options":{"image_generator_settings":{"template":"highway","default_image_id":0,"font":"","enabled":false},"version":2},"_wpas_customize_per_network":false},"categories":[85],"tags":[7125,6549],"class_list":["post-91981","post","type-post","status-publish","format-standard","has-post-thumbnail","hentry","category-policial","tag-allanamientos","tag-policia-federal","generate-columns","tablet-grid-50","mobile-grid-100","grid-parent","grid-50"],"jetpack_publicize_connections":[],"jetpack_featured_media_url":"https:\/\/www.hoymercedes.com.ar\/principal\/wp-content\/uploads\/2019\/04\/26-poli-federal-2.jpg","wps_subtitle":"","jetpack_sharing_enabled":true,"_links":{"self":[{"href":"https:\/\/www.hoymercedes.com.ar\/principal\/wp-json\/wp\/v2\/posts\/91981","targetHints":{"allow":["GET"]}}],"collection":[{"href":"https:\/\/www.hoymercedes.com.ar\/principal\/wp-json\/wp\/v2\/posts"}],"about":[{"href":"https:\/\/www.hoymercedes.com.ar\/principal\/wp-json\/wp\/v2\/types\/post"}],"author":[{"embeddable":true,"href":"https:\/\/www.hoymercedes.com.ar\/principal\/wp-json\/wp\/v2\/users\/1"}],"replies":[{"embeddable":true,"href":"https:\/\/www.hoymercedes.com.ar\/principal\/wp-json\/wp\/v2\/comments?post=91981"}],"version-history":[{"count":0,"href":"https:\/\/www.hoymercedes.com.ar\/principal\/wp-json\/wp\/v2\/posts\/91981\/revisions"}],"wp:featuredmedia":[{"embeddable":true,"href":"https:\/\/www.hoymercedes.com.ar\/principal\/wp-json\/wp\/v2\/media\/91983"}],"wp:attachment":[{"href":"https:\/\/www.hoymercedes.com.ar\/principal\/wp-json\/wp\/v2\/media?parent=91981"}],"wp:term":[{"taxonomy":"category","embeddable":true,"href":"https:\/\/www.hoymercedes.com.ar\/principal\/wp-json\/wp\/v2\/categories?post=91981"},{"taxonomy":"post_tag","embeddable":true,"href":"https:\/\/www.hoymercedes.com.ar\/principal\/wp-json\/wp\/v2\/tags?post=91981"}],"curies":[{"name":"wp","href":"https:\/\/api.w.org\/{rel}","templated":true}]}}