{"id":91989,"date":"2019-04-26T17:13:34","date_gmt":"2019-04-26T20:13:34","guid":{"rendered":"http:\/\/www.hoymercedes.com.ar\/principal\/?p=91989"},"modified":"2019-04-26T15:29:12","modified_gmt":"2019-04-26T18:29:12","slug":"donacion-de-libros-para-la-biblioteca-del-anexo-femenino-de-la-carcel","status":"publish","type":"post","link":"https:\/\/www.hoymercedes.com.ar\/principal\/2019\/04\/26\/donacion-de-libros-para-la-biblioteca-del-anexo-femenino-de-la-carcel\/","title":{"rendered":"Donaci\u00f3n de libros para la biblioteca del Anexo Femenino de la c\u00e1rcel"},"content":{"rendered":"\n<p><br>El martes pasado, en el Anexo Femenino de la Unidad Penitenciaria N \u00ba 5, se concret\u00f3 un proyecto personal de la Profesora\u00a0Claudia\u00a0Cal, que pertenece al Centro de Educaci\u00f3n Agrario N\u00ba 9 y desde el a\u00f1o pasado les da clases a las internas en distintos cursos, como fue elaboraci\u00f3n de conservas y comida saludable.<\/p>\n\n\n\n<figure class=\"wp-block-image\"><img loading=\"lazy\" decoding=\"async\" width=\"750\" height=\"500\" data-attachment-id=\"91990\" data-permalink=\"https:\/\/www.hoymercedes.com.ar\/principal\/2019\/04\/26\/donacion-de-libros-para-la-biblioteca-del-anexo-femenino-de-la-carcel\/26-carcel-libros\/#main\" data-orig-file=\"https:\/\/www.hoymercedes.com.ar\/principal\/wp-content\/uploads\/2019\/04\/26-carcel-libros.jpg\" data-orig-size=\"750,500\" data-comments-opened=\"0\" data-image-meta=\"{&quot;aperture&quot;:&quot;0&quot;,&quot;credit&quot;:&quot;&quot;,&quot;camera&quot;:&quot;&quot;,&quot;caption&quot;:&quot;&quot;,&quot;created_timestamp&quot;:&quot;0&quot;,&quot;copyright&quot;:&quot;&quot;,&quot;focal_length&quot;:&quot;0&quot;,&quot;iso&quot;:&quot;0&quot;,&quot;shutter_speed&quot;:&quot;0&quot;,&quot;title&quot;:&quot;&quot;,&quot;orientation&quot;:&quot;0&quot;}\" data-image-title=\"26 carcel libros\" data-image-description=\"\" data-image-caption=\"\" data-large-file=\"https:\/\/www.hoymercedes.com.ar\/principal\/wp-content\/uploads\/2019\/04\/26-carcel-libros.jpg\" src=\"https:\/\/www.hoymercedes.com.ar\/principal\/wp-content\/uploads\/2019\/04\/26-carcel-libros.jpg\" alt=\"\" class=\"wp-image-91990\" srcset=\"https:\/\/www.hoymercedes.com.ar\/principal\/wp-content\/uploads\/2019\/04\/26-carcel-libros.jpg 750w, https:\/\/www.hoymercedes.com.ar\/principal\/wp-content\/uploads\/2019\/04\/26-carcel-libros-150x100.jpg 150w, https:\/\/www.hoymercedes.com.ar\/principal\/wp-content\/uploads\/2019\/04\/26-carcel-libros-630x420.jpg 630w, https:\/\/www.hoymercedes.com.ar\/principal\/wp-content\/uploads\/2019\/04\/26-carcel-libros-720x480.jpg 720w, https:\/\/www.hoymercedes.com.ar\/principal\/wp-content\/uploads\/2019\/04\/26-carcel-libros-360x240.jpg 360w\" sizes=\"auto, (max-width: 750px) 100vw, 750px\" \/><\/figure>\n\n\n\n<p>A trav\u00e9s de la experiencia que fue haciendo decidi\u00f3 juntar durante todo el verano libros entre sus allegados y adem\u00e1s consigui\u00f3 la donaci\u00f3n de un mueble por medio de Jorgelina Silva de Desarrollo Social Municipal, para colocar la gran cantidad de ejemplares de distintos g\u00e9neros que trajo y sumar los libros que ya estaban en el lugar por otras donaciones.<\/p>\n\n\n\n<p>En esta oportunidad la acompa\u00f1aron a la entrega de la Claudia Cal , la Directora del CEA Rosa Mart\u00ednez, la Subdirectora de Administraci\u00f3n Paola Banegas, la Coordinadora de Cultura Agustina Ferraro, personal del Anexo, entre otros. La profesora explico el sistema de fichas, el inventario, entre otros conceptos a las internas designadas para bibliotecarias.<\/p>\n\n\n\n<p>La donaci\u00f3n fue muy bien recibida, y ya hab\u00eda inter\u00e9s por algunos ejemplares por lo que las internas pueden empezar a retirarlos para su lectura.<\/p>\n\n\n\n<p>La Subdirectora de la Unidad , Paola Banegas, expres\u00f3 su agradecimiento a la ciudadana que gentilmente pens\u00f3 en la Unidad como destino para su colaboraci\u00f3n al igual que el personal y las internas.<\/p>\n\n\n\n<p>Fuente: Unidad 5<\/p>\n","protected":false},"excerpt":{"rendered":"<p>El martes pasado, en el Anexo Femenino de la Unidad Penitenciaria N \u00ba 5, se concret\u00f3 un proyecto personal de &#8230; <a title=\"Donaci\u00f3n de libros para la biblioteca del Anexo Femenino de la c\u00e1rcel\" class=\"read-more\" href=\"https:\/\/www.hoymercedes.com.ar\/principal\/2019\/04\/26\/donacion-de-libros-para-la-biblioteca-del-anexo-femenino-de-la-carcel\/\" aria-label=\"Leer m\u00e1s sobre Donaci\u00f3n de libros para la biblioteca del Anexo Femenino de la c\u00e1rcel\">Leer m\u00e1s<\/a><\/p>\n","protected":false},"author":1,"featured_media":91990,"comment_status":"closed","ping_status":"open","sticky":false,"template":"","format":"standard","meta":{"_monsterinsights_skip_tracking":false,"_monsterinsights_sitenote_active":false,"_monsterinsights_sitenote_note":"","_monsterinsights_sitenote_category":0,"jetpack_post_was_ever_published":false,"_jetpack_newsletter_access":"","_jetpack_dont_email_post_to_subs":false,"_jetpack_newsletter_tier_id":0,"_jetpack_memberships_contains_paywalled_content":false,"_jetpack_memberships_contains_paid_content":false,"footnotes":"","jetpack_publicize_message":"","jetpack_publicize_feature_enabled":true,"jetpack_social_post_already_shared":true,"jetpack_social_options":{"image_generator_settings":{"template":"highway","default_image_id":0,"font":"","enabled":false},"version":2},"_wpas_customize_per_network":false},"categories":[8],"tags":[9124,1011,9783,113],"class_list":["post-91989","post","type-post","status-publish","format-standard","has-post-thumbnail","hentry","category-sociedad","tag-anexo-femenino","tag-carcel","tag-donacion","tag-unidad-5","generate-columns","tablet-grid-50","mobile-grid-100","grid-parent","grid-50"],"jetpack_publicize_connections":[],"jetpack_featured_media_url":"https:\/\/www.hoymercedes.com.ar\/principal\/wp-content\/uploads\/2019\/04\/26-carcel-libros.jpg","wps_subtitle":"Literatura en la c\u00e1rcel","jetpack_sharing_enabled":true,"_links":{"self":[{"href":"https:\/\/www.hoymercedes.com.ar\/principal\/wp-json\/wp\/v2\/posts\/91989","targetHints":{"allow":["GET"]}}],"collection":[{"href":"https:\/\/www.hoymercedes.com.ar\/principal\/wp-json\/wp\/v2\/posts"}],"about":[{"href":"https:\/\/www.hoymercedes.com.ar\/principal\/wp-json\/wp\/v2\/types\/post"}],"author":[{"embeddable":true,"href":"https:\/\/www.hoymercedes.com.ar\/principal\/wp-json\/wp\/v2\/users\/1"}],"replies":[{"embeddable":true,"href":"https:\/\/www.hoymercedes.com.ar\/principal\/wp-json\/wp\/v2\/comments?post=91989"}],"version-history":[{"count":0,"href":"https:\/\/www.hoymercedes.com.ar\/principal\/wp-json\/wp\/v2\/posts\/91989\/revisions"}],"wp:featuredmedia":[{"embeddable":true,"href":"https:\/\/www.hoymercedes.com.ar\/principal\/wp-json\/wp\/v2\/media\/91990"}],"wp:attachment":[{"href":"https:\/\/www.hoymercedes.com.ar\/principal\/wp-json\/wp\/v2\/media?parent=91989"}],"wp:term":[{"taxonomy":"category","embeddable":true,"href":"https:\/\/www.hoymercedes.com.ar\/principal\/wp-json\/wp\/v2\/categories?post=91989"},{"taxonomy":"post_tag","embeddable":true,"href":"https:\/\/www.hoymercedes.com.ar\/principal\/wp-json\/wp\/v2\/tags?post=91989"}],"curies":[{"name":"wp","href":"https:\/\/api.w.org\/{rel}","templated":true}]}}