{"id":91993,"date":"2019-04-26T19:12:01","date_gmt":"2019-04-26T22:12:01","guid":{"rendered":"http:\/\/www.hoymercedes.com.ar\/principal\/?p=91993"},"modified":"2019-04-26T16:52:37","modified_gmt":"2019-04-26T19:52:37","slug":"jovenes-solidarios-pintaron-el-jardin-n-904","status":"publish","type":"post","link":"https:\/\/www.hoymercedes.com.ar\/principal\/2019\/04\/26\/jovenes-solidarios-pintaron-el-jardin-n-904\/","title":{"rendered":"J\u00f3venes solidarios pintaron el Jard\u00edn N\u00b0 904"},"content":{"rendered":"\n<p>El Municipio de Mercedes, a trav\u00e9s de la Coordinaci\u00f3n de Pol\u00edticas Juveniles, est\u00e1 llevando a cabo las jornadas solidarias \u201cSomos Juventud\u201d. El objetivo de esta iniciativa es realizar trabajos que mejoren y embellezcan diferentes espacios p\u00fablicos y establecimientos educativos. En esta ocasi\u00f3n pintaron el Jard\u00edn de Infantes N\u00b0 904, previo a un nuevo aniversario  de la instituci\u00f3n. <\/p>\n\n\n\n<figure class=\"wp-block-image\"><img loading=\"lazy\" decoding=\"async\" width=\"750\" height=\"499\" data-attachment-id=\"91994\" data-permalink=\"https:\/\/www.hoymercedes.com.ar\/principal\/2019\/04\/26\/jovenes-solidarios-pintaron-el-jardin-n-904\/26-juventudsolidaria1\/#main\" data-orig-file=\"https:\/\/www.hoymercedes.com.ar\/principal\/wp-content\/uploads\/2019\/04\/26-juventudsolidaria1.jpg\" data-orig-size=\"750,499\" data-comments-opened=\"0\" data-image-meta=\"{&quot;aperture&quot;:&quot;0&quot;,&quot;credit&quot;:&quot;&quot;,&quot;camera&quot;:&quot;&quot;,&quot;caption&quot;:&quot;&quot;,&quot;created_timestamp&quot;:&quot;0&quot;,&quot;copyright&quot;:&quot;&quot;,&quot;focal_length&quot;:&quot;0&quot;,&quot;iso&quot;:&quot;0&quot;,&quot;shutter_speed&quot;:&quot;0&quot;,&quot;title&quot;:&quot;&quot;,&quot;orientation&quot;:&quot;0&quot;}\" data-image-title=\"26 juventudsolidaria1\" data-image-description=\"\" data-image-caption=\"\" data-large-file=\"https:\/\/www.hoymercedes.com.ar\/principal\/wp-content\/uploads\/2019\/04\/26-juventudsolidaria1.jpg\" src=\"https:\/\/www.hoymercedes.com.ar\/principal\/wp-content\/uploads\/2019\/04\/26-juventudsolidaria1.jpg\" alt=\"\" class=\"wp-image-91994\" srcset=\"https:\/\/www.hoymercedes.com.ar\/principal\/wp-content\/uploads\/2019\/04\/26-juventudsolidaria1.jpg 750w, https:\/\/www.hoymercedes.com.ar\/principal\/wp-content\/uploads\/2019\/04\/26-juventudsolidaria1-150x100.jpg 150w, https:\/\/www.hoymercedes.com.ar\/principal\/wp-content\/uploads\/2019\/04\/26-juventudsolidaria1-630x419.jpg 630w, https:\/\/www.hoymercedes.com.ar\/principal\/wp-content\/uploads\/2019\/04\/26-juventudsolidaria1-720x480.jpg 720w, https:\/\/www.hoymercedes.com.ar\/principal\/wp-content\/uploads\/2019\/04\/26-juventudsolidaria1-360x240.jpg 360w\" sizes=\"auto, (max-width: 750px) 100vw, 750px\" \/><\/figure>\n\n\n\n<p>La Coordinadora de Juventud, Eugenia C\u00f3dega, presente en esta actividad expres\u00f3 \u201cestamos muy contentos de poder llevar a adelante la quinta jornada solidaria \u201cSomos Juventud\u201d en nuestra ciudad\u201d y agreg\u00f3 \u201choy nos toca el jard\u00edn 904 que a d\u00edas de cumplir su 50 aniversario, lo estamos embelleciendo\u201d.<\/p>\n\n\n\n<p>\u201cDesde el \u00e1rea sumamos a los j\u00f3venes desde un lugar solidario de sumarse a participar\u201d y destac\u00f3 \u201cesto mejora los lazos entre el municipio y las instituciones educativas\u201d. Adem\u00e1s, agradeci\u00f3 al jard\u00edn por \u201crecibirnos tan bien y abrirnos sus puertas\u201d.&nbsp;&nbsp;<\/p>\n\n\n\n<p>Por su parte, los directivos del jard\u00edn 904 indicaron \u201cqueremos agradecer esta iniciativa que permite realizar este gran trabajo y que de manera desinteresada deja a nuestro jard\u00edn casi listo para este pr\u00f3ximo 2 de mayo, d\u00eda que festejaremos nuestro 50 aniversario, muchas gracias\u201d.<br><\/p>\n","protected":false},"excerpt":{"rendered":"<p>El Municipio de Mercedes, a trav\u00e9s de la Coordinaci\u00f3n de Pol\u00edticas Juveniles, est\u00e1 llevando a cabo las jornadas solidarias \u201cSomos &#8230; <a title=\"J\u00f3venes solidarios pintaron el Jard\u00edn N\u00b0 904\" class=\"read-more\" href=\"https:\/\/www.hoymercedes.com.ar\/principal\/2019\/04\/26\/jovenes-solidarios-pintaron-el-jardin-n-904\/\" aria-label=\"Leer m\u00e1s sobre J\u00f3venes solidarios pintaron el Jard\u00edn N\u00b0 904\">Leer m\u00e1s<\/a><\/p>\n","protected":false},"author":1,"featured_media":91994,"comment_status":"closed","ping_status":"open","sticky":false,"template":"","format":"standard","meta":{"_monsterinsights_skip_tracking":false,"_monsterinsights_sitenote_active":false,"_monsterinsights_sitenote_note":"","_monsterinsights_sitenote_category":0,"jetpack_post_was_ever_published":false,"_jetpack_newsletter_access":"","_jetpack_dont_email_post_to_subs":false,"_jetpack_newsletter_tier_id":0,"_jetpack_memberships_contains_paywalled_content":false,"_jetpack_memberships_contains_paid_content":false,"footnotes":"","jetpack_publicize_message":"","jetpack_publicize_feature_enabled":true,"jetpack_social_post_already_shared":true,"jetpack_social_options":{"image_generator_settings":{"template":"highway","default_image_id":0,"font":"","enabled":false},"version":2},"_wpas_customize_per_network":false},"categories":[30],"tags":[47,2252,10358],"class_list":["post-91993","post","type-post","status-publish","format-standard","has-post-thumbnail","hentry","category-municipio","tag-educacion-2","tag-juventud","tag-municipio","generate-columns","tablet-grid-50","mobile-grid-100","grid-parent","grid-50"],"jetpack_publicize_connections":[],"jetpack_featured_media_url":"https:\/\/www.hoymercedes.com.ar\/principal\/wp-content\/uploads\/2019\/04\/26-juventudsolidaria1.jpg","wps_subtitle":"Previo al aniversario 50","jetpack_sharing_enabled":true,"_links":{"self":[{"href":"https:\/\/www.hoymercedes.com.ar\/principal\/wp-json\/wp\/v2\/posts\/91993","targetHints":{"allow":["GET"]}}],"collection":[{"href":"https:\/\/www.hoymercedes.com.ar\/principal\/wp-json\/wp\/v2\/posts"}],"about":[{"href":"https:\/\/www.hoymercedes.com.ar\/principal\/wp-json\/wp\/v2\/types\/post"}],"author":[{"embeddable":true,"href":"https:\/\/www.hoymercedes.com.ar\/principal\/wp-json\/wp\/v2\/users\/1"}],"replies":[{"embeddable":true,"href":"https:\/\/www.hoymercedes.com.ar\/principal\/wp-json\/wp\/v2\/comments?post=91993"}],"version-history":[{"count":0,"href":"https:\/\/www.hoymercedes.com.ar\/principal\/wp-json\/wp\/v2\/posts\/91993\/revisions"}],"wp:featuredmedia":[{"embeddable":true,"href":"https:\/\/www.hoymercedes.com.ar\/principal\/wp-json\/wp\/v2\/media\/91994"}],"wp:attachment":[{"href":"https:\/\/www.hoymercedes.com.ar\/principal\/wp-json\/wp\/v2\/media?parent=91993"}],"wp:term":[{"taxonomy":"category","embeddable":true,"href":"https:\/\/www.hoymercedes.com.ar\/principal\/wp-json\/wp\/v2\/categories?post=91993"},{"taxonomy":"post_tag","embeddable":true,"href":"https:\/\/www.hoymercedes.com.ar\/principal\/wp-json\/wp\/v2\/tags?post=91993"}],"curies":[{"name":"wp","href":"https:\/\/api.w.org\/{rel}","templated":true}]}}