{"id":91998,"date":"2019-04-26T19:43:35","date_gmt":"2019-04-26T22:43:35","guid":{"rendered":"http:\/\/www.hoymercedes.com.ar\/principal\/?p=91998"},"modified":"2019-04-26T20:10:42","modified_gmt":"2019-04-26T23:10:42","slug":"romina-fernandez-gano-la-medalla-de-oro-en-brasil","status":"publish","type":"post","link":"https:\/\/www.hoymercedes.com.ar\/principal\/2019\/04\/26\/romina-fernandez-gano-la-medalla-de-oro-en-brasil\/","title":{"rendered":"Romina Fern\u00e1ndez gan\u00f3 la medalla de Oro en Brasil"},"content":{"rendered":"\n<p>Se est\u00e1 realizando en San Pablo el Open Internacional de Atletismo para deportistas paral\u00edmpicos y la mercedina Romina Fern\u00e1ndez es parte de la Selecci\u00f3n Argentina de la Federaci\u00f3n Argentina de Deportistas con Par\u00e1lisis Cerebral, apoyada por el Ente Nacional de Alto Rendimiento Deportivo.<\/p>\n\n\n\n<figure class=\"wp-block-image\"><img loading=\"lazy\" decoding=\"async\" width=\"720\" height=\"960\" data-attachment-id=\"91999\" data-permalink=\"https:\/\/www.hoymercedes.com.ar\/principal\/2019\/04\/26\/romina-fernandez-gano-la-medalla-de-oro-en-brasil\/romina-fernandez-en-san-pablo\/#main\" data-orig-file=\"https:\/\/www.hoymercedes.com.ar\/principal\/wp-content\/uploads\/2019\/04\/Romina-Fernandez-en-San-Pablo.jpg\" data-orig-size=\"720,960\" data-comments-opened=\"0\" data-image-meta=\"{&quot;aperture&quot;:&quot;0&quot;,&quot;credit&quot;:&quot;&quot;,&quot;camera&quot;:&quot;&quot;,&quot;caption&quot;:&quot;&quot;,&quot;created_timestamp&quot;:&quot;0&quot;,&quot;copyright&quot;:&quot;&quot;,&quot;focal_length&quot;:&quot;0&quot;,&quot;iso&quot;:&quot;0&quot;,&quot;shutter_speed&quot;:&quot;0&quot;,&quot;title&quot;:&quot;&quot;,&quot;orientation&quot;:&quot;0&quot;}\" data-image-title=\"Romina Fernandez en San Pablo\" data-image-description=\"\" data-image-caption=\"\" data-large-file=\"https:\/\/www.hoymercedes.com.ar\/principal\/wp-content\/uploads\/2019\/04\/Romina-Fernandez-en-San-Pablo.jpg\" src=\"https:\/\/www.hoymercedes.com.ar\/principal\/wp-content\/uploads\/2019\/04\/Romina-Fernandez-en-San-Pablo.jpg\" alt=\"\" class=\"wp-image-91999\" srcset=\"https:\/\/www.hoymercedes.com.ar\/principal\/wp-content\/uploads\/2019\/04\/Romina-Fernandez-en-San-Pablo.jpg 720w, https:\/\/www.hoymercedes.com.ar\/principal\/wp-content\/uploads\/2019\/04\/Romina-Fernandez-en-San-Pablo-113x150.jpg 113w, https:\/\/www.hoymercedes.com.ar\/principal\/wp-content\/uploads\/2019\/04\/Romina-Fernandez-en-San-Pablo-465x620.jpg 465w\" sizes=\"auto, (max-width: 720px) 100vw, 720px\" \/><\/figure>\n\n\n\n<p>En la primera jornada del certamen, la mercedina obtuvo el oro en  <br>lanzamiento de la clava dentro de la categor\u00eda F32, con siguiendo una muy buena marca de 17 metros con 44 cent\u00edmetros, quedando muy cerca del actual record. <\/p>\n\n\n\n<p>Entrenada por Daniela Libares, Fern\u00e1ndez realiz\u00f3 su lanzamiento desde un taburete, dentro de una jaula donde habitualmente lanzan disco y martillo. Ahora esperar\u00e1 por el turno de Lanzamiento de Bala, donde buscar\u00e1 una nueva medalla.<\/p>\n\n\n\n<p>El resto de la Selecci\u00f3n tuvo los siguientes resultados:<\/p>\n\n\n\n<p>\u2022 Alexis Chavez: 1\u00b0 puesto medalla de oro 100 metros T36.<br>\u2022 Karen Tassi: 2\u00b0 puesto medalla de plata unificado 35\/36\/37\/38 lanzamiento de la bala.<br>\u2022 Diego Gonz\u00e1lez: 2\u00b0 puesto medalla de plata T 35 100 metros.<br>\u2022 Brian Impelizeri: 3\u00b0 puesto 100 metros medalla de bronce T37<br>\u2022 Daniel Tataren: 4\u00b0 puesto y mejor marca en 100 metros T37.<br>\u2022 Lis Scaroni: 2\u00b0 puesto T37 medalla de plata 100 metros T37.<\/p>\n","protected":false},"excerpt":{"rendered":"<p>Se est\u00e1 realizando en San Pablo el Open Internacional de Atletismo para deportistas paral\u00edmpicos y la mercedina Romina Fern\u00e1ndez es &#8230; <a title=\"Romina Fern\u00e1ndez gan\u00f3 la medalla de Oro en Brasil\" class=\"read-more\" href=\"https:\/\/www.hoymercedes.com.ar\/principal\/2019\/04\/26\/romina-fernandez-gano-la-medalla-de-oro-en-brasil\/\" aria-label=\"Leer m\u00e1s sobre Romina Fern\u00e1ndez gan\u00f3 la medalla de Oro en Brasil\">Leer m\u00e1s<\/a><\/p>\n","protected":false},"author":1,"featured_media":91999,"comment_status":"closed","ping_status":"open","sticky":false,"template":"","format":"standard","meta":{"_monsterinsights_skip_tracking":false,"_monsterinsights_sitenote_active":false,"_monsterinsights_sitenote_note":"","_monsterinsights_sitenote_category":0,"jetpack_post_was_ever_published":false,"_jetpack_newsletter_access":"","_jetpack_dont_email_post_to_subs":false,"_jetpack_newsletter_tier_id":0,"_jetpack_memberships_contains_paywalled_content":false,"_jetpack_memberships_contains_paid_content":false,"footnotes":"","jetpack_publicize_message":"","jetpack_publicize_feature_enabled":true,"jetpack_social_post_already_shared":true,"jetpack_social_options":{"image_generator_settings":{"template":"highway","default_image_id":0,"font":"","enabled":false},"version":2},"_wpas_customize_per_network":false},"categories":[21],"tags":[14950,11135],"class_list":["post-91998","post","type-post","status-publish","format-standard","has-post-thumbnail","hentry","category-deportes","tag-open-internacional-brasil","tag-romina-fernandez","generate-columns","tablet-grid-50","mobile-grid-100","grid-parent","grid-50"],"jetpack_publicize_connections":[],"jetpack_featured_media_url":"https:\/\/www.hoymercedes.com.ar\/principal\/wp-content\/uploads\/2019\/04\/Romina-Fernandez-en-San-Pablo.jpg","wps_subtitle":"Atletismo","jetpack_sharing_enabled":true,"_links":{"self":[{"href":"https:\/\/www.hoymercedes.com.ar\/principal\/wp-json\/wp\/v2\/posts\/91998","targetHints":{"allow":["GET"]}}],"collection":[{"href":"https:\/\/www.hoymercedes.com.ar\/principal\/wp-json\/wp\/v2\/posts"}],"about":[{"href":"https:\/\/www.hoymercedes.com.ar\/principal\/wp-json\/wp\/v2\/types\/post"}],"author":[{"embeddable":true,"href":"https:\/\/www.hoymercedes.com.ar\/principal\/wp-json\/wp\/v2\/users\/1"}],"replies":[{"embeddable":true,"href":"https:\/\/www.hoymercedes.com.ar\/principal\/wp-json\/wp\/v2\/comments?post=91998"}],"version-history":[{"count":0,"href":"https:\/\/www.hoymercedes.com.ar\/principal\/wp-json\/wp\/v2\/posts\/91998\/revisions"}],"wp:featuredmedia":[{"embeddable":true,"href":"https:\/\/www.hoymercedes.com.ar\/principal\/wp-json\/wp\/v2\/media\/91999"}],"wp:attachment":[{"href":"https:\/\/www.hoymercedes.com.ar\/principal\/wp-json\/wp\/v2\/media?parent=91998"}],"wp:term":[{"taxonomy":"category","embeddable":true,"href":"https:\/\/www.hoymercedes.com.ar\/principal\/wp-json\/wp\/v2\/categories?post=91998"},{"taxonomy":"post_tag","embeddable":true,"href":"https:\/\/www.hoymercedes.com.ar\/principal\/wp-json\/wp\/v2\/tags?post=91998"}],"curies":[{"name":"wp","href":"https:\/\/api.w.org\/{rel}","templated":true}]}}