{"id":92019,"date":"2019-04-27T09:25:17","date_gmt":"2019-04-27T12:25:17","guid":{"rendered":"http:\/\/www.hoymercedes.com.ar\/principal\/?p=92019"},"modified":"2019-04-27T09:28:36","modified_gmt":"2019-04-27T12:28:36","slug":"orgullo-de-ser-abogado-en-la-palabra-de-horacio-vero","status":"publish","type":"post","link":"https:\/\/www.hoymercedes.com.ar\/principal\/2019\/04\/27\/orgullo-de-ser-abogado-en-la-palabra-de-horacio-vero\/","title":{"rendered":"\u00abOrgullo de Ser Abogado\u00bb en la palabra de Horacio Vero"},"content":{"rendered":"\n<p>El abogado oriundo de Chivilcoy, Horacio Vero, presentar\u00e1 un nuevo libro en Mercedes. El libro se titula \u00abEl Orgullo de Ser Abogado\u00bb y ser\u00e1 presentado el 2 de mayo en el Sal\u00f3n de Actos del Colegio de Abogados de Mercedes, 1\u00b0 piso del edificio de 24 y 29. <\/p>\n\n\n\n<figure class=\"wp-block-image\"><img loading=\"lazy\" decoding=\"async\" width=\"750\" height=\"500\" data-attachment-id=\"92020\" data-permalink=\"https:\/\/www.hoymercedes.com.ar\/principal\/2019\/04\/27\/orgullo-de-ser-abogado-en-la-palabra-de-horacio-vero\/27-vero-abogados\/#main\" data-orig-file=\"https:\/\/www.hoymercedes.com.ar\/principal\/wp-content\/uploads\/2019\/04\/27-Vero-Abogados.jpg\" data-orig-size=\"750,500\" data-comments-opened=\"0\" data-image-meta=\"{&quot;aperture&quot;:&quot;2&quot;,&quot;credit&quot;:&quot;&quot;,&quot;camera&quot;:&quot;Moto G (5S) Plus&quot;,&quot;caption&quot;:&quot;&quot;,&quot;created_timestamp&quot;:&quot;1556018392&quot;,&quot;copyright&quot;:&quot;&quot;,&quot;focal_length&quot;:&quot;3.59&quot;,&quot;iso&quot;:&quot;103&quot;,&quot;shutter_speed&quot;:&quot;0.033333333333333&quot;,&quot;title&quot;:&quot;&quot;,&quot;orientation&quot;:&quot;1&quot;}\" data-image-title=\"27 Vero Abogados\" data-image-description=\"\" data-image-caption=\"\" data-large-file=\"https:\/\/www.hoymercedes.com.ar\/principal\/wp-content\/uploads\/2019\/04\/27-Vero-Abogados.jpg\" src=\"https:\/\/www.hoymercedes.com.ar\/principal\/wp-content\/uploads\/2019\/04\/27-Vero-Abogados.jpg\" alt=\"\" class=\"wp-image-92020\" srcset=\"https:\/\/www.hoymercedes.com.ar\/principal\/wp-content\/uploads\/2019\/04\/27-Vero-Abogados.jpg 750w, https:\/\/www.hoymercedes.com.ar\/principal\/wp-content\/uploads\/2019\/04\/27-Vero-Abogados-150x100.jpg 150w, https:\/\/www.hoymercedes.com.ar\/principal\/wp-content\/uploads\/2019\/04\/27-Vero-Abogados-630x420.jpg 630w, https:\/\/www.hoymercedes.com.ar\/principal\/wp-content\/uploads\/2019\/04\/27-Vero-Abogados-720x480.jpg 720w, https:\/\/www.hoymercedes.com.ar\/principal\/wp-content\/uploads\/2019\/04\/27-Vero-Abogados-360x240.jpg 360w\" sizes=\"auto, (max-width: 750px) 100vw, 750px\" \/><\/figure>\n\n\n\n<p>Acompa\u00f1ado de los abogados Mar\u00eda del Carmen G\u00f3mez Carranza y Ra\u00fal Lima, integrantes de la comisi\u00f3n de cultura del Colegio de Abogados, el Dr. Horacio Vero cont\u00f3 que su noveno libro puede considerarse un ensayo por la tem\u00e1tica y forma de escritura que eligi\u00f3. <\/p>\n\n\n\n<p>En esta oportunidad deja de lado la poes\u00eda y se adentra en el ensayo y en sus experiencias como Abogado y Dirigente de la Colegiaci\u00f3n ya que el Dr. Vero fue presidente del Colegio de Abogados de Mercedes y form\u00f3 parte de las comisiones directivas de la Federaci\u00f3n.  <\/p>\n\n\n\n<p>\u00abEl Orgullo de Ser Abogado\u00bb reune historias y experiencias del abogado en los pasillos de los tribunales de la provincia de Buenos Aires. El texto a su vez, refiere a la tarea de los letrados como representantes de otros colegas. Esto motiv\u00f3 al Colegio de Abogados local a regalar ejemplares a los nuevos abogados que se matriculen en la instituci\u00f3n del Departamento Judicial Mercedes.<\/p>\n\n\n\n<figure class=\"wp-block-embed-youtube wp-block-embed is-type-video is-provider-youtube wp-embed-aspect-16-9 wp-has-aspect-ratio\"><div class=\"wp-block-embed__wrapper\">\n<span class=\"embed-youtube\" style=\"text-align:center; display: block;\"><iframe loading=\"lazy\" class=\"youtube-player\" width=\"1200\" height=\"675\" src=\"https:\/\/www.youtube.com\/embed\/rapueKU5h5I?version=3&#038;rel=1&#038;showsearch=0&#038;showinfo=1&#038;iv_load_policy=1&#038;fs=1&#038;hl=es-ES&#038;autohide=2&#038;wmode=transparent\" allowfullscreen=\"true\" style=\"border:0;\" sandbox=\"allow-scripts allow-same-origin allow-popups allow-presentation allow-popups-to-escape-sandbox\"><\/iframe><\/span>\n<\/div><\/figure>\n","protected":false},"excerpt":{"rendered":"<p>El abogado oriundo de Chivilcoy, Horacio Vero, presentar\u00e1 un nuevo libro en Mercedes. El libro se titula \u00abEl Orgullo de &#8230; <a title=\"\u00abOrgullo de Ser Abogado\u00bb en la palabra de Horacio Vero\" class=\"read-more\" href=\"https:\/\/www.hoymercedes.com.ar\/principal\/2019\/04\/27\/orgullo-de-ser-abogado-en-la-palabra-de-horacio-vero\/\" aria-label=\"Leer m\u00e1s sobre \u00abOrgullo de Ser Abogado\u00bb en la palabra de Horacio Vero\">Leer m\u00e1s<\/a><\/p>\n","protected":false},"author":1,"featured_media":92021,"comment_status":"closed","ping_status":"open","sticky":false,"template":"","format":"standard","meta":{"_monsterinsights_skip_tracking":false,"_monsterinsights_sitenote_active":false,"_monsterinsights_sitenote_note":"","_monsterinsights_sitenote_category":0,"jetpack_post_was_ever_published":false,"_jetpack_newsletter_access":"","_jetpack_dont_email_post_to_subs":false,"_jetpack_newsletter_tier_id":0,"_jetpack_memberships_contains_paywalled_content":false,"_jetpack_memberships_contains_paid_content":false,"footnotes":"","jetpack_publicize_message":"","jetpack_publicize_feature_enabled":true,"jetpack_social_post_already_shared":true,"jetpack_social_options":{"image_generator_settings":{"template":"highway","default_image_id":0,"font":"","enabled":false},"version":2},"_wpas_customize_per_network":false},"categories":[104],"tags":[928,7805,73,14253],"class_list":["post-92019","post","type-post","status-publish","format-standard","has-post-thumbnail","hentry","category-cultura","tag-colegio-de-abogados","tag-cultura","tag-literatura","tag-presentacion-de-libro","generate-columns","tablet-grid-50","mobile-grid-100","grid-parent","grid-50"],"jetpack_publicize_connections":[],"jetpack_featured_media_url":"https:\/\/www.hoymercedes.com.ar\/principal\/wp-content\/uploads\/2019\/04\/27-Vero-Abogados1.jpg","wps_subtitle":"Presentaci\u00f3n en Mercedes","jetpack_sharing_enabled":true,"_links":{"self":[{"href":"https:\/\/www.hoymercedes.com.ar\/principal\/wp-json\/wp\/v2\/posts\/92019","targetHints":{"allow":["GET"]}}],"collection":[{"href":"https:\/\/www.hoymercedes.com.ar\/principal\/wp-json\/wp\/v2\/posts"}],"about":[{"href":"https:\/\/www.hoymercedes.com.ar\/principal\/wp-json\/wp\/v2\/types\/post"}],"author":[{"embeddable":true,"href":"https:\/\/www.hoymercedes.com.ar\/principal\/wp-json\/wp\/v2\/users\/1"}],"replies":[{"embeddable":true,"href":"https:\/\/www.hoymercedes.com.ar\/principal\/wp-json\/wp\/v2\/comments?post=92019"}],"version-history":[{"count":0,"href":"https:\/\/www.hoymercedes.com.ar\/principal\/wp-json\/wp\/v2\/posts\/92019\/revisions"}],"wp:featuredmedia":[{"embeddable":true,"href":"https:\/\/www.hoymercedes.com.ar\/principal\/wp-json\/wp\/v2\/media\/92021"}],"wp:attachment":[{"href":"https:\/\/www.hoymercedes.com.ar\/principal\/wp-json\/wp\/v2\/media?parent=92019"}],"wp:term":[{"taxonomy":"category","embeddable":true,"href":"https:\/\/www.hoymercedes.com.ar\/principal\/wp-json\/wp\/v2\/categories?post=92019"},{"taxonomy":"post_tag","embeddable":true,"href":"https:\/\/www.hoymercedes.com.ar\/principal\/wp-json\/wp\/v2\/tags?post=92019"}],"curies":[{"name":"wp","href":"https:\/\/api.w.org\/{rel}","templated":true}]}}