{"id":9204,"date":"2011-11-18T11:32:18","date_gmt":"2011-11-18T11:32:18","guid":{"rendered":"http:\/\/www.hoymercedes.com.ar\/principal\/?p=9204"},"modified":"2011-11-18T11:32:18","modified_gmt":"2011-11-18T11:32:18","slug":"17%c2%ba-encuentro-de-la-union-de-asambleas-ciudadanas","status":"publish","type":"post","link":"https:\/\/www.hoymercedes.com.ar\/principal\/2011\/11\/18\/17%c2%ba-encuentro-de-la-union-de-asambleas-ciudadanas\/","title":{"rendered":"17\u00ba Encuentro de la Uni\u00f3n de Asambleas Ciudadanas"},"content":{"rendered":"<p>25 al 28 de Noviembre, Buenos Aires<\/p>\n<p>La Uni\u00f3n de Asambleas Ciudadanas es un espacio de encuentro y organizaci\u00f3n de asambleas socio-ambientales y organizaciones aut\u00f3nomas que luchan y resisten frente al avance de toda actividad que atente contra la vida mediante producci\u00f3n contaminantes y con politicas de saqueo, a la privatizaci\u00f3n y extranjerizaci\u00f3n de la tierra, la expropiaci\u00f3n de territorios a comunidades originarias, a la criminalizaci\u00f3n y judicializaci\u00f3n de la protesta social y la militarizaci\u00f3n de los territorios en conflicto. Se construye como un espacio de aprendizaje, intercambio de experiencias de lucha, articulaci\u00f3n y construcci\u00f3n de estrategias colectivas y de acciones conjuntas contra las pol\u00edticas de recolonizaci\u00f3n y en defensa de los bienes comunes naturales, los derechos humanos y la autodeterminaci\u00f3n de los pueblos.<\/p>\n<p>En Plaza Congreso CABA, 25 y 26 de noviembre<\/p>\n<p>Para conocer lo que sucede en nuestro pa\u00eds. Para dialogar con los afectados y afectadas por la contaminaci\u00f3n<\/p>\n<p>Para conocer de qu\u00e9 manera contaminan, saquean y destruyen nuestro pa\u00eds<\/p>\n<p>Tra\u00e9 a tu familia, tus amigos\/as, tu compa\u00f1eros\/as de trabajo\u2026<\/p>\n<p><strong>En la Universidad Nacional de Luj\u00e1n, 27 y 28 de noviembre<\/strong><\/p>\n<p>Podr\u00e1s participar y debatir estrategias que nos conduzcan hacia el buen vivir<\/p>\n<p>Participar \u2013 Involucrarse &#8211; Organizarse horizontalmente &#8211; Generar fuerza asamblearia -Poner el cuerpo \u2013 Sumarse \u2013 Crecer &#8211; Autorganizarse &#8211;\u00a0Construir poder para enfrentar a quienes imponen el saqueo, la contaminaci\u00f3n\u00a0y la destrucci\u00f3n de nuestros territorios.<\/p>\n<p>Lograr que las localidades y los pueblos decidamos nuestra forma de desarrollo.<\/p>\n<p>La UAC es una articulaci\u00f3n de colectivos que intenta responder a estos desaf\u00edos.<\/p>\n<p>Para mas informaci\u00f3n:<\/p>\n<p>http:\/\/17uac.wordpress.com\/<\/p>\n","protected":false},"excerpt":{"rendered":"<p>25 al 28 de Noviembre, Buenos Aires La Uni\u00f3n de Asambleas Ciudadanas es un espacio de encuentro y organizaci\u00f3n de &#8230; <a title=\"17\u00ba Encuentro de la Uni\u00f3n de Asambleas Ciudadanas\" class=\"read-more\" href=\"https:\/\/www.hoymercedes.com.ar\/principal\/2011\/11\/18\/17%c2%ba-encuentro-de-la-union-de-asambleas-ciudadanas\/\" aria-label=\"Leer m\u00e1s sobre 17\u00ba Encuentro de la Uni\u00f3n de Asambleas Ciudadanas\">Leer m\u00e1s<\/a><\/p>\n","protected":false},"author":1,"featured_media":0,"comment_status":"open","ping_status":"open","sticky":false,"template":"","format":"standard","meta":{"_monsterinsights_skip_tracking":false,"_monsterinsights_sitenote_active":false,"_monsterinsights_sitenote_note":"","_monsterinsights_sitenote_category":0,"jetpack_post_was_ever_published":false,"_jetpack_newsletter_access":"","_jetpack_dont_email_post_to_subs":false,"_jetpack_newsletter_tier_id":0,"_jetpack_memberships_contains_paywalled_content":false,"_jetpack_memberships_contains_paid_content":false,"footnotes":"","jetpack_publicize_message":"","jetpack_publicize_feature_enabled":true,"jetpack_social_post_already_shared":false,"jetpack_social_options":{"image_generator_settings":{"template":"highway","default_image_id":0,"font":"","enabled":false},"version":2},"_wpas_customize_per_network":false},"categories":[8],"tags":[1593],"class_list":["post-9204","post","type-post","status-publish","format-standard","hentry","category-sociedad","tag-ciudadania","generate-columns","tablet-grid-50","mobile-grid-100","grid-parent","grid-50"],"jetpack_publicize_connections":[],"jetpack_featured_media_url":"","wps_subtitle":"","jetpack_sharing_enabled":true,"_links":{"self":[{"href":"https:\/\/www.hoymercedes.com.ar\/principal\/wp-json\/wp\/v2\/posts\/9204","targetHints":{"allow":["GET"]}}],"collection":[{"href":"https:\/\/www.hoymercedes.com.ar\/principal\/wp-json\/wp\/v2\/posts"}],"about":[{"href":"https:\/\/www.hoymercedes.com.ar\/principal\/wp-json\/wp\/v2\/types\/post"}],"author":[{"embeddable":true,"href":"https:\/\/www.hoymercedes.com.ar\/principal\/wp-json\/wp\/v2\/users\/1"}],"replies":[{"embeddable":true,"href":"https:\/\/www.hoymercedes.com.ar\/principal\/wp-json\/wp\/v2\/comments?post=9204"}],"version-history":[{"count":0,"href":"https:\/\/www.hoymercedes.com.ar\/principal\/wp-json\/wp\/v2\/posts\/9204\/revisions"}],"wp:attachment":[{"href":"https:\/\/www.hoymercedes.com.ar\/principal\/wp-json\/wp\/v2\/media?parent=9204"}],"wp:term":[{"taxonomy":"category","embeddable":true,"href":"https:\/\/www.hoymercedes.com.ar\/principal\/wp-json\/wp\/v2\/categories?post=9204"},{"taxonomy":"post_tag","embeddable":true,"href":"https:\/\/www.hoymercedes.com.ar\/principal\/wp-json\/wp\/v2\/tags?post=9204"}],"curies":[{"name":"wp","href":"https:\/\/api.w.org\/{rel}","templated":true}]}}