{"id":92049,"date":"2019-04-28T16:27:29","date_gmt":"2019-04-28T19:27:29","guid":{"rendered":"http:\/\/www.hoymercedes.com.ar\/principal\/?p=92049"},"modified":"2019-04-28T19:50:48","modified_gmt":"2019-04-28T22:50:48","slug":"4-de-mayo-dia-de-los-monumentos","status":"publish","type":"post","link":"https:\/\/www.hoymercedes.com.ar\/principal\/2019\/04\/28\/4-de-mayo-dia-de-los-monumentos\/","title":{"rendered":"4 de mayo: D\u00eda de los Monumentos"},"content":{"rendered":"\n<p>En la ma\u00f1ana del s\u00e1bado 4 de mayo se llevar\u00e1 como actividad cultural una visita al centro hist\u00f3rico de la ciudad en el marco del D\u00eda Nacional de los Monumentos. Desde las diez de la ma\u00f1ana y hasta el mediod\u00eda recorrer\u00e1n la Plaza San Mart\u00edn, la Bas\u00edlica Catedral donde habr\u00e1 un concierto y el almuerzo en la Pulper\u00eda. Con entrada libre y gratuita. <\/p>\n\n\n\n<p>De acuerdo a la informaci\u00f3n municipal, el recorrido comenzar\u00e1 promediando la ma\u00f1ana en la Plaza San Mart\u00edn con explicaci\u00f3n de los edificios patrimoniales del centro hist\u00f3rico. Para luego, hacer una visita guiada por la Bas\u00edlica Catedral, sitio declarado Patrimonio Nacional.  <\/p>\n\n\n\n<p>All\u00ed mismo, Amalia Guaragna acompa\u00f1ada por un organista dar\u00e1 un concierto en la cripta del templo, destacada por las donaciones de la familia Unzu\u00e9. <\/p>\n\n\n\n<p>Al mediod\u00eda, la propuesta se traslada a la Pulper\u00eda de Cacho Dictarina, donde tambi\u00e9n se dar\u00e1 una visita guiada y el cierre musical con \u201cZoco\u201d Larralde y Percha, Los L\u00f3pez Heredia, Huayra Norte y el ballet folkl\u00f3rico Patria Coraz\u00f3n. <\/p>\n","protected":false},"excerpt":{"rendered":"<p>En la ma\u00f1ana del s\u00e1bado 4 de mayo se llevar\u00e1 como actividad cultural una visita al centro hist\u00f3rico de la &#8230; <a title=\"4 de mayo: D\u00eda de los Monumentos\" class=\"read-more\" href=\"https:\/\/www.hoymercedes.com.ar\/principal\/2019\/04\/28\/4-de-mayo-dia-de-los-monumentos\/\" aria-label=\"Leer m\u00e1s sobre 4 de mayo: D\u00eda de los Monumentos\">Leer m\u00e1s<\/a><\/p>\n","protected":false},"author":1,"featured_media":92050,"comment_status":"closed","ping_status":"open","sticky":false,"template":"","format":"standard","meta":{"_monsterinsights_skip_tracking":false,"_monsterinsights_sitenote_active":false,"_monsterinsights_sitenote_note":"","_monsterinsights_sitenote_category":0,"jetpack_post_was_ever_published":false,"_jetpack_newsletter_access":"","_jetpack_dont_email_post_to_subs":false,"_jetpack_newsletter_tier_id":0,"_jetpack_memberships_contains_paywalled_content":false,"_jetpack_memberships_contains_paid_content":false,"footnotes":"","jetpack_publicize_message":"","jetpack_publicize_feature_enabled":true,"jetpack_social_post_already_shared":true,"jetpack_social_options":{"image_generator_settings":{"template":"highway","default_image_id":0,"font":"","enabled":false},"version":2},"_wpas_customize_per_network":false},"categories":[104],"tags":[4311,7805,10772],"class_list":["post-92049","post","type-post","status-publish","format-standard","has-post-thumbnail","hentry","category-cultura","tag-basilica-catedral","tag-cultura","tag-dia-de-los-monumentos","generate-columns","tablet-grid-50","mobile-grid-100","grid-parent","grid-50"],"jetpack_publicize_connections":[],"jetpack_featured_media_url":"https:\/\/www.hoymercedes.com.ar\/principal\/wp-content\/uploads\/2019\/04\/28-monumento.jpg","wps_subtitle":"Recorrida por sitios hist\u00f3ricos","jetpack_sharing_enabled":true,"_links":{"self":[{"href":"https:\/\/www.hoymercedes.com.ar\/principal\/wp-json\/wp\/v2\/posts\/92049","targetHints":{"allow":["GET"]}}],"collection":[{"href":"https:\/\/www.hoymercedes.com.ar\/principal\/wp-json\/wp\/v2\/posts"}],"about":[{"href":"https:\/\/www.hoymercedes.com.ar\/principal\/wp-json\/wp\/v2\/types\/post"}],"author":[{"embeddable":true,"href":"https:\/\/www.hoymercedes.com.ar\/principal\/wp-json\/wp\/v2\/users\/1"}],"replies":[{"embeddable":true,"href":"https:\/\/www.hoymercedes.com.ar\/principal\/wp-json\/wp\/v2\/comments?post=92049"}],"version-history":[{"count":0,"href":"https:\/\/www.hoymercedes.com.ar\/principal\/wp-json\/wp\/v2\/posts\/92049\/revisions"}],"wp:featuredmedia":[{"embeddable":true,"href":"https:\/\/www.hoymercedes.com.ar\/principal\/wp-json\/wp\/v2\/media\/92050"}],"wp:attachment":[{"href":"https:\/\/www.hoymercedes.com.ar\/principal\/wp-json\/wp\/v2\/media?parent=92049"}],"wp:term":[{"taxonomy":"category","embeddable":true,"href":"https:\/\/www.hoymercedes.com.ar\/principal\/wp-json\/wp\/v2\/categories?post=92049"},{"taxonomy":"post_tag","embeddable":true,"href":"https:\/\/www.hoymercedes.com.ar\/principal\/wp-json\/wp\/v2\/tags?post=92049"}],"curies":[{"name":"wp","href":"https:\/\/api.w.org\/{rel}","templated":true}]}}