{"id":92056,"date":"2019-04-28T18:51:30","date_gmt":"2019-04-28T21:51:30","guid":{"rendered":"http:\/\/www.hoymercedes.com.ar\/principal\/?p=92056"},"modified":"2019-04-28T20:36:56","modified_gmt":"2019-04-28T23:36:56","slug":"feriado-con-multiples-actividades-en-el-parque-municipal","status":"publish","type":"post","link":"https:\/\/www.hoymercedes.com.ar\/principal\/2019\/04\/28\/feriado-con-multiples-actividades-en-el-parque-municipal\/","title":{"rendered":"Feriado con m\u00faltiples actividades en el Parque Municipal"},"content":{"rendered":"\n<p>El pr\u00f3ximo 1\u00b0 de mayo, desde la hora 11, se realizar\u00e1 en el Parque Municipal un nuevo encuentro familiar. Con organizaci\u00f3n de feriantes, puesteros y titulares de Food Trucks habr\u00e1 gastronom\u00eda, patio cervecero, m\u00fasica en vivo y una gran movida libre y gratuita.<\/p>\n\n\n\n<figure class=\"wp-block-image\"><img loading=\"lazy\" decoding=\"async\" width=\"750\" height=\"501\" data-attachment-id=\"92057\" data-permalink=\"https:\/\/www.hoymercedes.com.ar\/principal\/2019\/04\/28\/feriado-con-multiples-actividades-en-el-parque-municipal\/28-parque2\/#main\" data-orig-file=\"https:\/\/www.hoymercedes.com.ar\/principal\/wp-content\/uploads\/2019\/04\/28-parque2.jpg\" data-orig-size=\"750,501\" data-comments-opened=\"0\" data-image-meta=\"{&quot;aperture&quot;:&quot;0&quot;,&quot;credit&quot;:&quot;&quot;,&quot;camera&quot;:&quot;&quot;,&quot;caption&quot;:&quot;&quot;,&quot;created_timestamp&quot;:&quot;0&quot;,&quot;copyright&quot;:&quot;&quot;,&quot;focal_length&quot;:&quot;0&quot;,&quot;iso&quot;:&quot;0&quot;,&quot;shutter_speed&quot;:&quot;0&quot;,&quot;title&quot;:&quot;&quot;,&quot;orientation&quot;:&quot;0&quot;}\" data-image-title=\"28 parque2\" data-image-description=\"\" data-image-caption=\"\" data-large-file=\"https:\/\/www.hoymercedes.com.ar\/principal\/wp-content\/uploads\/2019\/04\/28-parque2.jpg\" src=\"https:\/\/www.hoymercedes.com.ar\/principal\/wp-content\/uploads\/2019\/04\/28-parque2.jpg\" alt=\"\" class=\"wp-image-92057\" srcset=\"https:\/\/www.hoymercedes.com.ar\/principal\/wp-content\/uploads\/2019\/04\/28-parque2.jpg 750w, https:\/\/www.hoymercedes.com.ar\/principal\/wp-content\/uploads\/2019\/04\/28-parque2-150x100.jpg 150w, https:\/\/www.hoymercedes.com.ar\/principal\/wp-content\/uploads\/2019\/04\/28-parque2-630x421.jpg 630w, https:\/\/www.hoymercedes.com.ar\/principal\/wp-content\/uploads\/2019\/04\/28-parque2-720x480.jpg 720w, https:\/\/www.hoymercedes.com.ar\/principal\/wp-content\/uploads\/2019\/04\/28-parque2-360x240.jpg 360w\" sizes=\"auto, (max-width: 750px) 100vw, 750px\" \/><\/figure>\n\n\n\n<p>Una vez m\u00e1s se genera en nuestra ciudad una actividad que permitir\u00e1 una jornada diferente. Est\u00e1 pensada para toda la familia, el entretenimiento, la distracci\u00f3n y el goce del aire libre en el renovado Parque Municipal Independencia.<\/p>\n\n\n\n<p>Se podr\u00e1 disfrutar de la \u201cCamerata Mercedes\u201d, luego el payaso \u201cPelambre\u201d dar\u00e1 su cl\u00e1sico espect\u00e1culo circense para chicos y grandes, seguido de \u201cAmbivalencia\u201d, \u201cCamino de Chinar\u201d, \u201cThrill is gone\u201d, \u201cTren Misterioso\u201d y el cierre de \u201cGran Lady\u201d en el plano musical sobre el escenario que se montar\u00e1 en el sector nuevo.<\/p>\n\n\n\n<p>Habr\u00e1 gastronom\u00eda con Food Trucks, adem\u00e1s de Patio Cervecero, Artesan\u00edas y la exposici\u00f3n y vueltas de Autos Antiguos.\u00a0 <\/p>\n","protected":false},"excerpt":{"rendered":"<p>El pr\u00f3ximo 1\u00b0 de mayo, desde la hora 11, se realizar\u00e1 en el Parque Municipal un nuevo encuentro familiar. Con &#8230; <a title=\"Feriado con m\u00faltiples actividades en el Parque Municipal\" class=\"read-more\" href=\"https:\/\/www.hoymercedes.com.ar\/principal\/2019\/04\/28\/feriado-con-multiples-actividades-en-el-parque-municipal\/\" aria-label=\"Leer m\u00e1s sobre Feriado con m\u00faltiples actividades en el Parque Municipal\">Leer m\u00e1s<\/a><\/p>\n","protected":false},"author":1,"featured_media":92057,"comment_status":"closed","ping_status":"open","sticky":false,"template":"","format":"standard","meta":{"_monsterinsights_skip_tracking":false,"_monsterinsights_sitenote_active":false,"_monsterinsights_sitenote_note":"","_monsterinsights_sitenote_category":0,"jetpack_post_was_ever_published":false,"_jetpack_newsletter_access":"","_jetpack_dont_email_post_to_subs":false,"_jetpack_newsletter_tier_id":0,"_jetpack_memberships_contains_paywalled_content":false,"_jetpack_memberships_contains_paid_content":false,"footnotes":"","jetpack_publicize_message":"","jetpack_publicize_feature_enabled":true,"jetpack_social_post_already_shared":true,"jetpack_social_options":{"image_generator_settings":{"template":"highway","default_image_id":0,"font":"","enabled":false},"version":2},"_wpas_customize_per_network":false},"categories":[30],"tags":[10923,14959,244],"class_list":["post-92056","post","type-post","status-publish","format-standard","has-post-thumbnail","hentry","category-municipio","tag-c-c-la-trocha","tag-feriado","tag-municipio-2","generate-columns","tablet-grid-50","mobile-grid-100","grid-parent","grid-50"],"jetpack_publicize_connections":[],"jetpack_featured_media_url":"https:\/\/www.hoymercedes.com.ar\/principal\/wp-content\/uploads\/2019\/04\/28-parque2.jpg","wps_subtitle":"El 1\u00b0 de mayo","jetpack_sharing_enabled":true,"_links":{"self":[{"href":"https:\/\/www.hoymercedes.com.ar\/principal\/wp-json\/wp\/v2\/posts\/92056","targetHints":{"allow":["GET"]}}],"collection":[{"href":"https:\/\/www.hoymercedes.com.ar\/principal\/wp-json\/wp\/v2\/posts"}],"about":[{"href":"https:\/\/www.hoymercedes.com.ar\/principal\/wp-json\/wp\/v2\/types\/post"}],"author":[{"embeddable":true,"href":"https:\/\/www.hoymercedes.com.ar\/principal\/wp-json\/wp\/v2\/users\/1"}],"replies":[{"embeddable":true,"href":"https:\/\/www.hoymercedes.com.ar\/principal\/wp-json\/wp\/v2\/comments?post=92056"}],"version-history":[{"count":0,"href":"https:\/\/www.hoymercedes.com.ar\/principal\/wp-json\/wp\/v2\/posts\/92056\/revisions"}],"wp:featuredmedia":[{"embeddable":true,"href":"https:\/\/www.hoymercedes.com.ar\/principal\/wp-json\/wp\/v2\/media\/92057"}],"wp:attachment":[{"href":"https:\/\/www.hoymercedes.com.ar\/principal\/wp-json\/wp\/v2\/media?parent=92056"}],"wp:term":[{"taxonomy":"category","embeddable":true,"href":"https:\/\/www.hoymercedes.com.ar\/principal\/wp-json\/wp\/v2\/categories?post=92056"},{"taxonomy":"post_tag","embeddable":true,"href":"https:\/\/www.hoymercedes.com.ar\/principal\/wp-json\/wp\/v2\/tags?post=92056"}],"curies":[{"name":"wp","href":"https:\/\/api.w.org\/{rel}","templated":true}]}}