{"id":92060,"date":"2019-04-28T20:58:45","date_gmt":"2019-04-28T23:58:45","guid":{"rendered":"http:\/\/www.hoymercedes.com.ar\/principal\/?p=92060"},"modified":"2019-04-28T20:59:40","modified_gmt":"2019-04-28T23:59:40","slug":"rock-en-el-galon-volvio-a-vibrar-en-la-trocha","status":"publish","type":"post","link":"https:\/\/www.hoymercedes.com.ar\/principal\/2019\/04\/28\/rock-en-el-galon-volvio-a-vibrar-en-la-trocha\/","title":{"rendered":"Rock en el galp\u00f3n volvi\u00f3 a vibrar en La Trocha"},"content":{"rendered":"\n<p>La noche del s\u00e1bado volvi\u00f3 a convocar a una gran cantidad de j\u00f3venes en el ciclo \u201crock en el galp\u00f3n\u201d, un ciclo organizado por las bandas locales, Comisi\u00f3n de M\u00fasicos del Rock y el apoyo de la Municipalidad. Para Eugenia C\u00f3dega \u201cvolvi\u00f3 a ser una fiesta. Este ciclo es un \u00e9xito principalmente gracias a la gran tarea de las bandas\u201d<\/p>\n\n\n\n<figure class=\"wp-block-image\"><img loading=\"lazy\" decoding=\"async\" width=\"750\" height=\"500\" data-attachment-id=\"92061\" data-permalink=\"https:\/\/www.hoymercedes.com.ar\/principal\/2019\/04\/28\/rock-en-el-galon-volvio-a-vibrar-en-la-trocha\/28-rock-3\/#main\" data-orig-file=\"https:\/\/www.hoymercedes.com.ar\/principal\/wp-content\/uploads\/2019\/04\/28-Rock-3.jpeg\" data-orig-size=\"750,500\" data-comments-opened=\"0\" data-image-meta=\"{&quot;aperture&quot;:&quot;0&quot;,&quot;credit&quot;:&quot;&quot;,&quot;camera&quot;:&quot;&quot;,&quot;caption&quot;:&quot;&quot;,&quot;created_timestamp&quot;:&quot;0&quot;,&quot;copyright&quot;:&quot;&quot;,&quot;focal_length&quot;:&quot;0&quot;,&quot;iso&quot;:&quot;0&quot;,&quot;shutter_speed&quot;:&quot;0&quot;,&quot;title&quot;:&quot;&quot;,&quot;orientation&quot;:&quot;0&quot;}\" data-image-title=\"28 Rock-3\" data-image-description=\"\" data-image-caption=\"\" data-large-file=\"https:\/\/www.hoymercedes.com.ar\/principal\/wp-content\/uploads\/2019\/04\/28-Rock-3.jpeg\" src=\"https:\/\/www.hoymercedes.com.ar\/principal\/wp-content\/uploads\/2019\/04\/28-Rock-3.jpeg\" alt=\"\" class=\"wp-image-92061\" srcset=\"https:\/\/www.hoymercedes.com.ar\/principal\/wp-content\/uploads\/2019\/04\/28-Rock-3.jpeg 750w, https:\/\/www.hoymercedes.com.ar\/principal\/wp-content\/uploads\/2019\/04\/28-Rock-3-150x100.jpeg 150w, https:\/\/www.hoymercedes.com.ar\/principal\/wp-content\/uploads\/2019\/04\/28-Rock-3-630x420.jpeg 630w, https:\/\/www.hoymercedes.com.ar\/principal\/wp-content\/uploads\/2019\/04\/28-Rock-3-720x480.jpeg 720w, https:\/\/www.hoymercedes.com.ar\/principal\/wp-content\/uploads\/2019\/04\/28-Rock-3-360x240.jpeg 360w\" sizes=\"auto, (max-width: 750px) 100vw, 750px\" \/><\/figure>\n\n\n\n<p>\u201cNosotros siempre dijimos que el rock ac\u00e1 tiene su espacio. Este 2019 vuelve a mostrar la gran convocatoria que tiene, el excelente compa\u00f1erismo entre las bandas y el goce que genera en el p\u00fablico rockero que vive cada fecha con gran satisfacci\u00f3n\u201d sostuvo Eugenia C\u00f3dega.<\/p>\n\n\n\n<p>Por su parte, el jefe comunal, quien particip\u00f3 en la velada, coment\u00f3 que \u201csiempre lo decimos. Ac\u00e1 hay un ejemplo de organizaci\u00f3n, comportamiento, ganar de vivir la cultura y el encuentro. Nunca vivimos un disturbio ni problema, los llamamos constantemente como ejemplo porque se pone de manifiesto la cultura y el rol de la juventud en su mejor cara\u201d narr\u00f3 y \u201cpor eso volvemos a aprovechar la ocasi\u00f3n para felicitar a las bandas, a los chicos y chicas, a cada trabajador por seguir brindando espect\u00e1culos para todos\u201d<\/p>\n\n\n\n<p>En esta ocasi\u00f3n sobre el escenario de La Trocha, en un galp\u00f3n que tiene todas las comodidades&nbsp;&nbsp;y un excelente sonido, tocaron: Pegamento, Nueve Tr\u00edo, Antipodas, Hongo Ap\u00e1tico y Los \u00f1oquis de la abuela.<\/p>\n\n\n\n<p>A partir de este a\u00f1o, en todas las fechas de \u201cRock en el Galp\u00f3n\u201d habr\u00e1 una banda invitada de afuera.<\/p>\n\n\n\n<p>Los primeros dos a\u00f1os fueron \u00fanicamente bandas locales para fortalecer el v\u00ednculo entre las mismas y su participaci\u00f3n en escenarios, generando un espacio muy importante para las mismas.<\/p>\n\n\n\n<p>Este a\u00f1o y a pedido de las bandas se suman bandas de afuera con el fin de potenciar los intercambios de fechas y hacerse escuchar en diferentes Ciudades. Adem\u00e1s de que conozcan nuestros lugares culturales municipales, como es el Galp\u00f3n de La Trocha.<\/p>\n","protected":false},"excerpt":{"rendered":"<p>La noche del s\u00e1bado volvi\u00f3 a convocar a una gran cantidad de j\u00f3venes en el ciclo \u201crock en el galp\u00f3n\u201d, &#8230; <a title=\"Rock en el galp\u00f3n volvi\u00f3 a vibrar en La Trocha\" class=\"read-more\" href=\"https:\/\/www.hoymercedes.com.ar\/principal\/2019\/04\/28\/rock-en-el-galon-volvio-a-vibrar-en-la-trocha\/\" aria-label=\"Leer m\u00e1s sobre Rock en el galp\u00f3n volvi\u00f3 a vibrar en La Trocha\">Leer m\u00e1s<\/a><\/p>\n","protected":false},"author":1,"featured_media":92061,"comment_status":"closed","ping_status":"open","sticky":false,"template":"","format":"standard","meta":{"_monsterinsights_skip_tracking":false,"_monsterinsights_sitenote_active":false,"_monsterinsights_sitenote_note":"","_monsterinsights_sitenote_category":0,"jetpack_post_was_ever_published":false,"_jetpack_newsletter_access":"","_jetpack_dont_email_post_to_subs":false,"_jetpack_newsletter_tier_id":0,"_jetpack_memberships_contains_paywalled_content":false,"_jetpack_memberships_contains_paid_content":false,"footnotes":"","jetpack_publicize_message":"","jetpack_publicize_feature_enabled":true,"jetpack_social_post_already_shared":true,"jetpack_social_options":{"image_generator_settings":{"template":"highway","default_image_id":0,"font":"","enabled":false},"version":2},"_wpas_customize_per_network":false},"categories":[104],"tags":[7805,244,11209],"class_list":["post-92060","post","type-post","status-publish","format-standard","has-post-thumbnail","hentry","category-cultura","tag-cultura","tag-municipio-2","tag-rock-en-el-galpon","generate-columns","tablet-grid-50","mobile-grid-100","grid-parent","grid-50"],"jetpack_publicize_connections":[],"jetpack_featured_media_url":"https:\/\/www.hoymercedes.com.ar\/principal\/wp-content\/uploads\/2019\/04\/28-Rock-3.jpeg","wps_subtitle":"","jetpack_sharing_enabled":true,"_links":{"self":[{"href":"https:\/\/www.hoymercedes.com.ar\/principal\/wp-json\/wp\/v2\/posts\/92060","targetHints":{"allow":["GET"]}}],"collection":[{"href":"https:\/\/www.hoymercedes.com.ar\/principal\/wp-json\/wp\/v2\/posts"}],"about":[{"href":"https:\/\/www.hoymercedes.com.ar\/principal\/wp-json\/wp\/v2\/types\/post"}],"author":[{"embeddable":true,"href":"https:\/\/www.hoymercedes.com.ar\/principal\/wp-json\/wp\/v2\/users\/1"}],"replies":[{"embeddable":true,"href":"https:\/\/www.hoymercedes.com.ar\/principal\/wp-json\/wp\/v2\/comments?post=92060"}],"version-history":[{"count":0,"href":"https:\/\/www.hoymercedes.com.ar\/principal\/wp-json\/wp\/v2\/posts\/92060\/revisions"}],"wp:featuredmedia":[{"embeddable":true,"href":"https:\/\/www.hoymercedes.com.ar\/principal\/wp-json\/wp\/v2\/media\/92061"}],"wp:attachment":[{"href":"https:\/\/www.hoymercedes.com.ar\/principal\/wp-json\/wp\/v2\/media?parent=92060"}],"wp:term":[{"taxonomy":"category","embeddable":true,"href":"https:\/\/www.hoymercedes.com.ar\/principal\/wp-json\/wp\/v2\/categories?post=92060"},{"taxonomy":"post_tag","embeddable":true,"href":"https:\/\/www.hoymercedes.com.ar\/principal\/wp-json\/wp\/v2\/tags?post=92060"}],"curies":[{"name":"wp","href":"https:\/\/api.w.org\/{rel}","templated":true}]}}