{"id":92069,"date":"2019-04-29T09:52:12","date_gmt":"2019-04-29T12:52:12","guid":{"rendered":"http:\/\/www.hoymercedes.com.ar\/principal\/?p=92069"},"modified":"2019-04-28T21:29:12","modified_gmt":"2019-04-29T00:29:12","slug":"el-13-de-mayo-comienza-recepcion-de-obras-para-salon-de-pintura","status":"publish","type":"post","link":"https:\/\/www.hoymercedes.com.ar\/principal\/2019\/04\/29\/el-13-de-mayo-comienza-recepcion-de-obras-para-salon-de-pintura\/","title":{"rendered":"El 13 de mayo comienza recepci\u00f3n de obras para Sal\u00f3n de Pintura"},"content":{"rendered":"\n<p>Desde el Museo de Arte \u00abMunicipalidad de Mercedes\u00bb dieron a conocer el reglamento para el 16\u00b0 Sal\u00f3n Anual de Pintura \u00abCiudad de Mercedes\u00bb. Un sal\u00f3n que este a\u00f1o se inaugurar\u00e1 el 22 de junio pr\u00f3ximo y que tendr\u00e1 como m\u00e1ximo premio local de 20 mil pesos, mientras que el primer premio del Sal\u00f3n ser\u00e1 de 18 mil. Del 13 de mayo al 16 de junio, el MAMM recibir\u00e1 las obras para participar del certamen y que el jurado analizar\u00e1 los d\u00edas previos a la inauguraci\u00f3n del Sal\u00f3n. <\/p>\n\n\n\n<p>El reglamento se encuentra en las redes sociales del Museo de Arte. No obstante, el Municipio a trav\u00e9s del MAMM comunic\u00f3 que el Sal\u00f3n de Pintura tendr\u00e1 premios de montos de dinero y menciones especiales. El 1\u00b0 Premio del Sal\u00f3n ser\u00e1 de $18.000, el 2\u00b0 de $13.000, mientras que el Premio Local ser\u00e1 de $20.000, y el Premio Est\u00edmulo para artistas locales de 18 a 35 a\u00f1os ser\u00e1 de $10.000. Adem\u00e1s el 3\u00b0 premio y las menciones especiales del jurado recibir\u00e1n medallas y diplomas. <\/p>\n\n\n\n<p>La recepci\u00f3n de obras ser\u00e1 en el mismo Museo de Arte de Mercedes, ubicado en calle 23 N\u00b0 383, entre 18 y 16. Desde el d\u00eda 13 de mayo y hasta el 16 de junio, inclusive, en los horarios habituales de atenci\u00f3n al p\u00fablico. Es decir, de martes a viernes de 8 a 18 horas, y los s\u00e1bados y domingos de 16 a 20 horas.<\/p>\n\n\n\n<p>El reglamento completo puede obtenerse haciendo click <a rel=\"noreferrer noopener\" aria-label=\"aqu\u00ed (opens in a new tab)\" href=\"https:\/\/www.facebook.com\/permalink.php?story_fbid=891879704480058&amp;id=128587467475956&amp;__xts__%5B0%5D=68.ARAlNctfN3-dJTeESshntkc9MSfC6X7MDBBzzoUPqOMS72caRLuiLbYKCwdcwFfVAdhWgGzOCpEIcNKhQb9H7Ykn0MARZTNb7NdHrJzglPpmW_AceU6L0k44mbTBUquc_8iHYqwGN-GfWKbrtQzUzBah1N1dzWsX2WmY3ycv27gQ70FrHHWgEW95LDeXfre3mA-cb3rydMGLNhgCtjHZqkvDDP6CMqU5bPoGoFT-_huKtXHOp4ngWsuH_b6rd_nD4BgVblA7gfUR3f1ViX6xIaMrfqXKWJ5w8jVhklOYjPLvQP4H-86igDCvZ2EaOkBcUqgD9ZdYhnf27ub3rt_fFi4&amp;__tn__=K-R\" target=\"_blank\">aqu\u00ed<\/a>  o buscando el sitio del Museo de Arte Mercedes en la red social facebook. Para consultas, pueden comunicarse al tel\u00e9fono  (02324) 435368 o enviar un correo electr\u00f3nico: museodearte@mercedes.gob.ar<\/p>\n","protected":false},"excerpt":{"rendered":"<p>Desde el Museo de Arte \u00abMunicipalidad de Mercedes\u00bb dieron a conocer el reglamento para el 16\u00b0 Sal\u00f3n Anual de Pintura &#8230; <a title=\"El 13 de mayo comienza recepci\u00f3n de obras para Sal\u00f3n de Pintura\" class=\"read-more\" href=\"https:\/\/www.hoymercedes.com.ar\/principal\/2019\/04\/29\/el-13-de-mayo-comienza-recepcion-de-obras-para-salon-de-pintura\/\" aria-label=\"Leer m\u00e1s sobre El 13 de mayo comienza recepci\u00f3n de obras para Sal\u00f3n de Pintura\">Leer m\u00e1s<\/a><\/p>\n","protected":false},"author":1,"featured_media":92073,"comment_status":"closed","ping_status":"open","sticky":false,"template":"","format":"standard","meta":{"_monsterinsights_skip_tracking":false,"_monsterinsights_sitenote_active":false,"_monsterinsights_sitenote_note":"","_monsterinsights_sitenote_category":0,"jetpack_post_was_ever_published":false,"_jetpack_newsletter_access":"","_jetpack_dont_email_post_to_subs":false,"_jetpack_newsletter_tier_id":0,"_jetpack_memberships_contains_paywalled_content":false,"_jetpack_memberships_contains_paid_content":false,"footnotes":"","jetpack_publicize_message":"","jetpack_publicize_feature_enabled":true,"jetpack_social_post_already_shared":true,"jetpack_social_options":{"image_generator_settings":{"template":"highway","default_image_id":0,"font":"","enabled":false},"version":2},"_wpas_customize_per_network":false},"categories":[104],"tags":[7805,8674,244,10869,970],"class_list":["post-92069","post","type-post","status-publish","format-standard","has-post-thumbnail","hentry","category-cultura","tag-cultura","tag-mamm","tag-municipio-2","tag-museo-de-arte","tag-salon-de-pintura","generate-columns","tablet-grid-50","mobile-grid-100","grid-parent","grid-50"],"jetpack_publicize_connections":[],"jetpack_featured_media_url":"https:\/\/www.hoymercedes.com.ar\/principal\/wp-content\/uploads\/2019\/04\/29-Sal\u00f3n-de-Pintura.jpeg","wps_subtitle":"Edici\u00f3n 16 del Sal\u00f3n de Pintura de Mercedes","jetpack_sharing_enabled":true,"_links":{"self":[{"href":"https:\/\/www.hoymercedes.com.ar\/principal\/wp-json\/wp\/v2\/posts\/92069","targetHints":{"allow":["GET"]}}],"collection":[{"href":"https:\/\/www.hoymercedes.com.ar\/principal\/wp-json\/wp\/v2\/posts"}],"about":[{"href":"https:\/\/www.hoymercedes.com.ar\/principal\/wp-json\/wp\/v2\/types\/post"}],"author":[{"embeddable":true,"href":"https:\/\/www.hoymercedes.com.ar\/principal\/wp-json\/wp\/v2\/users\/1"}],"replies":[{"embeddable":true,"href":"https:\/\/www.hoymercedes.com.ar\/principal\/wp-json\/wp\/v2\/comments?post=92069"}],"version-history":[{"count":0,"href":"https:\/\/www.hoymercedes.com.ar\/principal\/wp-json\/wp\/v2\/posts\/92069\/revisions"}],"wp:featuredmedia":[{"embeddable":true,"href":"https:\/\/www.hoymercedes.com.ar\/principal\/wp-json\/wp\/v2\/media\/92073"}],"wp:attachment":[{"href":"https:\/\/www.hoymercedes.com.ar\/principal\/wp-json\/wp\/v2\/media?parent=92069"}],"wp:term":[{"taxonomy":"category","embeddable":true,"href":"https:\/\/www.hoymercedes.com.ar\/principal\/wp-json\/wp\/v2\/categories?post=92069"},{"taxonomy":"post_tag","embeddable":true,"href":"https:\/\/www.hoymercedes.com.ar\/principal\/wp-json\/wp\/v2\/tags?post=92069"}],"curies":[{"name":"wp","href":"https:\/\/api.w.org\/{rel}","templated":true}]}}