{"id":92087,"date":"2019-04-29T11:18:39","date_gmt":"2019-04-29T14:18:39","guid":{"rendered":"http:\/\/www.hoymercedes.com.ar\/principal\/?p=92087"},"modified":"2019-04-29T11:20:22","modified_gmt":"2019-04-29T14:20:22","slug":"pabellon-de-marcos-paz-perdio-la-final-ante-12-de-octubre-de-san-nicolas","status":"publish","type":"post","link":"https:\/\/www.hoymercedes.com.ar\/principal\/2019\/04\/29\/pabellon-de-marcos-paz-perdio-la-final-ante-12-de-octubre-de-san-nicolas\/","title":{"rendered":"Pabell\u00f3n de Marcos Paz perdi\u00f3 la final ante 12 de Octubre de San Nicol\u00e1s"},"content":{"rendered":"\n<p>Con un marco de p\u00fablico superior a las 500 personas, Pabell\u00f3n de Marcos Paz no pudo vencer en la final de vuelta del torneo Federaci\u00f3n Norte a 12 de Octubre de San Nicol\u00e1s, quien se consagr\u00f3 campe\u00f3n del certamen y clasific\u00f3 al Regional Amateur 2020. Fue 3 a 1, con dos goles de Danilo Lemo y otro de Gabriel Tiseira, mientras que Esteban Fern\u00e1ndez descont\u00f3 en el inicio del segundo tiempo.<\/p>\n\n\n\n<figure class=\"wp-block-image\"><img loading=\"lazy\" decoding=\"async\" width=\"1024\" height=\"767\" data-attachment-id=\"90850\" data-permalink=\"https:\/\/www.hoymercedes.com.ar\/principal\/2019\/04\/05\/pabellon-de-marcos-paz-vencio-a-atilra-y-clasifico-a-semifinales\/pabellon-federacion-1-2\/#main\" data-orig-file=\"https:\/\/www.hoymercedes.com.ar\/principal\/wp-content\/uploads\/2019\/04\/Pabell\u00f3n-Federacion-1.jpg\" data-orig-size=\"1080,809\" data-comments-opened=\"0\" data-image-meta=\"{&quot;aperture&quot;:&quot;0&quot;,&quot;credit&quot;:&quot;&quot;,&quot;camera&quot;:&quot;&quot;,&quot;caption&quot;:&quot;&quot;,&quot;created_timestamp&quot;:&quot;0&quot;,&quot;copyright&quot;:&quot;&quot;,&quot;focal_length&quot;:&quot;0&quot;,&quot;iso&quot;:&quot;0&quot;,&quot;shutter_speed&quot;:&quot;0&quot;,&quot;title&quot;:&quot;&quot;,&quot;orientation&quot;:&quot;0&quot;}\" data-image-title=\"Pabell\u00f3n Federacion 1\" data-image-description=\"\" data-image-caption=\"\" data-large-file=\"https:\/\/www.hoymercedes.com.ar\/principal\/wp-content\/uploads\/2019\/04\/Pabell\u00f3n-Federacion-1-1024x767.jpg\" src=\"https:\/\/www.hoymercedes.com.ar\/principal\/wp-content\/uploads\/2019\/04\/Pabell\u00f3n-Federacion-1-1024x767.jpg\" alt=\"\" class=\"wp-image-90850\" srcset=\"https:\/\/www.hoymercedes.com.ar\/principal\/wp-content\/uploads\/2019\/04\/Pabell\u00f3n-Federacion-1-1024x767.jpg 1024w, https:\/\/www.hoymercedes.com.ar\/principal\/wp-content\/uploads\/2019\/04\/Pabell\u00f3n-Federacion-1-150x112.jpg 150w, https:\/\/www.hoymercedes.com.ar\/principal\/wp-content\/uploads\/2019\/04\/Pabell\u00f3n-Federacion-1-630x472.jpg 630w, https:\/\/www.hoymercedes.com.ar\/principal\/wp-content\/uploads\/2019\/04\/Pabell\u00f3n-Federacion-1-320x240.jpg 320w, https:\/\/www.hoymercedes.com.ar\/principal\/wp-content\/uploads\/2019\/04\/Pabell\u00f3n-Federacion-1-100x75.jpg 100w, https:\/\/www.hoymercedes.com.ar\/principal\/wp-content\/uploads\/2019\/04\/Pabell\u00f3n-Federacion-1.jpg 1080w\" sizes=\"auto, (max-width: 1024px) 100vw, 1024px\" \/><\/figure>\n\n\n\n<p>Fue un partido en el que el dominio de la pelota lo tuvo el local, que ven\u00eda de empatar 1 a 1 en la ida, pero no logr\u00f3 hacer valer su condici\u00f3n, ya que si bien manejaba el mediocampo, no consegu\u00eda entrar al \u00e1rea ni tener remates desde afuera de ella. Para colmo, cuando iban 22 minutos, tras una situaci\u00f3n del local, surgi\u00f3 una contra r\u00e1pida que culmin\u00f3 con el remate cruzado de Lemo para poner el 1 a 0.<\/p>\n\n\n\n<p>A pesar del gol, Pabell\u00f3n sigui\u00f3 dominando el juego, pero la carencia de situaciones hac\u00edan que todo se complicara. M\u00e1s a\u00fan cuando tras un corner para SAPA, la pelota queda boyando en el \u00e1rea y una nueva contra, en este caso por derecha, termin\u00f3 con un centro para que Tiseira de cabeza ponga el 2 a 0 con el que finaliz\u00f3 el primer tiempo.<\/p>\n\n\n\n<p>En el segundo, Pabell\u00f3n sali\u00f3 a apretar al rival y consigui\u00f3 con un cabezazo el descuento cuando iban diez minutos. Sin embargo, la defensa de San Nicol\u00e1s se cerr\u00f3 muy bien y el local entr\u00f3 en la desesperaci\u00f3n de no poder generar chances de gol. Para colmo, una pelota que emergi\u00f3 desde el \u00e1rea visitante cay\u00f3 picando alto en la local, entre los defensores y delanteros no la pod\u00edan dominar y Del Piero la toc\u00f3 con la mano. El juez cobr\u00f3 penal, que Lemo cambi\u00f3 por gol cuando iban 30 minutos y sentenciar la historia que, m\u00e1s all\u00e1 de los seis minutos de descuento y que las luces del estadio se encendieron en un 100% luego de estar a media luz todo el segundo tiempo, termin\u00f3 siendo para el festejo de 12 de Octubre de San Nicol\u00e1s.<\/p>\n\n\n\n<p>Pabell\u00f3n Argentino de Marcos Paz 1: Patricio Gionto, Maximiliano Romero Cahu\u00e9, Juli\u00e1n Olveira, Franco Del Piero, Ezequiel Lacrouts; Nahuel Romero, Bernardo Paulerena, Gonzalo Castellano, Alexis Arias; Franco Monz\u00f3n y Juan Ignacio Barandiar\u00e1n. DT: Juan Achucarro.<\/p>\n\n\n\n<p>12 de Octubre de San Nicol\u00e1s 3: Ariel Garc\u00eda; Blas Ferrari, Nahuel Ortegoza, Leonel Rossi, Diego Vilche; Dami\u00e1n Pereyra, Alejandro Slavin, Nicol\u00e1s Belmonte y Pablo Bogado; Danilo Lemo y Gabriel Tiseira. DT: Gustavo Delgado.<\/p>\n\n\n\n<p>Goles: PT: 22\u00b4 Danilo Lemo (12) y 37\u00b4 Gabriel Tiseira (12); ST: 10\u00b4 Esteban Fern\u00e1ndez (PA) y 30\u00b4 Lemo, de penal (12).<\/p>\n\n\n\n<p>Cambios: ST: 10\u00b4Mauro Vigliarolo por Lacroutz (PA) y Nicol\u00e1s Guadinieri por Paulerena (PA), 41\u00b4 Daniel Ch\u00e1vez por Belmonte, 48\u00b4 Lucio Toro por Vilche y Enzo Cabrera por Bogado (12).<\/p>\n\n\n\n<p><br><\/p>\n","protected":false},"excerpt":{"rendered":"<p>Con un marco de p\u00fablico superior a las 500 personas, Pabell\u00f3n de Marcos Paz no pudo vencer en la final &#8230; <a title=\"Pabell\u00f3n de Marcos Paz perdi\u00f3 la final ante 12 de Octubre de San Nicol\u00e1s\" class=\"read-more\" href=\"https:\/\/www.hoymercedes.com.ar\/principal\/2019\/04\/29\/pabellon-de-marcos-paz-perdio-la-final-ante-12-de-octubre-de-san-nicolas\/\" aria-label=\"Leer m\u00e1s sobre Pabell\u00f3n de Marcos Paz perdi\u00f3 la final ante 12 de Octubre de San Nicol\u00e1s\">Leer m\u00e1s<\/a><\/p>\n","protected":false},"author":1,"featured_media":90850,"comment_status":"closed","ping_status":"open","sticky":false,"template":"","format":"standard","meta":{"_monsterinsights_skip_tracking":false,"_monsterinsights_sitenote_active":false,"_monsterinsights_sitenote_note":"","_monsterinsights_sitenote_category":0,"jetpack_post_was_ever_published":false,"_jetpack_newsletter_access":"","_jetpack_dont_email_post_to_subs":false,"_jetpack_newsletter_tier_id":0,"_jetpack_memberships_contains_paywalled_content":false,"_jetpack_memberships_contains_paid_content":false,"footnotes":"","jetpack_publicize_message":"","jetpack_publicize_feature_enabled":true,"jetpack_social_post_already_shared":true,"jetpack_social_options":{"image_generator_settings":{"template":"highway","default_image_id":0,"font":"","enabled":false},"version":2},"_wpas_customize_per_network":false},"categories":[21],"tags":[8813],"class_list":["post-92087","post","type-post","status-publish","format-standard","has-post-thumbnail","hentry","category-deportes","tag-12-de-octubre","generate-columns","tablet-grid-50","mobile-grid-100","grid-parent","grid-50"],"jetpack_publicize_connections":[],"jetpack_featured_media_url":"https:\/\/www.hoymercedes.com.ar\/principal\/wp-content\/uploads\/2019\/04\/Pabell\u00f3n-Federacion-1.jpg","wps_subtitle":"Federaci\u00f3n Norte","jetpack_sharing_enabled":true,"_links":{"self":[{"href":"https:\/\/www.hoymercedes.com.ar\/principal\/wp-json\/wp\/v2\/posts\/92087","targetHints":{"allow":["GET"]}}],"collection":[{"href":"https:\/\/www.hoymercedes.com.ar\/principal\/wp-json\/wp\/v2\/posts"}],"about":[{"href":"https:\/\/www.hoymercedes.com.ar\/principal\/wp-json\/wp\/v2\/types\/post"}],"author":[{"embeddable":true,"href":"https:\/\/www.hoymercedes.com.ar\/principal\/wp-json\/wp\/v2\/users\/1"}],"replies":[{"embeddable":true,"href":"https:\/\/www.hoymercedes.com.ar\/principal\/wp-json\/wp\/v2\/comments?post=92087"}],"version-history":[{"count":0,"href":"https:\/\/www.hoymercedes.com.ar\/principal\/wp-json\/wp\/v2\/posts\/92087\/revisions"}],"wp:featuredmedia":[{"embeddable":true,"href":"https:\/\/www.hoymercedes.com.ar\/principal\/wp-json\/wp\/v2\/media\/90850"}],"wp:attachment":[{"href":"https:\/\/www.hoymercedes.com.ar\/principal\/wp-json\/wp\/v2\/media?parent=92087"}],"wp:term":[{"taxonomy":"category","embeddable":true,"href":"https:\/\/www.hoymercedes.com.ar\/principal\/wp-json\/wp\/v2\/categories?post=92087"},{"taxonomy":"post_tag","embeddable":true,"href":"https:\/\/www.hoymercedes.com.ar\/principal\/wp-json\/wp\/v2\/tags?post=92087"}],"curies":[{"name":"wp","href":"https:\/\/api.w.org\/{rel}","templated":true}]}}