{"id":92090,"date":"2019-04-29T11:25:23","date_gmt":"2019-04-29T14:25:23","guid":{"rendered":"http:\/\/www.hoymercedes.com.ar\/principal\/?p=92090"},"modified":"2019-04-29T18:10:59","modified_gmt":"2019-04-29T21:10:59","slug":"el-fronton-goleo-a-malvinas-y-es-semifinalista-del-regional-amateur-ante-independiente-de-chivilcoy","status":"publish","type":"post","link":"https:\/\/www.hoymercedes.com.ar\/principal\/2019\/04\/29\/el-fronton-goleo-a-malvinas-y-es-semifinalista-del-regional-amateur-ante-independiente-de-chivilcoy\/","title":{"rendered":"El Front\u00f3n gole\u00f3 a Malvinas y es semifinalista del Regional Amateur ante Independiente de Chivilcoy"},"content":{"rendered":"\n<p>Infociudadsag. Front\u00f3n vive un sue\u00f1o. El conjunto de San Andr\u00e9s de Giles escribi\u00f3 una nueva p\u00e1gina dorada en su historia. Hoy gan\u00f3, gust\u00f3 y gole\u00f3 a Deportivo Malvinas, en condici\u00f3n de visitante, para pasar a las semifinales del Torneo Regional Amateur.<\/p>\n\n\n\n<figure class=\"wp-block-image\"><img loading=\"lazy\" decoding=\"async\" width=\"960\" height=\"635\" data-attachment-id=\"92091\" data-permalink=\"https:\/\/www.hoymercedes.com.ar\/principal\/2019\/04\/29\/el-fronton-goleo-a-malvinas-y-es-semifinalista-del-regional-amateur-ante-independiente-de-chivilcoy\/malvinas-0-el-fronton-3-1\/#main\" data-orig-file=\"https:\/\/www.hoymercedes.com.ar\/principal\/wp-content\/uploads\/2019\/04\/Malvinas-0-El-Front\u00f3n-3-1.jpg\" data-orig-size=\"960,635\" data-comments-opened=\"0\" data-image-meta=\"{&quot;aperture&quot;:&quot;0&quot;,&quot;credit&quot;:&quot;&quot;,&quot;camera&quot;:&quot;&quot;,&quot;caption&quot;:&quot;&quot;,&quot;created_timestamp&quot;:&quot;0&quot;,&quot;copyright&quot;:&quot;&quot;,&quot;focal_length&quot;:&quot;0&quot;,&quot;iso&quot;:&quot;0&quot;,&quot;shutter_speed&quot;:&quot;0&quot;,&quot;title&quot;:&quot;&quot;,&quot;orientation&quot;:&quot;0&quot;}\" data-image-title=\"Malvinas 0 El Front\u00f3n 3 1\" data-image-description=\"\" data-image-caption=\"\" data-large-file=\"https:\/\/www.hoymercedes.com.ar\/principal\/wp-content\/uploads\/2019\/04\/Malvinas-0-El-Front\u00f3n-3-1.jpg\" src=\"https:\/\/www.hoymercedes.com.ar\/principal\/wp-content\/uploads\/2019\/04\/Malvinas-0-El-Front\u00f3n-3-1.jpg\" alt=\"\" class=\"wp-image-92091\" srcset=\"https:\/\/www.hoymercedes.com.ar\/principal\/wp-content\/uploads\/2019\/04\/Malvinas-0-El-Front\u00f3n-3-1.jpg 960w, https:\/\/www.hoymercedes.com.ar\/principal\/wp-content\/uploads\/2019\/04\/Malvinas-0-El-Front\u00f3n-3-1-150x99.jpg 150w, https:\/\/www.hoymercedes.com.ar\/principal\/wp-content\/uploads\/2019\/04\/Malvinas-0-El-Front\u00f3n-3-1-630x417.jpg 630w\" sizes=\"auto, (max-width: 960px) 100vw, 960px\" \/><\/figure>\n\n\n\n<p>Stopiello, mand\u00f3 a la cancha al equipo que sale casi de memoria. Caputto; Rold\u00e1n, T\u00e1mparo, Randazzo, Barrientos; Grosso, Gussoni, Zapata, Gonz\u00e1lez; B. Tallarico y Alarc\u00f3n. Blas tuvo que suplir la ausencia de Paolacci, una fija en el once inicial.<\/p>\n\n\n\n<p>El&nbsp;<em>Azulgrana<\/em>&nbsp;sali\u00f3 convencido y r\u00e1pido abri\u00f3 el partido. Alarc\u00f3n (F), el de los goles importantes, puso a los 19 minutos el 1 a 0 para el delirio del p\u00fablico gilense que lleg\u00f3 a Ingeniero Sourdaux. Al vestuario, Front\u00f3n se fue ganando.<\/p>\n\n\n\n<p>En el segundo tiempo, Front\u00f3n volvi\u00f3 a utilizar su orden t\u00e1ctico y solidez defensiva para enloquecer a un rival que estaba obligado a ir a buscarlo. Un empate obligaba a los penales, mientras que el que resultaba ganador consegu\u00eda el pase a las semifinales.<\/p>\n\n\n\n<p>La historia comenz\u00f3 a resolverse r\u00e1pido en favor de los gilenses. Gussoni (F), de gran torneo, se junt\u00f3 con Tallarico (F) para resolver la serie. Un jugad\u00f3n de ellos dos termin\u00f3 en el 2 a 0 para el Front\u00f3n.<\/p>\n\n\n\n<p>Malvinas lo fue a buscar con m\u00e1s coraz\u00f3n que f\u00fatbol y Front\u00f3n se aprovech\u00f3 de eso. Moviendo la pelota con toques y poco traslado, el&nbsp;<em>Azulgrana<\/em>&nbsp;fabric\u00f3 chances para terminar de liquidar la historia. A poco del final, Alarc\u00f3n (F) apareci\u00f3 otra vez para poner el 3 a 0.<\/p>\n\n\n\n<p>De esta manera el f\u00fatbol de San Andr\u00e9s de Giles da la nota en la provincia de Buenos Aires. La instituci\u00f3n local clasific\u00f3 a las semifinales del Torneo Regional, donde se medir\u00e1 con el gran candidato al ascenso: Independiente de Chivilcoy. El Rojo le gan\u00f3 3 a 0 a Monterrey con dos goles de Jonathan Pacheco.<\/p>\n\n\n\n<p><strong>Independiente (Chivilcoy) 3:<\/strong>&nbsp;Jonathan Pacheco 2 y Mart\u00edn Gallo.<br><strong>Monterrey (Derqui) 0<\/strong>.<\/p>\n\n\n\n<p><strong>Linque\u00f1o 2:<\/strong>&nbsp;Jonathan Sim\u00f3n y Hugo Palmerola de penal.<br><strong>Colonial (Ferr\u00e9) 1:<\/strong>&nbsp;Dar\u00edo Villan.<\/p>\n\n\n\n<p><strong>General Rojo (San Nicol\u00e1s) 0.<br>Rivadavia (Lincoln) 1:<\/strong>&nbsp;Alejandro L\u00f3pez.<\/p>\n\n\n\n<p><strong>Malvinas (Adolfo Sordeaux) 0.<br>El Front\u00f3n (San Andr\u00e9s de Giles) 3:<\/strong>\u00a0Juli\u00e1n Alarc\u00f3n 2 y Pedro Gussoni.<\/p>\n\n\n\n<p><strong>Semifinales<\/strong><br>El Front\u00f3n vs. Independiente.<br>Rivadavia vs. Linque\u00f1o.\n\n<\/p>\n","protected":false},"excerpt":{"rendered":"<p>Infociudadsag. Front\u00f3n vive un sue\u00f1o. El conjunto de San Andr\u00e9s de Giles escribi\u00f3 una nueva p\u00e1gina dorada en su historia. &#8230; <a title=\"El Front\u00f3n gole\u00f3 a Malvinas y es semifinalista del Regional Amateur ante Independiente de Chivilcoy\" class=\"read-more\" href=\"https:\/\/www.hoymercedes.com.ar\/principal\/2019\/04\/29\/el-fronton-goleo-a-malvinas-y-es-semifinalista-del-regional-amateur-ante-independiente-de-chivilcoy\/\" aria-label=\"Leer m\u00e1s sobre El Front\u00f3n gole\u00f3 a Malvinas y es semifinalista del Regional Amateur ante Independiente de Chivilcoy\">Leer m\u00e1s<\/a><\/p>\n","protected":false},"author":1,"featured_media":92091,"comment_status":"closed","ping_status":"open","sticky":false,"template":"","format":"standard","meta":{"_monsterinsights_skip_tracking":false,"_monsterinsights_sitenote_active":false,"_monsterinsights_sitenote_note":"","_monsterinsights_sitenote_category":0,"jetpack_post_was_ever_published":false,"_jetpack_newsletter_access":"","_jetpack_dont_email_post_to_subs":false,"_jetpack_newsletter_tier_id":0,"_jetpack_memberships_contains_paywalled_content":false,"_jetpack_memberships_contains_paid_content":false,"footnotes":"","jetpack_publicize_message":"","jetpack_publicize_feature_enabled":true,"jetpack_social_post_already_shared":true,"jetpack_social_options":{"image_generator_settings":{"template":"highway","default_image_id":0,"font":"","enabled":false},"version":2},"_wpas_customize_per_network":false},"categories":[21],"tags":[14571,9672],"class_list":["post-92090","post","type-post","status-publish","format-standard","has-post-thumbnail","hentry","category-deportes","tag-el-fronton-san-andres-de-giles","tag-independiente-chivilcoy","generate-columns","tablet-grid-50","mobile-grid-100","grid-parent","grid-50"],"jetpack_publicize_connections":[],"jetpack_featured_media_url":"https:\/\/www.hoymercedes.com.ar\/principal\/wp-content\/uploads\/2019\/04\/Malvinas-0-El-Front\u00f3n-3-1.jpg","wps_subtitle":"Regional Amateur","jetpack_sharing_enabled":true,"_links":{"self":[{"href":"https:\/\/www.hoymercedes.com.ar\/principal\/wp-json\/wp\/v2\/posts\/92090","targetHints":{"allow":["GET"]}}],"collection":[{"href":"https:\/\/www.hoymercedes.com.ar\/principal\/wp-json\/wp\/v2\/posts"}],"about":[{"href":"https:\/\/www.hoymercedes.com.ar\/principal\/wp-json\/wp\/v2\/types\/post"}],"author":[{"embeddable":true,"href":"https:\/\/www.hoymercedes.com.ar\/principal\/wp-json\/wp\/v2\/users\/1"}],"replies":[{"embeddable":true,"href":"https:\/\/www.hoymercedes.com.ar\/principal\/wp-json\/wp\/v2\/comments?post=92090"}],"version-history":[{"count":0,"href":"https:\/\/www.hoymercedes.com.ar\/principal\/wp-json\/wp\/v2\/posts\/92090\/revisions"}],"wp:featuredmedia":[{"embeddable":true,"href":"https:\/\/www.hoymercedes.com.ar\/principal\/wp-json\/wp\/v2\/media\/92091"}],"wp:attachment":[{"href":"https:\/\/www.hoymercedes.com.ar\/principal\/wp-json\/wp\/v2\/media?parent=92090"}],"wp:term":[{"taxonomy":"category","embeddable":true,"href":"https:\/\/www.hoymercedes.com.ar\/principal\/wp-json\/wp\/v2\/categories?post=92090"},{"taxonomy":"post_tag","embeddable":true,"href":"https:\/\/www.hoymercedes.com.ar\/principal\/wp-json\/wp\/v2\/tags?post=92090"}],"curies":[{"name":"wp","href":"https:\/\/api.w.org\/{rel}","templated":true}]}}