{"id":92099,"date":"2019-04-29T13:14:25","date_gmt":"2019-04-29T16:14:25","guid":{"rendered":"http:\/\/www.hoymercedes.com.ar\/principal\/?p=92099"},"modified":"2019-04-29T15:24:58","modified_gmt":"2019-04-29T18:24:58","slug":"sera-obligatorio-el-cierre-de-documentos-de-transito-en-plantas-de-faena","status":"publish","type":"post","link":"https:\/\/www.hoymercedes.com.ar\/principal\/2019\/04\/29\/sera-obligatorio-el-cierre-de-documentos-de-transito-en-plantas-de-faena\/","title":{"rendered":"Ser\u00e1 obligatorio el cierre de Documentos de Tr\u00e1nsito en plantas de faena"},"content":{"rendered":"\n<p><strong><em>Desde el 6 de mayo pr\u00f3ximo para todas las especies como amparo del traslado de los animales con destino a faena hasta el ingreso a los establecimientos.<\/em><\/strong><\/p>\n\n\n\n<figure class=\"wp-block-image\"><img loading=\"lazy\" decoding=\"async\" width=\"750\" height=\"375\" data-attachment-id=\"92100\" data-permalink=\"https:\/\/www.hoymercedes.com.ar\/principal\/2019\/04\/29\/sera-obligatorio-el-cierre-de-documentos-de-transito-en-plantas-de-faena\/29-faena-senasa\/#main\" data-orig-file=\"https:\/\/www.hoymercedes.com.ar\/principal\/wp-content\/uploads\/2019\/04\/29-faena-senasa.jpg\" data-orig-size=\"750,375\" data-comments-opened=\"0\" data-image-meta=\"{&quot;aperture&quot;:&quot;0&quot;,&quot;credit&quot;:&quot;&quot;,&quot;camera&quot;:&quot;&quot;,&quot;caption&quot;:&quot;&quot;,&quot;created_timestamp&quot;:&quot;0&quot;,&quot;copyright&quot;:&quot;&quot;,&quot;focal_length&quot;:&quot;0&quot;,&quot;iso&quot;:&quot;0&quot;,&quot;shutter_speed&quot;:&quot;0&quot;,&quot;title&quot;:&quot;&quot;,&quot;orientation&quot;:&quot;1&quot;}\" data-image-title=\"29 faena senasa\" data-image-description=\"\" data-image-caption=\"\" data-large-file=\"https:\/\/www.hoymercedes.com.ar\/principal\/wp-content\/uploads\/2019\/04\/29-faena-senasa.jpg\" src=\"https:\/\/www.hoymercedes.com.ar\/principal\/wp-content\/uploads\/2019\/04\/29-faena-senasa.jpg\" alt=\"\" class=\"wp-image-92100\" srcset=\"https:\/\/www.hoymercedes.com.ar\/principal\/wp-content\/uploads\/2019\/04\/29-faena-senasa.jpg 750w, https:\/\/www.hoymercedes.com.ar\/principal\/wp-content\/uploads\/2019\/04\/29-faena-senasa-150x75.jpg 150w, https:\/\/www.hoymercedes.com.ar\/principal\/wp-content\/uploads\/2019\/04\/29-faena-senasa-630x315.jpg 630w\" sizes=\"auto, (max-width: 750px) 100vw, 750px\" \/><\/figure>\n\n\n\n<p>Continuando el ordenamiento de las cadenas c\u00e1rnicas que lleva adelante el Servicio Nacional de Sanidad y Calidad Agroalimentaria (Senasa), el Centro Regional Pampeano informa que a partir del 6 de mayo pr\u00f3ximo ser\u00e1 obligatorio para todas las especies animales el cierre de los documentos de tr\u00e1nsito electr\u00f3nicos (DT-e), que amparan el traslado de los animales con destino a faena hasta el ingreso a los establecimientos.<\/p>\n\n\n\n<p>El\nDT-e, seg\u00fan haya sido emitido por autogesti\u00f3n del productor o en una oficina\nlocal del Senasa, tiene un tiempo de validez para realizar el traslado de los\nanimales, calculado de manera flexible de acuerdo a la distancia al destino,\ntras el cual pasa a un estado \u201cvencido\u201d; el productor tiene la posibilidad de\nrealizar cambios o anularlo y volver a emitirlo.<\/p>\n\n\n\n<p>Al\ningreso a los mataderos, las empresas deben dar cierre a los DT-e en el sistema\ninform\u00e1tico SIGICA del Senasa o su hom\u00f3logo SIF de los establecimientos\nprovinciales o municipales, acusando la recepci\u00f3n de los animales o en su\ndefecto el \u201cno arribo<\/p>\n\n\n\n<p>Con\nel pas\u00f3 al estado de \u201cvencido\u201d del DT-e, las empresas empezar\u00e1n a recibir\nnotificaciones en el sistema y contar\u00e1n con 3 d\u00edas corridos de plazo para su\ncierre ante de pasar al estado de \u201ccaducado\u201d, en el cual se bloquear\u00e1\nautom\u00e1ticamente la emisi\u00f3n de nuevos DT-e al establecimiento hasta tanto se\nsubsane la tarea pendiente.<\/p>\n\n\n\n<p>\u201cEl\ncumplimiento de los plazos para acusar recepci\u00f3n de los animales o no arribo es\nclave para evitar bloqueos\u201d, explic\u00f3 el director nacional de Inocuidad y\nCalidad Agroalimentaria del Senasa, Jorge Dal Bianco, y agreg\u00f3 \u201csin embargo, el\ncierres de las tareas pendientes desbloquea autom\u00e1ticamente el sistema para los\nmataderos sin que deban realizar otras gestiones ante el Senasa\u201d.<\/p>\n\n\n\n<p>Cabe\nrecordar que los DT-e son declaraciones juradas del productor, por lo que en\ncaso de reportes \u201csin arribo\u201d de los establecimientos de faena desencadenar\u00e1 el\nbloqueo del establecimiento de origen en el Registro Nacional Sanitario del\nproductor Agropecuario (RENSPA) para emitir nuevos documentos hasta tanto se\nhaga una presentaci\u00f3n y descargo sobre lo ocurrido.<\/p>\n\n\n\n<p>\u201cEl Senasa realiza controles de gesti\u00f3n permanente en los sistemas inform\u00e1ticos que permiten monitorear proactivamente el movimiento de animales en todo el pa\u00eds. Esta medida permitir\u00e1 entonces ordenar a\u00fan m\u00e1s las cadenas c\u00e1rnicas que faltaban luego de la implementaci\u00f3n exitosa para documentos de tr\u00e1nsito de bovinos y bubalinos en 2018\u201d, concluy\u00f3 Dal Bianco. <\/p>\n\n\n\n<p>Fuente: prensa SENASA<\/p>\n","protected":false},"excerpt":{"rendered":"<p>Desde el 6 de mayo pr\u00f3ximo para todas las especies como amparo del traslado de los animales con destino a &#8230; <a title=\"Ser\u00e1 obligatorio el cierre de Documentos de Tr\u00e1nsito en plantas de faena\" class=\"read-more\" href=\"https:\/\/www.hoymercedes.com.ar\/principal\/2019\/04\/29\/sera-obligatorio-el-cierre-de-documentos-de-transito-en-plantas-de-faena\/\" aria-label=\"Leer m\u00e1s sobre Ser\u00e1 obligatorio el cierre de Documentos de Tr\u00e1nsito en plantas de faena\">Leer m\u00e1s<\/a><\/p>\n","protected":false},"author":1,"featured_media":92100,"comment_status":"closed","ping_status":"open","sticky":false,"template":"","format":"standard","meta":{"_monsterinsights_skip_tracking":false,"_monsterinsights_sitenote_active":false,"_monsterinsights_sitenote_note":"","_monsterinsights_sitenote_category":0,"jetpack_post_was_ever_published":false,"_jetpack_newsletter_access":"","_jetpack_dont_email_post_to_subs":false,"_jetpack_newsletter_tier_id":0,"_jetpack_memberships_contains_paywalled_content":false,"_jetpack_memberships_contains_paid_content":false,"footnotes":"","jetpack_publicize_message":"","jetpack_publicize_feature_enabled":true,"jetpack_social_post_already_shared":true,"jetpack_social_options":{"image_generator_settings":{"template":"highway","default_image_id":0,"font":"","enabled":false},"version":2},"_wpas_customize_per_network":false},"categories":[9791],"tags":[14965,134,8450],"class_list":["post-92099","post","type-post","status-publish","format-standard","has-post-thumbnail","hentry","category-salud","tag-agroalimentacion","tag-salud","tag-senasa","generate-columns","tablet-grid-50","mobile-grid-100","grid-parent","grid-50"],"jetpack_publicize_connections":[],"jetpack_featured_media_url":"https:\/\/www.hoymercedes.com.ar\/principal\/wp-content\/uploads\/2019\/04\/29-faena-senasa.jpg","wps_subtitle":"Inocuidad agroalimentaria","jetpack_sharing_enabled":true,"_links":{"self":[{"href":"https:\/\/www.hoymercedes.com.ar\/principal\/wp-json\/wp\/v2\/posts\/92099","targetHints":{"allow":["GET"]}}],"collection":[{"href":"https:\/\/www.hoymercedes.com.ar\/principal\/wp-json\/wp\/v2\/posts"}],"about":[{"href":"https:\/\/www.hoymercedes.com.ar\/principal\/wp-json\/wp\/v2\/types\/post"}],"author":[{"embeddable":true,"href":"https:\/\/www.hoymercedes.com.ar\/principal\/wp-json\/wp\/v2\/users\/1"}],"replies":[{"embeddable":true,"href":"https:\/\/www.hoymercedes.com.ar\/principal\/wp-json\/wp\/v2\/comments?post=92099"}],"version-history":[{"count":0,"href":"https:\/\/www.hoymercedes.com.ar\/principal\/wp-json\/wp\/v2\/posts\/92099\/revisions"}],"wp:featuredmedia":[{"embeddable":true,"href":"https:\/\/www.hoymercedes.com.ar\/principal\/wp-json\/wp\/v2\/media\/92100"}],"wp:attachment":[{"href":"https:\/\/www.hoymercedes.com.ar\/principal\/wp-json\/wp\/v2\/media?parent=92099"}],"wp:term":[{"taxonomy":"category","embeddable":true,"href":"https:\/\/www.hoymercedes.com.ar\/principal\/wp-json\/wp\/v2\/categories?post=92099"},{"taxonomy":"post_tag","embeddable":true,"href":"https:\/\/www.hoymercedes.com.ar\/principal\/wp-json\/wp\/v2\/tags?post=92099"}],"curies":[{"name":"wp","href":"https:\/\/api.w.org\/{rel}","templated":true}]}}