{"id":92112,"date":"2019-04-29T20:15:02","date_gmt":"2019-04-29T23:15:02","guid":{"rendered":"http:\/\/www.hoymercedes.com.ar\/principal\/?p=92112"},"modified":"2019-04-29T20:15:10","modified_gmt":"2019-04-29T23:15:10","slug":"toda-la-estadistica-de-lo-que-se-jugo-por-la-septima-fecha-de-primera-y-reserva","status":"publish","type":"post","link":"https:\/\/www.hoymercedes.com.ar\/principal\/2019\/04\/29\/toda-la-estadistica-de-lo-que-se-jugo-por-la-septima-fecha-de-primera-y-reserva\/","title":{"rendered":"Toda la estad\u00edstica de lo que se jug\u00f3 por la s\u00e9ptima fecha de Primera y Reserva"},"content":{"rendered":"\n<p>La lluvia del fin de semana oblig\u00f3 a la suspensi\u00f3n de varios partidos de Reserva y la mitad de los de Primera. En la m\u00e1xima categor\u00eda no jugaron  <br>Holanda vs. Uni\u00f3n, V\u00e9lez Sarsfield vs. Costa Brava, Juventud vs. El Tim\u00f3n y Col\u00f3n vs. Trocha en Luj\u00e1n, mientras que en la Tercera, no pudieron salir a la cancha V\u00e9lez S\u00e1rsfield vs. Costa Brava, Col\u00f3n vs. Trocha y Juventud vs. El Tim\u00f3n.<\/p>\n\n\n\n<p>En lo poco que se jug\u00f3, Club Mercedes trabaj\u00f3 demasiado para superar a Ateneo y quedarse con el liderazgo de la Zona B, Palometas volvi\u00f3 a ganar y sigue escalando en la D, mientras que la jornada la cerr\u00f3 la victoria de Los Carteros a un deslucido Talleres que sigue sin poder sumar.<\/p>\n\n\n\n<p>En Reserva Mercedes tambi\u00e9n super\u00f3 a Ateneo y tambi\u00e9n qued\u00f3 como l\u00edder del grupo, Barrio San Mart\u00edn gan\u00f3 el primer encuentro del torneo ante el granate, Holanda venci\u00f3 a Uni\u00f3n y se sigue escapando en la Zona, mientras que Los Carteros quedaron segundos tras vencer a Talleres.<\/p>\n\n\n\n<p><strong>Club Mercedes 3:<\/strong>\u00a0Juan Bidone, Juan Gatti, Bautista Bidone, Facundo Ferros, Nicol\u00e1s Contardi, Lucas Picone, Franco Gatti, Cristian Barrientos, Agust\u00edn Juanicotena, Joaqu\u00edn Parra y Francisco Bomaggio.\u00a0<strong>DT:<\/strong>\u00a0Walter D\u00edaz.\u00a0<strong>Suplentes:<\/strong>\u00a0Agust\u00edn Moles y Francisco Silvestre.<br><strong>Ateneo de la Juventud 2:<\/strong>\u00a0Agust\u00edn Ramos, Facundo Otero, Adam Chaparro, Joaqu\u00edn Mendiola, Nicol\u00e1s P\u00e9rez, Manuel Bigongiari, Lautaro Torre, Nicol\u00e1s Ram\u00edrez, Angel Pucheta, Ger\u00f3nimo Puricelli y Lucio Ojeda.\u00a0<strong>DT:<\/strong>\u00a0Fabi\u00e1n Puricelli.\u00a0<strong>Suplentes:<\/strong>\u00a0Manuel Mendiola, Claudio Carrizo, Mauro D\u00edaz y Facundo Torres.<br><strong>Goles en el PT:<\/strong>\u00a0A los 20\u2019 Angel Pucheta de penal para Ateneo, 37\u2019 Francisco Bomaggio para Club Mercedes y a los 45\u2019 Ger\u00f3nimo Puricelli para Ateneo.<br><strong>Gol en el ST:<\/strong>\u00a0A los 29\u2019 y 33\u201d Franco Gatti para Club Mercedes.<br><strong>Cambios:<\/strong>\u00a0Solano Espil por Agust\u00edn Juanicotena, Leandro Filippini por Francisco Bomaggio y Franco P\u00e9rez por Cristian Barrientos en Club Mercedes. Daniel Conenna por Lucio Ojeda, Maximiliano Arzani por Nicol\u00e1s P\u00e9rez en Ateneo.<br><strong>Arbitro:<\/strong>\u00a0Eduardo Aguirre (AAM). <\/p>\n\n\n\n<p><strong>Palometas FC 2:<\/strong>\u00a0Jos\u00e9 Ventura, Miguel Lobos, Eduardo Libares, Maximiliano Castro, Mart\u00edn Pastor, Cristian Pereira, Nicol\u00e1s M\u00e9ndez, Nicol\u00e1s Aranda, Luis Bertera, Federico Amorena y Deivy Gonz\u00e1lez.\u00a0<strong>DT:<\/strong>\u00a0Juan Amed.\u00a0<strong>Suplentes:<\/strong>\u00a0Mat\u00edas Fern\u00e1ndez, Maximiliano Scheitler, Mat\u00edas Bustamante y Luciano Apariente.<br><strong>AMEFIP San Mart\u00edn 1:<\/strong>\u00a0Diego Benedetti, Lucas Blanco, Juli\u00e1n Galardo, Ezequiel Potes, Daniel Guti\u00e9rrez, Cristian Salvatierra, Leandro Ram\u00edrez, Federico Amaya, Carlos Ram\u00edrez, Enzo Cobuccio y Enzo Mendoza.\u00a0<strong>DT:<\/strong>\u00a0Nicol\u00e1s Serebrinski.\u00a0<strong>Suplentes:<\/strong>\u00a0Maximiliano Gim\u00e9nez, Cristian Pedrazza y Agust\u00edn Bonafina.<br><strong>Gol en el ST:<\/strong>\u00a0A los 11\u2019 Miguel Lobos y a los 27\u2019 Luis Bertera para Palometas. A los 33\u2019 Cristian Salvatierra en AMEFIP San Mart\u00edn.<br><strong>Cambios:<\/strong>\u00a0Francisco Delvento por Nicol\u00e1s M\u00e9ndez, Ren\u00e9 Zoni por Luis Bertera y Marcos Sierocki por Maximiliano Castro\u00a0 en Palometas. Joaqu\u00edn Ram\u00edrez por Federico Amaya, Juli\u00e1n Cano por Leonardo Ram\u00edrez y Germ\u00e1n Castillo por Carlos Ram\u00edrez en AMFIP San Mart\u00edn.<br><strong>Arbitro:<\/strong>\u00a0Luis L\u00f3pez (AAM).<br><strong>Expulsado:<\/strong>\u00a0A los 23\u2019 del ST Juli\u00e1n Galardo en AMEFIP San Mart\u00edn. <\/p>\n\n\n\n<p><strong>Los Carteros FC 3:<\/strong>\u00a0David Br\u00edsoliz, Jer\u00f3nimo Badano, Blas De Los Santos, Jerem\u00edas Paj\u00f3n, Franco Torres, Mauro Pinto, Laureano Torres, Neri Lazarte, Mauro Sigona, Germ\u00e1n Lucero y Nicol\u00e1s Montenegro.\u00a0<strong>DT:<\/strong>\u00a0Carlos Molina.\u00a0<strong>Suplentes:<\/strong>\u00a0Isa\u00edas Negosi y Alexis Ivachich.<br><strong>Talleres Payr\u00f3 0:<\/strong>\u00a0Tob\u00edas Oviedo, Mat\u00edas Candaosa, Cristian Giacovino, Mario Acosta, Juan Masachoidi, Lucas Islas, Joel Kucharski, Alexander Achucarro, Maximiliano Saban, Lucas Oyola y Nicol\u00e1s Cardozo.\u00a0<strong>DT:<\/strong>\u00a0Javier Debiase.\u00a0<strong>Suplentes:<\/strong>\u00a0Leandro Vidal y Gustavo Lacasa.<br><strong>Gol en el PT:<\/strong>\u00a021\u2019 Nicol\u00e1s Montenegro para Los Carteros.<br><strong>Goles en el ST:<\/strong>\u00a0A los 8\u2019 Nicol\u00e1s Montenegro, 18\u2019 Mauro Sigona para Los Carteros.<br><strong>Cambios:<\/strong>\u00a0Juli\u00e1n Ag\u00fcero por Jer\u00f3nimo Badano, Nicol\u00e1s Santana por Neri Lazarte y Mat\u00edas Baiardi por Nicol\u00e1s Montenegro en Los Carteros. Joaqu\u00edn Paoletta por Nicol\u00e1s Cardozo, Rodrigo Gonz\u00e1lez por Lucas Oyola y Mat\u00edas Pereira por Joel Kucharski en Talleres.<br><strong>Arbitro:<\/strong>\u00a0Germ\u00e1n Gauna (AAM).<br><strong>Expulsado:<\/strong>\u00a0A los 23\u2019 del ST Mat\u00edas Candaosa en Talleres. <\/p>\n\n\n\n<p>Reserva<\/p>\n\n\n\n<p><strong>Club Mercedes 2:<\/strong>&nbsp;Guillermo Benedetti y Juli\u00e1n Lussello.<br><strong>Ateneo 1:<\/strong>&nbsp;Gino Jadra Tau.<br><strong>Arbitros:<\/strong>&nbsp;Germ\u00e1n Gauna y Miguel Contreras (AAM).<\/p>\n\n\n\n<p><strong>Palometas 1:<\/strong>&nbsp;Mariano Brehinier.<br><strong>AMEFIP San Mart\u00edn 3:<\/strong>&nbsp;Agust\u00edn Torres, Braian Garc\u00eda y Ezequiel Potes.<br><strong>Arbitros:<\/strong>&nbsp;Franco Prieto y Carlos Pocaressi (SADRA).<br><strong>Expulsados:<\/strong>&nbsp;Braian Garc\u00eda en AMEFIP San Mart\u00edn y Juan Virto en Palometas.<\/p>\n\n\n\n<p><strong>Holanda 1:<\/strong>&nbsp;Agust\u00edn Uboldi.<br><strong>Uni\u00f3n 0<\/strong>.<br><strong>Arbitros:<\/strong>&nbsp;Franco Prieto y Carlos Pocaressi (SADRA).<\/p>\n\n\n\n<p><strong>Los Carteros 3:<\/strong>\u00a0Elio Serrano 2 y Jonathan Paj\u00f3n.<br><strong>Talleres Payr\u00f3 2:\u00a0<\/strong>Joaqu\u00edn Paoletta de penal y Franco Gim\u00e9nez.<br><strong>Arbitro:<\/strong> Daniel Balvidares y Juan Moretti (AAM).<\/p>\n\n\n\n<p><\/p>\n\n\n\n<p>Se juega el feriado<\/p>\n\n\n\n<p>La Primera Divisi\u00f3n tendr\u00e1 continuidad este mi\u00e9rcoles 1 de mayo con varios encuentros al igual que el torneo de Reserva de la fecha 8. Adem\u00e1s, se completar\u00e1 la fecha 7.<\/p>\n\n\n\n<p><strong>Martes 30 de abril<br>Cancha:\u00a0<\/strong>El Front\u00f3n.<\/p>\n\n\n\n<p>A las 19.30  El Front\u00f3n vs. Defensores Juniors (Reserva)<br>A las 21.30 El Front\u00f3n vs. Defensores Juniors. (Primera)<\/p>\n\n\n\n<p><strong>Mi\u00e9rcoles 1 de mayo<br>Cancha:\u00a0<\/strong>Pabell\u00f3n Argentino.<\/p>\n\n\n\n<p>A las 17.30 Pabell\u00f3n Argentino vs. Estudiantes (Reserva)<br>A las 19.30 Pabell\u00f3n Argentino vs. Estudiantes. (Primera)<\/p>\n\n\n\n<p><strong>PRIMERA DIVISION &#8211; Fecha 8<\/strong><\/p>\n\n\n\n<p><em><strong>Mi\u00e9rcoles 1 de mayo, cancha Liga Mercedina<\/strong><\/em><br>12:00 hs. AMEFIP Vs. Trocha<br>14:00 hs. Ateneo Vs. El Tim\u00f3n<br>16:00 hs. Mercedes Vs. V\u00e9lez Sarsfield<\/p>\n\n\n\n<p><em><strong>Mi\u00e9rcoles 1 de mayo, cancha Costa Brava<\/strong><\/em><br>16:00 hs. Costa Brava Vs. Col\u00f3n<\/p>\n\n\n\n<p><em><strong>Mi\u00e9rcoles 1 de mayo, cancha Atl\u00e9tico Marcos Paz<\/strong><\/em><br>16:00 HS. Atl\u00e9tico Marcos Paz Vs. Palometas FC<\/p>\n\n\n\n<p><strong>RESERVA &#8211; Fecha 8<\/strong><\/p>\n\n\n\n<p><em><strong>Mi\u00e9rcoles 1 de Mayo Cancha Liga<\/strong><\/em><br>18:00 hs. Ateneo El Tim\u00f3n<\/p>\n\n\n\n<p><em><strong>Mi\u00e9rcoles 1 de Mayo cancha Mercedes<\/strong><\/em><br>13:00 hs. Mercedes Vs. V\u00e9lez<br>15:00 hs. AMEFIP Vs. Trocha<\/p>\n\n\n\n<p><em><strong>Mi\u00e9rcoles 1 de mayo, cancha Costa Brava<\/strong><\/em><br>14:00 hs. Costa Brava Vs. Col\u00f3n<\/p>\n\n\n\n<p><em><strong>Mi\u00e9rcoles 1 de mayo, cancha Atl\u00e9tico Marcos Paz<\/strong><\/em><br>14:00 hs. Atl\u00e9tico Marcos Paz Vs. Palometas FC<\/p>\n\n\n\n<figure class=\"wp-block-image\"><img loading=\"lazy\" decoding=\"async\" width=\"657\" height=\"793\" data-attachment-id=\"92113\" data-permalink=\"https:\/\/www.hoymercedes.com.ar\/principal\/2019\/04\/29\/toda-la-estadistica-de-lo-que-se-jugo-por-la-septima-fecha-de-primera-y-reserva\/primera-liga-pos-13\/#main\" data-orig-file=\"https:\/\/www.hoymercedes.com.ar\/principal\/wp-content\/uploads\/2019\/04\/PRIMERA-LIGA-POS-7.png\" data-orig-size=\"657,793\" data-comments-opened=\"0\" data-image-meta=\"{&quot;aperture&quot;:&quot;0&quot;,&quot;credit&quot;:&quot;&quot;,&quot;camera&quot;:&quot;&quot;,&quot;caption&quot;:&quot;&quot;,&quot;created_timestamp&quot;:&quot;0&quot;,&quot;copyright&quot;:&quot;&quot;,&quot;focal_length&quot;:&quot;0&quot;,&quot;iso&quot;:&quot;0&quot;,&quot;shutter_speed&quot;:&quot;0&quot;,&quot;title&quot;:&quot;&quot;,&quot;orientation&quot;:&quot;0&quot;}\" data-image-title=\"PRIMERA LIGA POS\" data-image-description=\"\" data-image-caption=\"\" data-large-file=\"https:\/\/www.hoymercedes.com.ar\/principal\/wp-content\/uploads\/2019\/04\/PRIMERA-LIGA-POS-7.png\" src=\"https:\/\/www.hoymercedes.com.ar\/principal\/wp-content\/uploads\/2019\/04\/PRIMERA-LIGA-POS-7.png\" alt=\"\" class=\"wp-image-92113\" srcset=\"https:\/\/www.hoymercedes.com.ar\/principal\/wp-content\/uploads\/2019\/04\/PRIMERA-LIGA-POS-7.png 657w, https:\/\/www.hoymercedes.com.ar\/principal\/wp-content\/uploads\/2019\/04\/PRIMERA-LIGA-POS-7-124x150.png 124w, https:\/\/www.hoymercedes.com.ar\/principal\/wp-content\/uploads\/2019\/04\/PRIMERA-LIGA-POS-7-514x620.png 514w\" sizes=\"auto, (max-width: 657px) 100vw, 657px\" \/><\/figure>\n\n\n\n<figure class=\"wp-block-image\"><img loading=\"lazy\" decoding=\"async\" width=\"657\" height=\"793\" data-attachment-id=\"92114\" data-permalink=\"https:\/\/www.hoymercedes.com.ar\/principal\/2019\/04\/29\/toda-la-estadistica-de-lo-que-se-jugo-por-la-septima-fecha-de-primera-y-reserva\/reserva-liga-pos-11\/#main\" data-orig-file=\"https:\/\/www.hoymercedes.com.ar\/principal\/wp-content\/uploads\/2019\/04\/RESERVA-LIGA-POS-7.png\" data-orig-size=\"657,793\" data-comments-opened=\"0\" data-image-meta=\"{&quot;aperture&quot;:&quot;0&quot;,&quot;credit&quot;:&quot;&quot;,&quot;camera&quot;:&quot;&quot;,&quot;caption&quot;:&quot;&quot;,&quot;created_timestamp&quot;:&quot;0&quot;,&quot;copyright&quot;:&quot;&quot;,&quot;focal_length&quot;:&quot;0&quot;,&quot;iso&quot;:&quot;0&quot;,&quot;shutter_speed&quot;:&quot;0&quot;,&quot;title&quot;:&quot;&quot;,&quot;orientation&quot;:&quot;0&quot;}\" data-image-title=\"RESERVA LIGA POS\" data-image-description=\"\" data-image-caption=\"\" data-large-file=\"https:\/\/www.hoymercedes.com.ar\/principal\/wp-content\/uploads\/2019\/04\/RESERVA-LIGA-POS-7.png\" src=\"https:\/\/www.hoymercedes.com.ar\/principal\/wp-content\/uploads\/2019\/04\/RESERVA-LIGA-POS-7.png\" alt=\"\" class=\"wp-image-92114\" srcset=\"https:\/\/www.hoymercedes.com.ar\/principal\/wp-content\/uploads\/2019\/04\/RESERVA-LIGA-POS-7.png 657w, https:\/\/www.hoymercedes.com.ar\/principal\/wp-content\/uploads\/2019\/04\/RESERVA-LIGA-POS-7-124x150.png 124w, https:\/\/www.hoymercedes.com.ar\/principal\/wp-content\/uploads\/2019\/04\/RESERVA-LIGA-POS-7-514x620.png 514w\" sizes=\"auto, (max-width: 657px) 100vw, 657px\" \/><\/figure>\n\n\n\n<div class=\"wp-block-image\"><figure class=\"aligncenter\"><img loading=\"lazy\" decoding=\"async\" width=\"324\" height=\"387\" data-attachment-id=\"92115\" data-permalink=\"https:\/\/www.hoymercedes.com.ar\/principal\/2019\/04\/29\/toda-la-estadistica-de-lo-que-se-jugo-por-la-septima-fecha-de-primera-y-reserva\/goles-liga-pri-7\/#main\" data-orig-file=\"https:\/\/www.hoymercedes.com.ar\/principal\/wp-content\/uploads\/2019\/04\/Goles-LIGA-PRI-4.png\" data-orig-size=\"324,387\" data-comments-opened=\"0\" data-image-meta=\"{&quot;aperture&quot;:&quot;0&quot;,&quot;credit&quot;:&quot;&quot;,&quot;camera&quot;:&quot;&quot;,&quot;caption&quot;:&quot;&quot;,&quot;created_timestamp&quot;:&quot;0&quot;,&quot;copyright&quot;:&quot;&quot;,&quot;focal_length&quot;:&quot;0&quot;,&quot;iso&quot;:&quot;0&quot;,&quot;shutter_speed&quot;:&quot;0&quot;,&quot;title&quot;:&quot;&quot;,&quot;orientation&quot;:&quot;0&quot;}\" data-image-title=\"Goles LIGA PRI\" data-image-description=\"\" data-image-caption=\"\" data-large-file=\"https:\/\/www.hoymercedes.com.ar\/principal\/wp-content\/uploads\/2019\/04\/Goles-LIGA-PRI-4.png\" src=\"https:\/\/www.hoymercedes.com.ar\/principal\/wp-content\/uploads\/2019\/04\/Goles-LIGA-PRI-4.png\" alt=\"\" class=\"wp-image-92115\" srcset=\"https:\/\/www.hoymercedes.com.ar\/principal\/wp-content\/uploads\/2019\/04\/Goles-LIGA-PRI-4.png 324w, https:\/\/www.hoymercedes.com.ar\/principal\/wp-content\/uploads\/2019\/04\/Goles-LIGA-PRI-4-126x150.png 126w\" sizes=\"auto, (max-width: 324px) 100vw, 324px\" \/><\/figure><\/div>\n\n\n\n<div class=\"wp-block-image\"><figure class=\"aligncenter\"><img loading=\"lazy\" decoding=\"async\" width=\"332\" height=\"280\" data-attachment-id=\"92116\" data-permalink=\"https:\/\/www.hoymercedes.com.ar\/principal\/2019\/04\/29\/toda-la-estadistica-de-lo-que-se-jugo-por-la-septima-fecha-de-primera-y-reserva\/goles-liga-res-5\/#main\" data-orig-file=\"https:\/\/www.hoymercedes.com.ar\/principal\/wp-content\/uploads\/2019\/04\/GOLES-LIGA-RES-2.png\" data-orig-size=\"332,280\" data-comments-opened=\"0\" data-image-meta=\"{&quot;aperture&quot;:&quot;0&quot;,&quot;credit&quot;:&quot;&quot;,&quot;camera&quot;:&quot;&quot;,&quot;caption&quot;:&quot;&quot;,&quot;created_timestamp&quot;:&quot;0&quot;,&quot;copyright&quot;:&quot;&quot;,&quot;focal_length&quot;:&quot;0&quot;,&quot;iso&quot;:&quot;0&quot;,&quot;shutter_speed&quot;:&quot;0&quot;,&quot;title&quot;:&quot;&quot;,&quot;orientation&quot;:&quot;0&quot;}\" data-image-title=\"GOLES LIGA RES\" data-image-description=\"\" data-image-caption=\"\" data-large-file=\"https:\/\/www.hoymercedes.com.ar\/principal\/wp-content\/uploads\/2019\/04\/GOLES-LIGA-RES-2.png\" src=\"https:\/\/www.hoymercedes.com.ar\/principal\/wp-content\/uploads\/2019\/04\/GOLES-LIGA-RES-2.png\" alt=\"\" class=\"wp-image-92116\" srcset=\"https:\/\/www.hoymercedes.com.ar\/principal\/wp-content\/uploads\/2019\/04\/GOLES-LIGA-RES-2.png 332w, https:\/\/www.hoymercedes.com.ar\/principal\/wp-content\/uploads\/2019\/04\/GOLES-LIGA-RES-2-150x127.png 150w\" sizes=\"auto, (max-width: 332px) 100vw, 332px\" \/><\/figure><\/div>\n\n\n\n<p><br><\/p>\n","protected":false},"excerpt":{"rendered":"<p>La lluvia del fin de semana oblig\u00f3 a la suspensi\u00f3n de varios partidos de Reserva y la mitad de los &#8230; <a title=\"Toda la estad\u00edstica de lo que se jug\u00f3 por la s\u00e9ptima fecha de Primera y Reserva\" class=\"read-more\" href=\"https:\/\/www.hoymercedes.com.ar\/principal\/2019\/04\/29\/toda-la-estadistica-de-lo-que-se-jugo-por-la-septima-fecha-de-primera-y-reserva\/\" aria-label=\"Leer m\u00e1s sobre Toda la estad\u00edstica de lo que se jug\u00f3 por la s\u00e9ptima fecha de Primera y Reserva\">Leer m\u00e1s<\/a><\/p>\n","protected":false},"author":1,"featured_media":92113,"comment_status":"closed","ping_status":"open","sticky":false,"template":"","format":"standard","meta":{"_monsterinsights_skip_tracking":false,"_monsterinsights_sitenote_active":false,"_monsterinsights_sitenote_note":"","_monsterinsights_sitenote_category":0,"jetpack_post_was_ever_published":false,"_jetpack_newsletter_access":"","_jetpack_dont_email_post_to_subs":false,"_jetpack_newsletter_tier_id":0,"_jetpack_memberships_contains_paywalled_content":false,"_jetpack_memberships_contains_paid_content":false,"footnotes":"","jetpack_publicize_message":"","jetpack_publicize_feature_enabled":true,"jetpack_social_post_already_shared":true,"jetpack_social_options":{"image_generator_settings":{"template":"highway","default_image_id":0,"font":"","enabled":false},"version":2},"_wpas_customize_per_network":false},"categories":[21],"tags":[],"class_list":["post-92112","post","type-post","status-publish","format-standard","has-post-thumbnail","hentry","category-deportes","generate-columns","tablet-grid-50","mobile-grid-100","grid-parent","grid-50"],"jetpack_publicize_connections":[],"jetpack_featured_media_url":"https:\/\/www.hoymercedes.com.ar\/principal\/wp-content\/uploads\/2019\/04\/PRIMERA-LIGA-POS-7.png","wps_subtitle":"Liga Mercedina","jetpack_sharing_enabled":true,"_links":{"self":[{"href":"https:\/\/www.hoymercedes.com.ar\/principal\/wp-json\/wp\/v2\/posts\/92112","targetHints":{"allow":["GET"]}}],"collection":[{"href":"https:\/\/www.hoymercedes.com.ar\/principal\/wp-json\/wp\/v2\/posts"}],"about":[{"href":"https:\/\/www.hoymercedes.com.ar\/principal\/wp-json\/wp\/v2\/types\/post"}],"author":[{"embeddable":true,"href":"https:\/\/www.hoymercedes.com.ar\/principal\/wp-json\/wp\/v2\/users\/1"}],"replies":[{"embeddable":true,"href":"https:\/\/www.hoymercedes.com.ar\/principal\/wp-json\/wp\/v2\/comments?post=92112"}],"version-history":[{"count":0,"href":"https:\/\/www.hoymercedes.com.ar\/principal\/wp-json\/wp\/v2\/posts\/92112\/revisions"}],"wp:featuredmedia":[{"embeddable":true,"href":"https:\/\/www.hoymercedes.com.ar\/principal\/wp-json\/wp\/v2\/media\/92113"}],"wp:attachment":[{"href":"https:\/\/www.hoymercedes.com.ar\/principal\/wp-json\/wp\/v2\/media?parent=92112"}],"wp:term":[{"taxonomy":"category","embeddable":true,"href":"https:\/\/www.hoymercedes.com.ar\/principal\/wp-json\/wp\/v2\/categories?post=92112"},{"taxonomy":"post_tag","embeddable":true,"href":"https:\/\/www.hoymercedes.com.ar\/principal\/wp-json\/wp\/v2\/tags?post=92112"}],"curies":[{"name":"wp","href":"https:\/\/api.w.org\/{rel}","templated":true}]}}