{"id":92124,"date":"2019-04-30T11:27:00","date_gmt":"2019-04-30T14:27:00","guid":{"rendered":"http:\/\/www.hoymercedes.com.ar\/principal\/?p=92124"},"modified":"2019-04-29T20:34:15","modified_gmt":"2019-04-29T23:34:15","slug":"lorena-campelo-participo-de-la-20-maraton-internacional-de-mendoza","status":"publish","type":"post","link":"https:\/\/www.hoymercedes.com.ar\/principal\/2019\/04\/30\/lorena-campelo-participo-de-la-20-maraton-internacional-de-mendoza\/","title":{"rendered":"Lorena Campelo particip\u00f3 de la 20\u00b0 Marat\u00f3n Internacional de Mendoza"},"content":{"rendered":"\n<p>Una de las maratones que m\u00e1s crece en el continente volvi\u00f3 a brillar este domingo. Cabe destacar la presencia de m\u00e1s de seis mil atletas en las distancias de 42k, 21k, 10k y 4k, muchos de ellos extranjeros que participaron de la XX Marat\u00f3n Internacional de Mendoza<\/p>\n\n\n\n<figure class=\"wp-block-image\"><img loading=\"lazy\" decoding=\"async\" width=\"768\" height=\"1024\" data-attachment-id=\"92125\" data-permalink=\"https:\/\/www.hoymercedes.com.ar\/principal\/2019\/04\/30\/lorena-campelo-participo-de-la-20-maraton-internacional-de-mendoza\/img-20190428-wa0009\/#main\" data-orig-file=\"https:\/\/www.hoymercedes.com.ar\/principal\/wp-content\/uploads\/2019\/04\/IMG-20190428-WA0009.jpg\" data-orig-size=\"774,1032\" data-comments-opened=\"0\" data-image-meta=\"{&quot;aperture&quot;:&quot;0&quot;,&quot;credit&quot;:&quot;&quot;,&quot;camera&quot;:&quot;&quot;,&quot;caption&quot;:&quot;&quot;,&quot;created_timestamp&quot;:&quot;0&quot;,&quot;copyright&quot;:&quot;&quot;,&quot;focal_length&quot;:&quot;0&quot;,&quot;iso&quot;:&quot;0&quot;,&quot;shutter_speed&quot;:&quot;0&quot;,&quot;title&quot;:&quot;&quot;,&quot;orientation&quot;:&quot;0&quot;}\" data-image-title=\"IMG-20190428-WA0009\" data-image-description=\"\" data-image-caption=\"\" data-large-file=\"https:\/\/www.hoymercedes.com.ar\/principal\/wp-content\/uploads\/2019\/04\/IMG-20190428-WA0009-768x1024.jpg\" src=\"https:\/\/www.hoymercedes.com.ar\/principal\/wp-content\/uploads\/2019\/04\/IMG-20190428-WA0009-768x1024.jpg\" alt=\"\" class=\"wp-image-92125\" srcset=\"https:\/\/www.hoymercedes.com.ar\/principal\/wp-content\/uploads\/2019\/04\/IMG-20190428-WA0009-768x1024.jpg 768w, https:\/\/www.hoymercedes.com.ar\/principal\/wp-content\/uploads\/2019\/04\/IMG-20190428-WA0009-113x150.jpg 113w, https:\/\/www.hoymercedes.com.ar\/principal\/wp-content\/uploads\/2019\/04\/IMG-20190428-WA0009-465x620.jpg 465w, https:\/\/www.hoymercedes.com.ar\/principal\/wp-content\/uploads\/2019\/04\/IMG-20190428-WA0009.jpg 774w\" sizes=\"auto, (max-width: 768px) 100vw, 768px\" \/><\/figure>\n\n\n\n<p>La competencia pas\u00f3 por las calles de Luj\u00e1n de Cuyo, Godoy Cruz y la propia capital, adem\u00e1s de pasar por magn\u00edficos vi\u00f1edos, monta\u00f1as y r\u00edos.<\/p>\n\n\n\n<p>El ganador de los 42K fue Cristian Mohamed, con un tiempo de 2h30m37s. En segundo lugar termin\u00f3 Alfredo Aguirre, con 2h30m44s, y cerr\u00f3 el podio el chileno Luis Barra Soto (2h35m11s).<\/p>\n\n\n\n<figure class=\"wp-block-image\"><img loading=\"lazy\" decoding=\"async\" width=\"1024\" height=\"576\" data-attachment-id=\"92126\" data-permalink=\"https:\/\/www.hoymercedes.com.ar\/principal\/2019\/04\/30\/lorena-campelo-participo-de-la-20-maraton-internacional-de-mendoza\/img-20190428-wa0008\/#main\" data-orig-file=\"https:\/\/www.hoymercedes.com.ar\/principal\/wp-content\/uploads\/2019\/04\/IMG-20190428-WA0008.jpg\" data-orig-size=\"1032,581\" data-comments-opened=\"0\" data-image-meta=\"{&quot;aperture&quot;:&quot;0&quot;,&quot;credit&quot;:&quot;&quot;,&quot;camera&quot;:&quot;&quot;,&quot;caption&quot;:&quot;&quot;,&quot;created_timestamp&quot;:&quot;0&quot;,&quot;copyright&quot;:&quot;&quot;,&quot;focal_length&quot;:&quot;0&quot;,&quot;iso&quot;:&quot;0&quot;,&quot;shutter_speed&quot;:&quot;0&quot;,&quot;title&quot;:&quot;&quot;,&quot;orientation&quot;:&quot;0&quot;}\" data-image-title=\"IMG-20190428-WA0008\" data-image-description=\"\" data-image-caption=\"\" data-large-file=\"https:\/\/www.hoymercedes.com.ar\/principal\/wp-content\/uploads\/2019\/04\/IMG-20190428-WA0008-1024x576.jpg\" src=\"https:\/\/www.hoymercedes.com.ar\/principal\/wp-content\/uploads\/2019\/04\/IMG-20190428-WA0008-1024x576.jpg\" alt=\"\" class=\"wp-image-92126\" srcset=\"https:\/\/www.hoymercedes.com.ar\/principal\/wp-content\/uploads\/2019\/04\/IMG-20190428-WA0008-1024x576.jpg 1024w, https:\/\/www.hoymercedes.com.ar\/principal\/wp-content\/uploads\/2019\/04\/IMG-20190428-WA0008-150x84.jpg 150w, https:\/\/www.hoymercedes.com.ar\/principal\/wp-content\/uploads\/2019\/04\/IMG-20190428-WA0008-630x355.jpg 630w, https:\/\/www.hoymercedes.com.ar\/principal\/wp-content\/uploads\/2019\/04\/IMG-20190428-WA0008.jpg 1032w\" sizes=\"auto, (max-width: 1024px) 100vw, 1024px\" \/><\/figure>\n\n\n\n<p>Entre las mujeres, la legendaria Adela Barrios gan\u00f3 parando el cron\u00f3metro en 2h47m44s, lo que la dej\u00f3 a 44 segundos del r\u00e9cord del circuito. La\u00a0ganadora del a\u00f1o pasado, Johana Emmert, termin\u00f3 en la segunda posici\u00f3n, con 2h56m49s. Tercera qued\u00f3 Vanina Yudica (2h59m05s).<\/p>\n\n\n\n<p>La mercedina Lorena Campelo culmin\u00f3 la misma con un excelente tiempo de 4hs 12 minutos muy cerca de bajar las 4 hs. Seguramente luego de un descanso y trabajos regenerativos para recuperarse del intenso desgaste que provoca esta prueba la atleta comenzar\u00e1 a trabajar para bajar esa marca en las pr\u00f3ximas competencias. <br><\/p>\n","protected":false},"excerpt":{"rendered":"<p>Una de las maratones que m\u00e1s crece en el continente volvi\u00f3 a brillar este domingo. Cabe destacar la presencia de &#8230; <a title=\"Lorena Campelo particip\u00f3 de la 20\u00b0 Marat\u00f3n Internacional de Mendoza\" class=\"read-more\" href=\"https:\/\/www.hoymercedes.com.ar\/principal\/2019\/04\/30\/lorena-campelo-participo-de-la-20-maraton-internacional-de-mendoza\/\" aria-label=\"Leer m\u00e1s sobre Lorena Campelo particip\u00f3 de la 20\u00b0 Marat\u00f3n Internacional de Mendoza\">Leer m\u00e1s<\/a><\/p>\n","protected":false},"author":1,"featured_media":92125,"comment_status":"closed","ping_status":"open","sticky":false,"template":"","format":"standard","meta":{"_monsterinsights_skip_tracking":false,"_monsterinsights_sitenote_active":false,"_monsterinsights_sitenote_note":"","_monsterinsights_sitenote_category":0,"jetpack_post_was_ever_published":false,"_jetpack_newsletter_access":"","_jetpack_dont_email_post_to_subs":false,"_jetpack_newsletter_tier_id":0,"_jetpack_memberships_contains_paywalled_content":false,"_jetpack_memberships_contains_paid_content":false,"footnotes":"","jetpack_publicize_message":"","jetpack_publicize_feature_enabled":true,"jetpack_social_post_already_shared":true,"jetpack_social_options":{"image_generator_settings":{"template":"highway","default_image_id":0,"font":"","enabled":false},"version":2},"_wpas_customize_per_network":false},"categories":[21],"tags":[803,14969],"class_list":["post-92124","post","type-post","status-publish","format-standard","has-post-thumbnail","hentry","category-deportes","tag-atletismo","tag-maraton-internacional-mendoza","generate-columns","tablet-grid-50","mobile-grid-100","grid-parent","grid-50"],"jetpack_publicize_connections":[],"jetpack_featured_media_url":"https:\/\/www.hoymercedes.com.ar\/principal\/wp-content\/uploads\/2019\/04\/IMG-20190428-WA0009.jpg","wps_subtitle":"","jetpack_sharing_enabled":true,"_links":{"self":[{"href":"https:\/\/www.hoymercedes.com.ar\/principal\/wp-json\/wp\/v2\/posts\/92124","targetHints":{"allow":["GET"]}}],"collection":[{"href":"https:\/\/www.hoymercedes.com.ar\/principal\/wp-json\/wp\/v2\/posts"}],"about":[{"href":"https:\/\/www.hoymercedes.com.ar\/principal\/wp-json\/wp\/v2\/types\/post"}],"author":[{"embeddable":true,"href":"https:\/\/www.hoymercedes.com.ar\/principal\/wp-json\/wp\/v2\/users\/1"}],"replies":[{"embeddable":true,"href":"https:\/\/www.hoymercedes.com.ar\/principal\/wp-json\/wp\/v2\/comments?post=92124"}],"version-history":[{"count":0,"href":"https:\/\/www.hoymercedes.com.ar\/principal\/wp-json\/wp\/v2\/posts\/92124\/revisions"}],"wp:featuredmedia":[{"embeddable":true,"href":"https:\/\/www.hoymercedes.com.ar\/principal\/wp-json\/wp\/v2\/media\/92125"}],"wp:attachment":[{"href":"https:\/\/www.hoymercedes.com.ar\/principal\/wp-json\/wp\/v2\/media?parent=92124"}],"wp:term":[{"taxonomy":"category","embeddable":true,"href":"https:\/\/www.hoymercedes.com.ar\/principal\/wp-json\/wp\/v2\/categories?post=92124"},{"taxonomy":"post_tag","embeddable":true,"href":"https:\/\/www.hoymercedes.com.ar\/principal\/wp-json\/wp\/v2\/tags?post=92124"}],"curies":[{"name":"wp","href":"https:\/\/api.w.org\/{rel}","templated":true}]}}