{"id":9213,"date":"2011-11-18T11:40:47","date_gmt":"2011-11-18T11:40:47","guid":{"rendered":"http:\/\/www.hoymercedes.com.ar\/principal\/?p=9213"},"modified":"2011-11-18T11:40:47","modified_gmt":"2011-11-18T11:40:47","slug":"setia-inauguro-la-delegacion-de-su-sindicato-textil-en-nuestra-ciudad","status":"publish","type":"post","link":"https:\/\/www.hoymercedes.com.ar\/principal\/2011\/11\/18\/setia-inauguro-la-delegacion-de-su-sindicato-textil-en-nuestra-ciudad\/","title":{"rendered":"SETIA inauguro la delegaci\u00f3n de su sindicato textil en nuestra ciudad"},"content":{"rendered":"<figure id=\"attachment_9215\" aria-describedby=\"caption-attachment-9215\" style=\"width: 340px\" class=\"wp-caption alignleft\"><a href=\"https:\/\/www.hoymercedes.com.ar\/principal\/wp-content\/uploads\/2011\/11\/Setia-.jpg\"><img loading=\"lazy\" decoding=\"async\" data-attachment-id=\"9215\" data-permalink=\"https:\/\/www.hoymercedes.com.ar\/principal\/2011\/11\/18\/setia-inauguro-la-delegacion-de-su-sindicato-textil-en-nuestra-ciudad\/setia\/#main\" data-orig-file=\"https:\/\/www.hoymercedes.com.ar\/principal\/wp-content\/uploads\/2011\/11\/Setia-.jpg\" data-orig-size=\"350,182\" data-comments-opened=\"1\" data-image-meta=\"{&quot;aperture&quot;:&quot;2.8&quot;,&quot;credit&quot;:&quot;&quot;,&quot;camera&quot;:&quot;COOLPIX L10&quot;,&quot;caption&quot;:&quot;&quot;,&quot;created_timestamp&quot;:&quot;1321344513&quot;,&quot;copyright&quot;:&quot;Copyright 2006&quot;,&quot;focal_length&quot;:&quot;6.2&quot;,&quot;iso&quot;:&quot;64&quot;,&quot;shutter_speed&quot;:&quot;0.016666666666667&quot;,&quot;title&quot;:&quot;&quot;}\" data-image-title=\"Setia-!\" data-image-description=\"\" data-image-caption=\"&lt;p&gt;Inauguraci\u00f3n sede SETIA&lt;\/p&gt;\n\" data-large-file=\"https:\/\/www.hoymercedes.com.ar\/principal\/wp-content\/uploads\/2011\/11\/Setia-.jpg\" class=\"size-full wp-image-9215\" title=\"Setia-!\" src=\"https:\/\/www.hoymercedes.com.ar\/principal\/wp-content\/uploads\/2011\/11\/Setia-.jpg\" alt=\"\" width=\"350\" height=\"182\" \/><\/a><figcaption id=\"caption-attachment-9215\" class=\"wp-caption-text\">Inauguraci\u00f3n sede SETIA<\/figcaption><\/figure>\n<p>Con la presencia del Secretario General en el orden nacional, Mauricio Anchava, quedo inaugurada ayer la sede de la Delegaci\u00f3n del Sindicato de Empleados textiles, Indumentaria y Afines, (SETIA) en la calle 30 entre 29 y 31.<\/p>\n<p>Adem\u00e1s de la presencia del dirigente ya mencionado se hicieron presentes representantes de otros gremios de la ciudad, el Delegado Regional del Ministerio de Trabajo de Buenos Aires Jos\u00e9 Mar\u00eda Nasso, representantes gremiales de Capital y otras localidades, el encargado en su car\u00e1cter de delegado normalizador de conducir la nueva representaci\u00f3n gremial hasta que se lleven a cabo elecciones en SETIA, H\u00e9ctor Cirio.<\/p>\n<p>Al dialogar con los medios de prensa, Anchava precis\u00f3 \u201choy estamos en esta ciudad para dejar inaugurada una nueva delegaci\u00f3n en el interior del pa\u00eds de la misma manera que en las primeras horas de la ma\u00f1ana hici\u00e9ramos lo mismo en Carmen de Areco y as\u00ed seguiremos en la medida de lo posible en las ciudades del interior de nuestro pa\u00eds donde haya trabajadores textiles como as\u00ed tambi\u00e9n que tiene relaci\u00f3n con la industria de la indumentaria y otra actividades afines a los cuales intentamos llegar sobre todo para efectuar una tarea de asistencia m\u00e9dica permanente, tanto preventiva como en temas que tengan que ver con las prestaciones espec\u00edficas que ellos necesiten.<\/p>\n<p>Tenemos en esta ciudad una buena cantidad de afiliados pero al mismo tiempo pensamos en las amplias posibilidades que se viene para esta ciudad de Mercedes en materia de emprendimientos textiles.<\/p>\n<p>Como adelante les dir\u00eda que si todo sale bien en muy poco tiempo m\u00e1s ya tendr\u00edan trabajando en este medio por lo menos dos empresas que van a ocupar una importante cantidad de mano de obra y nosotros debemos estar preparados para estar cerca de nuestros trabajadores y no tengan que trasladarse tantos kil\u00f3metros para contar con una cobertura m\u00e9dica para lo cual hemos firmado los convenios correspondientes para que se atiendan absolutamente todas las especialidades.<\/p>\n<p>Con respecto a nuestra actividad como sindicato mantenemos muy buenas relaciones con la empresa Guilford y lo mismo puedo decir con las restantes como Karavell, Magromer porque ellos hacen confecciones, Neila, por citar algunas.<\/p>\n<p>Como lo manifest\u00e9 se pueden venir tiempos muy buenos para Mercedes, ya se sabe muy bien que hay una empresa con una planta en esta ciudad concretamente el Gowland cuyo personal acaba de afiliarse a SETIA y para el 2012 instalar\u00e1n un anexo para fabricar silo bolsas y nos han dicho que para ello necesitar\u00e1n incorporar pro lo menos unas cien personas.<\/p>\n<p>Por eso por intermedio de la Municipalidad estamos haciendo las gestiones necesarias para que puedan tener el predio que necesitan y as\u00ed colaborar tambi\u00e9n con el municipio en gestionar nuevas empresas para el Partido consiguiendo nuevas fuentes laborales.<\/p>\n<p>Por ahora hablamos de dos empresas, pero estamos conversando acerca de otras posibilidades de radicaci\u00f3n pero no vamos a mencionar nada hasta tener al menos algo concreto, reitero que por ahora son conversaciones en muy buenos t\u00e9rminos pero nada m\u00e1s\u201d<\/p>\n<p>Finalmente se refiri\u00f3 a las prestaciones que el gremio brinda a sus afiliados sosteniendo \u201c consideramos que en materia de beneficios para el trabajador afiliados brindamos algo realmente muy completo, algo que nuestros trabajadores nunca hab\u00edan tenido como ahora, hemos firmado convenios con todas las prestadoras, incluso con la Asociaci\u00f3n M\u00e9dica de Mercedes por lo cual los afiliados se atender\u00e1n con la sola entrega del bono, sin arancel adicional y algo tambi\u00e9n importante es que los bonos se entregan de manera totalmente gratuita\u201d<\/p>\n<p>SETIA tiene ya afiliados en Mercedes a noventa trabajadores textiles y de indumentaria, y en la zona, tambi\u00e9n dependen de esta delegaci\u00f3n, otros 110.<\/p>\n","protected":false},"excerpt":{"rendered":"<p>Con la presencia del Secretario General en el orden nacional, Mauricio Anchava, quedo inaugurada ayer la sede de la Delegaci\u00f3n &#8230; <a title=\"SETIA inauguro la delegaci\u00f3n de su sindicato textil en nuestra ciudad\" class=\"read-more\" href=\"https:\/\/www.hoymercedes.com.ar\/principal\/2011\/11\/18\/setia-inauguro-la-delegacion-de-su-sindicato-textil-en-nuestra-ciudad\/\" aria-label=\"Leer m\u00e1s sobre SETIA inauguro la delegaci\u00f3n de su sindicato textil en nuestra ciudad\">Leer m\u00e1s<\/a><\/p>\n","protected":false},"author":1,"featured_media":0,"comment_status":"open","ping_status":"open","sticky":false,"template":"","format":"standard","meta":{"_monsterinsights_skip_tracking":false,"_monsterinsights_sitenote_active":false,"_monsterinsights_sitenote_note":"","_monsterinsights_sitenote_category":0,"jetpack_post_was_ever_published":false,"_jetpack_newsletter_access":"","_jetpack_dont_email_post_to_subs":false,"_jetpack_newsletter_tier_id":0,"_jetpack_memberships_contains_paywalled_content":false,"_jetpack_memberships_contains_paid_content":false,"footnotes":"","jetpack_publicize_message":"","jetpack_publicize_feature_enabled":true,"jetpack_social_post_already_shared":false,"jetpack_social_options":{"image_generator_settings":{"template":"highway","default_image_id":0,"font":"","enabled":false},"version":2},"_wpas_customize_per_network":false},"categories":[8],"tags":[1596,1597],"class_list":["post-9213","post","type-post","status-publish","format-standard","hentry","category-sociedad","tag-setia-mercedes","tag-terxtiles","generate-columns","tablet-grid-50","mobile-grid-100","grid-parent","grid-50"],"jetpack_publicize_connections":[],"jetpack_featured_media_url":"","wps_subtitle":"","jetpack_sharing_enabled":true,"_links":{"self":[{"href":"https:\/\/www.hoymercedes.com.ar\/principal\/wp-json\/wp\/v2\/posts\/9213","targetHints":{"allow":["GET"]}}],"collection":[{"href":"https:\/\/www.hoymercedes.com.ar\/principal\/wp-json\/wp\/v2\/posts"}],"about":[{"href":"https:\/\/www.hoymercedes.com.ar\/principal\/wp-json\/wp\/v2\/types\/post"}],"author":[{"embeddable":true,"href":"https:\/\/www.hoymercedes.com.ar\/principal\/wp-json\/wp\/v2\/users\/1"}],"replies":[{"embeddable":true,"href":"https:\/\/www.hoymercedes.com.ar\/principal\/wp-json\/wp\/v2\/comments?post=9213"}],"version-history":[{"count":0,"href":"https:\/\/www.hoymercedes.com.ar\/principal\/wp-json\/wp\/v2\/posts\/9213\/revisions"}],"wp:attachment":[{"href":"https:\/\/www.hoymercedes.com.ar\/principal\/wp-json\/wp\/v2\/media?parent=9213"}],"wp:term":[{"taxonomy":"category","embeddable":true,"href":"https:\/\/www.hoymercedes.com.ar\/principal\/wp-json\/wp\/v2\/categories?post=9213"},{"taxonomy":"post_tag","embeddable":true,"href":"https:\/\/www.hoymercedes.com.ar\/principal\/wp-json\/wp\/v2\/tags?post=9213"}],"curies":[{"name":"wp","href":"https:\/\/api.w.org\/{rel}","templated":true}]}}