{"id":92148,"date":"2019-05-01T18:07:41","date_gmt":"2019-05-01T21:07:41","guid":{"rendered":"http:\/\/www.hoymercedes.com.ar\/principal\/?p=92148"},"modified":"2019-04-30T08:46:00","modified_gmt":"2019-04-30T11:46:00","slug":"en-el-femenino-solo-se-jugaron-las-inferiores","status":"publish","type":"post","link":"https:\/\/www.hoymercedes.com.ar\/principal\/2019\/05\/01\/en-el-femenino-solo-se-jugaron-las-inferiores\/","title":{"rendered":"En el Femenino, s\u00f3lo se jugaron las inferiores"},"content":{"rendered":"\n<p>El lluvioso fin de semana hizo que s\u00f3lo pudieran salir a la cancha las dos categor\u00edas de inferiores, Sub 12 y Sub 16, que jugaron en cancha de Estudiantes. En la menor de las categor\u00edas, ALFA y Estudiantes siguen liderando, mientras que en la mayor, ahora hay tres punteros.<\/p>\n\n\n\n<p>En cuanto a la Primera divisi\u00f3n quedaron sin jugar en cancha de Deportivo Gowland los cruces entre el local y El Front\u00f3n, AMEFIP San Mart\u00edn vs. V\u00e9lez, Los Carteros vs. Juventud, Envi\u00f3n vs. Costa Brava y Alfa vs. Estudiantes, todos los partidos aguardan por su reprogramaci\u00f3n.<\/p>\n\n\n\n<p><strong>Sub 12<br>Estudiantes 4:<\/strong>\u00a0Malena P\u00e1ez \u00a02, Sof\u00eda Rodr\u00edguez y Mail\u00e9n Ferreyra.<br><strong>Carteros 0<\/strong>.<\/p>\n\n\n\n<p><strong>Alfa 2:<\/strong>\u00a0Candela Aliendro y Morena Garc\u00eda.<br><strong>AMEFIP San Mart\u00edn 0<\/strong>.<\/p>\n\n\n\n<p><strong>Sub 16<br>Alfa 1:<\/strong>\u00a0Mayra Iba\u00f1a.<br><strong>Los Carteros 1:<\/strong>\u00a0Luciana Bertone.<strong>Sub 16<br><\/strong><\/p>\n\n\n\n<p><strong>V\u00e9lez 3:<\/strong>\u00a0Catalina Amaya, Yesica paj\u00f3n y Jennifer Duberti.<br><strong>El Front\u00f3n 0<\/strong><\/p>\n\n\n\n<p><strong>Estudiantes 0.<br>La Loma<\/strong><br><\/p>\n\n\n\n<div class=\"wp-block-image\"><figure class=\"aligncenter\"><img loading=\"lazy\" decoding=\"async\" width=\"432\" height=\"364\" data-attachment-id=\"92153\" data-permalink=\"https:\/\/www.hoymercedes.com.ar\/principal\/2019\/05\/01\/en-el-femenino-solo-se-jugaron-las-inferiores\/pos-fem-inf-3\/#main\" data-orig-file=\"https:\/\/www.hoymercedes.com.ar\/principal\/wp-content\/uploads\/2019\/04\/POS-FEM-INF-2.png\" data-orig-size=\"432,364\" data-comments-opened=\"0\" data-image-meta=\"{&quot;aperture&quot;:&quot;0&quot;,&quot;credit&quot;:&quot;&quot;,&quot;camera&quot;:&quot;&quot;,&quot;caption&quot;:&quot;&quot;,&quot;created_timestamp&quot;:&quot;0&quot;,&quot;copyright&quot;:&quot;&quot;,&quot;focal_length&quot;:&quot;0&quot;,&quot;iso&quot;:&quot;0&quot;,&quot;shutter_speed&quot;:&quot;0&quot;,&quot;title&quot;:&quot;&quot;,&quot;orientation&quot;:&quot;0&quot;}\" data-image-title=\"POS FEM INF\" data-image-description=\"\" data-image-caption=\"\" data-large-file=\"https:\/\/www.hoymercedes.com.ar\/principal\/wp-content\/uploads\/2019\/04\/POS-FEM-INF-2.png\" src=\"https:\/\/www.hoymercedes.com.ar\/principal\/wp-content\/uploads\/2019\/04\/POS-FEM-INF-2.png\" alt=\"\" class=\"wp-image-92153\" srcset=\"https:\/\/www.hoymercedes.com.ar\/principal\/wp-content\/uploads\/2019\/04\/POS-FEM-INF-2.png 432w, https:\/\/www.hoymercedes.com.ar\/principal\/wp-content\/uploads\/2019\/04\/POS-FEM-INF-2-150x126.png 150w\" sizes=\"auto, (max-width: 432px) 100vw, 432px\" \/><\/figure><\/div>\n\n\n\n<div class=\"wp-block-image\"><figure class=\"aligncenter\"><img loading=\"lazy\" decoding=\"async\" width=\"313\" height=\"539\" data-attachment-id=\"92154\" data-permalink=\"https:\/\/www.hoymercedes.com.ar\/principal\/2019\/05\/01\/en-el-femenino-solo-se-jugaron-las-inferiores\/gol-fem-3\/#main\" data-orig-file=\"https:\/\/www.hoymercedes.com.ar\/principal\/wp-content\/uploads\/2019\/04\/GOL-FEM-2.png\" data-orig-size=\"313,539\" data-comments-opened=\"0\" data-image-meta=\"{&quot;aperture&quot;:&quot;0&quot;,&quot;credit&quot;:&quot;&quot;,&quot;camera&quot;:&quot;&quot;,&quot;caption&quot;:&quot;&quot;,&quot;created_timestamp&quot;:&quot;0&quot;,&quot;copyright&quot;:&quot;&quot;,&quot;focal_length&quot;:&quot;0&quot;,&quot;iso&quot;:&quot;0&quot;,&quot;shutter_speed&quot;:&quot;0&quot;,&quot;title&quot;:&quot;&quot;,&quot;orientation&quot;:&quot;0&quot;}\" data-image-title=\"GOL FEM\" data-image-description=\"\" data-image-caption=\"\" data-large-file=\"https:\/\/www.hoymercedes.com.ar\/principal\/wp-content\/uploads\/2019\/04\/GOL-FEM-2.png\" src=\"https:\/\/www.hoymercedes.com.ar\/principal\/wp-content\/uploads\/2019\/04\/GOL-FEM-2.png\" alt=\"\" class=\"wp-image-92154\" srcset=\"https:\/\/www.hoymercedes.com.ar\/principal\/wp-content\/uploads\/2019\/04\/GOL-FEM-2.png 313w, https:\/\/www.hoymercedes.com.ar\/principal\/wp-content\/uploads\/2019\/04\/GOL-FEM-2-87x150.png 87w\" sizes=\"auto, (max-width: 313px) 100vw, 313px\" \/><\/figure><\/div>\n\n\n\n<p><br><\/p>\n","protected":false},"excerpt":{"rendered":"<p>El lluvioso fin de semana hizo que s\u00f3lo pudieran salir a la cancha las dos categor\u00edas de inferiores, Sub 12 &#8230; <a title=\"En el Femenino, s\u00f3lo se jugaron las inferiores\" class=\"read-more\" href=\"https:\/\/www.hoymercedes.com.ar\/principal\/2019\/05\/01\/en-el-femenino-solo-se-jugaron-las-inferiores\/\" aria-label=\"Leer m\u00e1s sobre En el Femenino, s\u00f3lo se jugaron las inferiores\">Leer m\u00e1s<\/a><\/p>\n","protected":false},"author":1,"featured_media":92153,"comment_status":"closed","ping_status":"open","sticky":false,"template":"","format":"standard","meta":{"_monsterinsights_skip_tracking":false,"_monsterinsights_sitenote_active":false,"_monsterinsights_sitenote_note":"","_monsterinsights_sitenote_category":0,"jetpack_post_was_ever_published":false,"_jetpack_newsletter_access":"","_jetpack_dont_email_post_to_subs":false,"_jetpack_newsletter_tier_id":0,"_jetpack_memberships_contains_paywalled_content":false,"_jetpack_memberships_contains_paid_content":false,"footnotes":"","jetpack_publicize_message":"","jetpack_publicize_feature_enabled":true,"jetpack_social_post_already_shared":true,"jetpack_social_options":{"image_generator_settings":{"template":"highway","default_image_id":0,"font":"","enabled":false},"version":2},"_wpas_customize_per_network":false},"categories":[21],"tags":[895],"class_list":["post-92148","post","type-post","status-publish","format-standard","has-post-thumbnail","hentry","category-deportes","tag-futbol-femenino","generate-columns","tablet-grid-50","mobile-grid-100","grid-parent","grid-50"],"jetpack_publicize_connections":[],"jetpack_featured_media_url":"https:\/\/www.hoymercedes.com.ar\/principal\/wp-content\/uploads\/2019\/04\/POS-FEM-INF-2.png","wps_subtitle":"F\u00fatbol Femenino","jetpack_sharing_enabled":true,"_links":{"self":[{"href":"https:\/\/www.hoymercedes.com.ar\/principal\/wp-json\/wp\/v2\/posts\/92148","targetHints":{"allow":["GET"]}}],"collection":[{"href":"https:\/\/www.hoymercedes.com.ar\/principal\/wp-json\/wp\/v2\/posts"}],"about":[{"href":"https:\/\/www.hoymercedes.com.ar\/principal\/wp-json\/wp\/v2\/types\/post"}],"author":[{"embeddable":true,"href":"https:\/\/www.hoymercedes.com.ar\/principal\/wp-json\/wp\/v2\/users\/1"}],"replies":[{"embeddable":true,"href":"https:\/\/www.hoymercedes.com.ar\/principal\/wp-json\/wp\/v2\/comments?post=92148"}],"version-history":[{"count":0,"href":"https:\/\/www.hoymercedes.com.ar\/principal\/wp-json\/wp\/v2\/posts\/92148\/revisions"}],"wp:featuredmedia":[{"embeddable":true,"href":"https:\/\/www.hoymercedes.com.ar\/principal\/wp-json\/wp\/v2\/media\/92153"}],"wp:attachment":[{"href":"https:\/\/www.hoymercedes.com.ar\/principal\/wp-json\/wp\/v2\/media?parent=92148"}],"wp:term":[{"taxonomy":"category","embeddable":true,"href":"https:\/\/www.hoymercedes.com.ar\/principal\/wp-json\/wp\/v2\/categories?post=92148"},{"taxonomy":"post_tag","embeddable":true,"href":"https:\/\/www.hoymercedes.com.ar\/principal\/wp-json\/wp\/v2\/tags?post=92148"}],"curies":[{"name":"wp","href":"https:\/\/api.w.org\/{rel}","templated":true}]}}