{"id":92163,"date":"2019-04-30T09:18:17","date_gmt":"2019-04-30T12:18:17","guid":{"rendered":"http:\/\/www.hoymercedes.com.ar\/principal\/?p=92163"},"modified":"2019-04-30T09:27:51","modified_gmt":"2019-04-30T12:27:51","slug":"dos-candidatos-buscaran-ganar-las-elecciones-en-club-mercedes","status":"publish","type":"post","link":"https:\/\/www.hoymercedes.com.ar\/principal\/2019\/04\/30\/dos-candidatos-buscaran-ganar-las-elecciones-en-club-mercedes\/","title":{"rendered":"Dos candidatos buscar\u00e1n ganar las elecciones en Club Mercedes"},"content":{"rendered":"\n<p>Sin lograr el consenso, como habitualmente ocurre en los clubes de la ciudad, Club Mercedes tendr\u00e1 este domingo una vez m\u00e1s elecciones en busca de un Presidente por el t\u00e9rmino de dos a\u00f1os. Pedro Gatti dejar\u00e1 el cargo que este domingo pugnar\u00e1n Ariel Fusco y Guido Pisoni.<\/p>\n\n\n\n<figure class=\"wp-block-image\"><img loading=\"lazy\" decoding=\"async\" width=\"670\" height=\"338\" data-attachment-id=\"92164\" data-permalink=\"https:\/\/www.hoymercedes.com.ar\/principal\/2019\/04\/30\/dos-candidatos-buscaran-ganar-las-elecciones-en-club-mercedes\/guido-pisoni\/#main\" data-orig-file=\"https:\/\/www.hoymercedes.com.ar\/principal\/wp-content\/uploads\/2019\/04\/Guido-Pisoni.jpg\" data-orig-size=\"670,338\" data-comments-opened=\"0\" data-image-meta=\"{&quot;aperture&quot;:&quot;0&quot;,&quot;credit&quot;:&quot;&quot;,&quot;camera&quot;:&quot;&quot;,&quot;caption&quot;:&quot;&quot;,&quot;created_timestamp&quot;:&quot;0&quot;,&quot;copyright&quot;:&quot;&quot;,&quot;focal_length&quot;:&quot;0&quot;,&quot;iso&quot;:&quot;0&quot;,&quot;shutter_speed&quot;:&quot;0&quot;,&quot;title&quot;:&quot;&quot;,&quot;orientation&quot;:&quot;0&quot;}\" data-image-title=\"Guido Pisoni\" data-image-description=\"\" data-image-caption=\"\" data-large-file=\"https:\/\/www.hoymercedes.com.ar\/principal\/wp-content\/uploads\/2019\/04\/Guido-Pisoni.jpg\" src=\"https:\/\/www.hoymercedes.com.ar\/principal\/wp-content\/uploads\/2019\/04\/Guido-Pisoni.jpg\" alt=\"\" class=\"wp-image-92164\" srcset=\"https:\/\/www.hoymercedes.com.ar\/principal\/wp-content\/uploads\/2019\/04\/Guido-Pisoni.jpg 670w, https:\/\/www.hoymercedes.com.ar\/principal\/wp-content\/uploads\/2019\/04\/Guido-Pisoni-150x76.jpg 150w, https:\/\/www.hoymercedes.com.ar\/principal\/wp-content\/uploads\/2019\/04\/Guido-Pisoni-630x318.jpg 630w\" sizes=\"auto, (max-width: 670px) 100vw, 670px\" \/><\/figure>\n\n\n\n<p>La historia marca que ser\u00e1 la segunda vez en la \u00faltima d\u00e9cada que habr\u00e1 dos candidatos, ya que en 2013 Alberto Garanzini le gan\u00f3 a Leonardo Marenchino por 459 a 170. Luego, llegaron las listas de unidad con Carlos Cancela a la cabeza en 2015 y la que ahora culmina, desde 2017, con Pedro Gatti.<\/p>\n\n\n\n<p>En di\u00e1logo con Milenio Media, Gatti asegur\u00f3 que su \u00abciclo est\u00e1 cumplido\u00bb y que quiere \u00abdar un paso al costado para que llegue gente nueva al club\u00bb. \u00abNo tengo nada para reprocharme, el club cobr\u00f3 el protagonismo que siempre supo tener, con un buen cuerpo t\u00e9cnico, un plantel m\u00e1s que rico, en inferiores tambi\u00e9n, pero es necesario que gente nueva se incorpore\u00bb.<\/p>\n\n\n\n<p>Tambi\u00e9n asegur\u00f3 que el 5 de mayo habr\u00e1 elecciones donde se debatir\u00e1n dos listas los pr\u00f3ximos dos a\u00f1os. \u00abEs sano que el socio pueda expresar cu\u00e1l de las dos l\u00edneas elige\u00bb, afirm\u00f3.<\/p>\n\n\n\n<p><strong>La convocatoria reza lo siguiente:<\/strong><\/p>\n\n\n\n<p>\u201cConvocase a los socios y socias de la instituci\u00f3n, a asamblea general ordinaria, la que tendr\u00e1 lugar en la Sede Social, ubicada en calle 29 n\u00ba 457, esquina 20 de la ciudad de Mercedes, el d\u00eda 5 de Mayo del a\u00f1o 2019, a las 10:00 horas a los efectos de considerar el siguiente orden del d\u00eda\u201d, reza el escrito con las firmas de Pedro Gatti y Guido Pissoni (presidente y secretario, respectivamente) y detalla:<\/p>\n\n\n\n<ul class=\"wp-block-list\"><li>Designaci\u00f3n de dos asociados para firmar el acta de la Asamblea con el Presidente y el Secretario.<\/li><li>Lectura y consideraci\u00f3n de la memoria y balance correspondiente al ejercicio fenecido el 31-12-2018<\/li><li>Renovaci\u00f3n total de la Honorable Comisi\u00f3n Directiva, para cubrir los siguientes cargos a saber: UN (1) PRESIDENTE: por terminaci\u00f3n de mandato por dos (2) a\u00f1os. UN (1) VICEPRESIDENTE: por terminaci\u00f3n de mandato por dos (2) a\u00f1os. UN (1) SECRETARIO: por terminaci\u00f3n de mandato por dos (2) a\u00f1os. UN (1) PROSECRETARIO: por terminaci\u00f3n de mandato por un (1) a\u00f1o. UN (1) TESORERO: por terminaci\u00f3n de mandato por dos (2) a\u00f1os. UN (1) PROTESORERO: por terminaci\u00f3n de mandato por un (1) a\u00f1o. UN (1) VOCAL TITULAR 1\u00ba: por terminaci\u00f3n de mandato por dos (2) a\u00f1os. UN (1) VOCAL TITULAR 2\u00ba: por terminaci\u00f3n de mandato por un (1) a\u00f1o. UN (1) VOCAL TITULAR 3\u00ba: por terminaci\u00f3n de mandato por un (1) a\u00f1o. UN (1) VOCAL SUPLENTE 1\u00ba: por terminaci\u00f3n de mandato por un (1) a\u00f1o. UN (1) VOCAL SUPLENTE 2\u00ba: por terminaci\u00f3n de mandato por un (1) a\u00f1o. UN (1) VOCAL SUPLENTE 3\u00ba: por terminaci\u00f3n de mandato por un (1) a\u00f1o. UN (1) REVISOR DE CUENTAS TITULAR: por terminaci\u00f3n de mandato por un (1) a\u00f1o. UN (1) REVISOR DE CUENTAS TITULAR: por terminaci\u00f3n de mandato por un (1) a\u00f1o. UN (1) REVISOR DE CUENTAS TITULAR: por terminaci\u00f3n de mandato por un (1) a\u00f1o. UN (1) REVISOR DE CUENTAS SUPLENTE: por renuncia por un (1) a\u00f1o. UN (1) REVISOR DE CUENTAS SUPLENTE: por terminaci\u00f3n de mandato por un (1) a\u00f1o.<\/li><li>Autorizaci\u00f3n para fijar la cuota Social en el t\u00e9rmino de 12 meses a partir de la fecha de la Asamblea.<\/li><li>Designaci\u00f3n de tres socios para integrar la Junta Receptora y Escrutadora de votos.<\/li><li>Fijaci\u00f3n del plazo de tiempo para realizar la votaci\u00f3n.<\/li><li>Escrutinio y proclamaci\u00f3n de la lista ganadora.<\/li><\/ul>\n\n\n\n<p>ART\u00cdCULO 41- Para ser miembro de la Comisi\u00f3n Directiva se requiere: a) Ser mayor de edad. b) Estar domiciliado en la localidad. c) Tener como m\u00ednimo una antig\u00fcedad de tres (3) a\u00f1os como Socio Activo o ser Socio Vitalicio d) Hallarse al d\u00eda en tesorer\u00eda y no encontrarse purgando sanci\u00f3n disciplinaria.<\/p>\n\n\n\n<p>ART\u00cdCULO 42 \u2013 Las listas deber\u00e1n ser presentadas en forma impresa ante la COMISI\u00d3N DIRECTIVA, con una anticipaci\u00f3n no menor de siete (7) d\u00edas a la fecha designada para la Asamblea.(26\/04\/2019 \u2013 13 hs.)<\/p>\n\n\n\n<p>ART\u00cdCULO 66 \u2013 Las asambleas se constituir\u00e1n en primera convocatoria con la presencia como m\u00ednimo de la mitad m\u00e1s uno de los socios con derecho a voto, y media hora m\u00e1s tarde en segunda convocatoria, con un n\u00famero no inferior al de los miembros titulares de la COMISI\u00d3N DIRECTIVA.<\/p>\n\n\n\n<p>ART\u00cdCULO 68 \u2013 El acceso al recinto donde se realice Asamblea, ser\u00e1 permitido previa presentaci\u00f3n del carnet y recibo correspondiente al mes anterior en la que la misma se realice, y comprobaci\u00f3n por Secretar\u00eda que el asociado se halle incluido en el padr\u00f3n, a cuyos efectos se fijara en lugar visible del Club Mercedes, cinco (5) d\u00edas antes del se\u00f1alado para la Asamblea, una lista alfab\u00e9tica de los socios que pueden tomar parte de ella.<\/p>\n\n\n\n<p><strong>Las dos listas<\/strong><\/p>\n\n\n\n<p>\u00abM\u00e1s Unidos Que Nunca\u00bb<\/p>\n\n\n\n<p>Presidente.- Guido Pisoni (N\u00ba de socio 3136)<br>Vicepresidente Domingo De Paola(N\u00ba de socio5366)<br>Secretario Juan Ignacio Musso (N\u00ba de socio 2276)<br>Prosecretario Jose Manuel Arriola (N\u00ba de socio 5720)<br>Tesorero Marcelo Miguel Lagos (N\u00ba de socio 537)<br>Pro Tesorero Juan Ignacio Fiorelli (N\u00ba de socio 6624)<br>Vocal Titular 1\u00ba Mauricio Larraburo (N\u00ba de socio 6745)<br>Vocal Titular 2\u00ba Diego Gimenez (N\u00ba de socio 7225)<br>Vocal Titular 3\u00ba Valeria Analia Rodriguez (N\u00ba de socio 5596)<br>Vocal Suplente 1\u00ba Cesar Manuel Sanmartin (N\u00ba de socio 858)<br>Vocal Suplente 2\u00ba Ruben Santa Cruz (N\u00ba de socio 3201)<br>Vocal Suplente 3\u00ba Julio Ignacio Pecorelli (N\u00ba de socio 846)<br>Revisor de Cuentas Titular Esteban Buzalino (N\u00ba de socio 3650)<br>Revisor de Cuentas Titular Revora Gonzalo.- (N\u00ba de socio 5520)<br>Revisor de Cuentas Titular Maria Marta Jaime (N\u00ba de socio 4504)<br>Revisor de Cuentas Suplente Marcelo Javier Jauregui. (N\u00ba de socio 664)<br>Revisor de Cuentas Suplente Leda Agustina Pisoni (N\u00ba de socio 4372)<\/p>\n\n\n\n<p>\u00abLista Blanca\u00bb<\/p>\n\n\n\n<p>PRESIDENTE<br>FUSCO, Ariel, Socio N\u00ba 6040.-<\/p>\n\n\n\n<p>VICE PRESIDENTE<br>CARDINALE, Juan Carlos, Socio N\u00ba 6589.-<\/p>\n\n\n\n<p>SECRETARIO<br>FESTA, Guillermo Jorge, Socio N\u00ba 829.-<\/p>\n\n\n\n<p>PROSECRETARIO<br>RICCA, Diego, Socio N\u00ba 4336.-<\/p>\n\n\n\n<p>TESORERO<br>BELTRAN, Monica Alejandra, Socio N\u00ba 4238.-<\/p>\n\n\n\n<p>PRO TESORERO<br>GOICOCHEA, Carlos, Socio N\u00ba 7025.-<\/p>\n\n\n\n<p>VOCAL TITULAR 1\u00ba<br>DURAND, Dario Javier, Socio N\u00ba 4388.-<\/p>\n\n\n\n<p>VOCAL TITULAR 2\u00ba<br>JUAREZ NASSO, Luciano, Socio N\u00ba 7647.-<\/p>\n\n\n\n<p>VOCAL TITULAR 3\u00ba<br>RISSOLA, Juan Ignacio, Socio N\u00ba 6741.-<\/p>\n\n\n\n<p>VOCAL SUPLENTE 1\u00ba<br>BONINO, Paola Jorgelina, Socio N\u00ba 6419<\/p>\n\n\n\n<p>VOCAL SUPENTE 2\u00ba<br>REVORA, Santiago Anibal, Socio N\u00ba 4369.-<\/p>\n\n\n\n<p>VOCAL SUPLENTE 3\u00ba<br>LIMA, Mariano Jos\u00e9, Socio N\u00ba 1974.-<\/p>\n\n\n\n<p>REVISOR DE CUENTAS<br>MUSTONI, Andr\u00e9s, Socio N\u00ba 5161.-<\/p>\n\n\n\n<p>REVISOR DE CUENTAS<br>MITARATONDA, Lucas Javier J., Socio N\u00ba 7770.-<\/p>\n\n\n\n<p>REVISOR DE CUENTAS<br>TRONCONI SFORZA, Guido, Socio N\u00ba 6693.-<\/p>\n\n\n\n<p>REVISOR SUPLENTE<br>BOZZINI, Hugo Sebasti\u00e1n, Socio N\u00ba 2929.-<\/p>\n\n\n\n<p>REVISOR SUPLENTE<br>CAMPORA, Mat\u00edas, Socio N\u00ba 1261.-<\/p>\n","protected":false},"excerpt":{"rendered":"<p>Sin lograr el consenso, como habitualmente ocurre en los clubes de la ciudad, Club Mercedes tendr\u00e1 este domingo una vez &#8230; <a title=\"Dos candidatos buscar\u00e1n ganar las elecciones en Club Mercedes\" class=\"read-more\" href=\"https:\/\/www.hoymercedes.com.ar\/principal\/2019\/04\/30\/dos-candidatos-buscaran-ganar-las-elecciones-en-club-mercedes\/\" aria-label=\"Leer m\u00e1s sobre Dos candidatos buscar\u00e1n ganar las elecciones en Club Mercedes\">Leer m\u00e1s<\/a><\/p>\n","protected":false},"author":1,"featured_media":92164,"comment_status":"closed","ping_status":"open","sticky":false,"template":"","format":"standard","meta":{"_monsterinsights_skip_tracking":false,"_monsterinsights_sitenote_active":false,"_monsterinsights_sitenote_note":"","_monsterinsights_sitenote_category":0,"jetpack_post_was_ever_published":false,"_jetpack_newsletter_access":"","_jetpack_dont_email_post_to_subs":false,"_jetpack_newsletter_tier_id":0,"_jetpack_memberships_contains_paywalled_content":false,"_jetpack_memberships_contains_paid_content":false,"footnotes":"","jetpack_publicize_message":"","jetpack_publicize_feature_enabled":true,"jetpack_social_post_already_shared":true,"jetpack_social_options":{"image_generator_settings":{"template":"highway","default_image_id":0,"font":"","enabled":false},"version":2},"_wpas_customize_per_network":false},"categories":[21],"tags":[9142,14974,14975],"class_list":["post-92163","post","type-post","status-publish","format-standard","has-post-thumbnail","hentry","category-deportes","tag-elecciones","tag-guido-pisoni","tag-pedro-gatti","generate-columns","tablet-grid-50","mobile-grid-100","grid-parent","grid-50"],"jetpack_publicize_connections":[],"jetpack_featured_media_url":"https:\/\/www.hoymercedes.com.ar\/principal\/wp-content\/uploads\/2019\/04\/Guido-Pisoni.jpg","wps_subtitle":"Club Mercedes","jetpack_sharing_enabled":true,"_links":{"self":[{"href":"https:\/\/www.hoymercedes.com.ar\/principal\/wp-json\/wp\/v2\/posts\/92163","targetHints":{"allow":["GET"]}}],"collection":[{"href":"https:\/\/www.hoymercedes.com.ar\/principal\/wp-json\/wp\/v2\/posts"}],"about":[{"href":"https:\/\/www.hoymercedes.com.ar\/principal\/wp-json\/wp\/v2\/types\/post"}],"author":[{"embeddable":true,"href":"https:\/\/www.hoymercedes.com.ar\/principal\/wp-json\/wp\/v2\/users\/1"}],"replies":[{"embeddable":true,"href":"https:\/\/www.hoymercedes.com.ar\/principal\/wp-json\/wp\/v2\/comments?post=92163"}],"version-history":[{"count":0,"href":"https:\/\/www.hoymercedes.com.ar\/principal\/wp-json\/wp\/v2\/posts\/92163\/revisions"}],"wp:featuredmedia":[{"embeddable":true,"href":"https:\/\/www.hoymercedes.com.ar\/principal\/wp-json\/wp\/v2\/media\/92164"}],"wp:attachment":[{"href":"https:\/\/www.hoymercedes.com.ar\/principal\/wp-json\/wp\/v2\/media?parent=92163"}],"wp:term":[{"taxonomy":"category","embeddable":true,"href":"https:\/\/www.hoymercedes.com.ar\/principal\/wp-json\/wp\/v2\/categories?post=92163"},{"taxonomy":"post_tag","embeddable":true,"href":"https:\/\/www.hoymercedes.com.ar\/principal\/wp-json\/wp\/v2\/tags?post=92163"}],"curies":[{"name":"wp","href":"https:\/\/api.w.org\/{rel}","templated":true}]}}