{"id":92176,"date":"2019-05-02T11:58:53","date_gmt":"2019-05-02T14:58:53","guid":{"rendered":"http:\/\/www.hoymercedes.com.ar\/principal\/?p=92176"},"modified":"2019-04-30T10:06:41","modified_gmt":"2019-04-30T13:06:41","slug":"club-mercedes-comenzo-su-torneo-anual-de-patin","status":"publish","type":"post","link":"https:\/\/www.hoymercedes.com.ar\/principal\/2019\/05\/02\/club-mercedes-comenzo-su-torneo-anual-de-patin\/","title":{"rendered":"Club Mercedes comenz\u00f3 su torneo anual de Pat\u00edn"},"content":{"rendered":"\n<p>El domingo 28 de abril, se realiz\u00f3 la primer fecha de la liga ciepa en el club sitas del palomar, dicho torneo estuvo fiscalizado por el colegio de \u00e1rbitros de la cap, donde las dirigidas por la t\u00e9cnica nacional Mar\u00eda Laura brunello, ernestina Guichonet y Daniela Melo, brillaron y dejaron al club mercedes en lo m\u00e1s alto.<\/p>\n\n\n\n<figure class=\"wp-block-image\"><img loading=\"lazy\" decoding=\"async\" width=\"1024\" height=\"768\" data-attachment-id=\"92177\" data-permalink=\"https:\/\/www.hoymercedes.com.ar\/principal\/2019\/05\/02\/club-mercedes-comenzo-su-torneo-anual-de-patin\/58580572_603188143533073_7256678040678170624_n\/#main\" data-orig-file=\"https:\/\/www.hoymercedes.com.ar\/principal\/wp-content\/uploads\/2019\/04\/58580572_603188143533073_7256678040678170624_n.jpg\" data-orig-size=\"1280,960\" data-comments-opened=\"0\" data-image-meta=\"{&quot;aperture&quot;:&quot;0&quot;,&quot;credit&quot;:&quot;&quot;,&quot;camera&quot;:&quot;&quot;,&quot;caption&quot;:&quot;&quot;,&quot;created_timestamp&quot;:&quot;0&quot;,&quot;copyright&quot;:&quot;&quot;,&quot;focal_length&quot;:&quot;0&quot;,&quot;iso&quot;:&quot;0&quot;,&quot;shutter_speed&quot;:&quot;0&quot;,&quot;title&quot;:&quot;&quot;,&quot;orientation&quot;:&quot;0&quot;}\" data-image-title=\"58580572_603188143533073_7256678040678170624_n\" data-image-description=\"\" data-image-caption=\"\" data-large-file=\"https:\/\/www.hoymercedes.com.ar\/principal\/wp-content\/uploads\/2019\/04\/58580572_603188143533073_7256678040678170624_n-1024x768.jpg\" src=\"https:\/\/www.hoymercedes.com.ar\/principal\/wp-content\/uploads\/2019\/04\/58580572_603188143533073_7256678040678170624_n-1024x768.jpg\" alt=\"\" class=\"wp-image-92177\" srcset=\"https:\/\/www.hoymercedes.com.ar\/principal\/wp-content\/uploads\/2019\/04\/58580572_603188143533073_7256678040678170624_n-1024x768.jpg 1024w, https:\/\/www.hoymercedes.com.ar\/principal\/wp-content\/uploads\/2019\/04\/58580572_603188143533073_7256678040678170624_n-150x113.jpg 150w, https:\/\/www.hoymercedes.com.ar\/principal\/wp-content\/uploads\/2019\/04\/58580572_603188143533073_7256678040678170624_n-630x473.jpg 630w, https:\/\/www.hoymercedes.com.ar\/principal\/wp-content\/uploads\/2019\/04\/58580572_603188143533073_7256678040678170624_n-320x240.jpg 320w, https:\/\/www.hoymercedes.com.ar\/principal\/wp-content\/uploads\/2019\/04\/58580572_603188143533073_7256678040678170624_n-100x75.jpg 100w, https:\/\/www.hoymercedes.com.ar\/principal\/wp-content\/uploads\/2019\/04\/58580572_603188143533073_7256678040678170624_n.jpg 1280w\" sizes=\"auto, (max-width: 1024px) 100vw, 1024px\" \/><\/figure>\n\n\n\n<p>En esta oportunidad las peque\u00f1as fueron acompa\u00f1adas por Catalina Ocampo donde los puestos obtenidos fueron los siguientes:<br><\/p>\n\n\n\n<p>Categor\u00eda Incentivo:<br>7 a\u00f1os: Parodi Olivia 1er puesto<\/p>\n\n\n\n<p>Categor\u00eda Esc. Formativa:<br>8 a\u00f1os Federada: Casteluchi Sof\u00eda, 1er puesto<br>9 a\u00f1os: Zamitto Ana, 5to puesto<br>10 a\u00f1os: Gallardo Malaida, 3er puesto<br>10 a\u00f1os Federadas: Aguirre Valentina 1er puesto y Doratti Sofia 2do puesto<br>12 a\u00f1os: Gorosito Melina 1er puesto. <\/p>\n\n\n\n<figure class=\"wp-block-image\"><img loading=\"lazy\" decoding=\"async\" width=\"1024\" height=\"682\" data-attachment-id=\"92178\" data-permalink=\"https:\/\/www.hoymercedes.com.ar\/principal\/2019\/05\/02\/club-mercedes-comenzo-su-torneo-anual-de-patin\/59391767_2288861961337590_6468081650965151744_n\/#main\" data-orig-file=\"https:\/\/www.hoymercedes.com.ar\/principal\/wp-content\/uploads\/2019\/04\/59391767_2288861961337590_6468081650965151744_n.jpg\" data-orig-size=\"1440,959\" data-comments-opened=\"0\" data-image-meta=\"{&quot;aperture&quot;:&quot;0&quot;,&quot;credit&quot;:&quot;&quot;,&quot;camera&quot;:&quot;&quot;,&quot;caption&quot;:&quot;&quot;,&quot;created_timestamp&quot;:&quot;0&quot;,&quot;copyright&quot;:&quot;&quot;,&quot;focal_length&quot;:&quot;0&quot;,&quot;iso&quot;:&quot;0&quot;,&quot;shutter_speed&quot;:&quot;0&quot;,&quot;title&quot;:&quot;&quot;,&quot;orientation&quot;:&quot;0&quot;}\" data-image-title=\"59391767_2288861961337590_6468081650965151744_n\" data-image-description=\"\" data-image-caption=\"\" data-large-file=\"https:\/\/www.hoymercedes.com.ar\/principal\/wp-content\/uploads\/2019\/04\/59391767_2288861961337590_6468081650965151744_n-1024x682.jpg\" src=\"https:\/\/www.hoymercedes.com.ar\/principal\/wp-content\/uploads\/2019\/04\/59391767_2288861961337590_6468081650965151744_n-1024x682.jpg\" alt=\"\" class=\"wp-image-92178\" srcset=\"https:\/\/www.hoymercedes.com.ar\/principal\/wp-content\/uploads\/2019\/04\/59391767_2288861961337590_6468081650965151744_n-1024x682.jpg 1024w, https:\/\/www.hoymercedes.com.ar\/principal\/wp-content\/uploads\/2019\/04\/59391767_2288861961337590_6468081650965151744_n-150x100.jpg 150w, https:\/\/www.hoymercedes.com.ar\/principal\/wp-content\/uploads\/2019\/04\/59391767_2288861961337590_6468081650965151744_n-630x420.jpg 630w, https:\/\/www.hoymercedes.com.ar\/principal\/wp-content\/uploads\/2019\/04\/59391767_2288861961337590_6468081650965151744_n-720x480.jpg 720w, https:\/\/www.hoymercedes.com.ar\/principal\/wp-content\/uploads\/2019\/04\/59391767_2288861961337590_6468081650965151744_n-360x240.jpg 360w, https:\/\/www.hoymercedes.com.ar\/principal\/wp-content\/uploads\/2019\/04\/59391767_2288861961337590_6468081650965151744_n.jpg 1440w\" sizes=\"auto, (max-width: 1024px) 100vw, 1024px\" \/><\/figure>\n\n\n\n<p>Categor\u00eda Quinta C:<br>6 a\u00f1os Federada: Montenegro Lola 1er puesto.<br>11 a\u00f1os: Scoti Carmela 2do puesto. <br>11 a\u00f1os Federada: Albanece Lola 1er puesto, Ballesteros Emma 2do puesto<br>13 a\u00f1os: Lettieri Milena, 3er puesto. <\/p>\n\n\n\n<p>Categor\u00eda Cuarta:<br>9 a\u00f1os: Marcos Abril 1er puesto. Ballesteros Emma 2do puesto. Albanese Lola 3er puesto.<\/p>\n\n\n\n<p>Categor\u00eda Tercera C:<br>12a\u00f1os Federadas: Caram Camila 1er puesto, Falabella Guillermina no pudo competir por una lesi\u00f3n durante la prueba de pista.<br>14 a\u00f1os Federada: \u00c1lvarez Lucia 1er puesto<br><br>Categor\u00eda Promocional B:<br>12 a\u00f1os: Silva Pazos Serena 1er puesto.<\/p>\n\n\n\n<figure class=\"wp-block-image\"><img loading=\"lazy\" decoding=\"async\" width=\"1024\" height=\"682\" data-attachment-id=\"92179\" data-permalink=\"https:\/\/www.hoymercedes.com.ar\/principal\/2019\/05\/02\/club-mercedes-comenzo-su-torneo-anual-de-patin\/58852797_1434258053399477_4105280731092090880_n\/#main\" data-orig-file=\"https:\/\/www.hoymercedes.com.ar\/principal\/wp-content\/uploads\/2019\/04\/58852797_1434258053399477_4105280731092090880_n.jpg\" data-orig-size=\"1440,959\" data-comments-opened=\"0\" data-image-meta=\"{&quot;aperture&quot;:&quot;0&quot;,&quot;credit&quot;:&quot;&quot;,&quot;camera&quot;:&quot;&quot;,&quot;caption&quot;:&quot;&quot;,&quot;created_timestamp&quot;:&quot;0&quot;,&quot;copyright&quot;:&quot;&quot;,&quot;focal_length&quot;:&quot;0&quot;,&quot;iso&quot;:&quot;0&quot;,&quot;shutter_speed&quot;:&quot;0&quot;,&quot;title&quot;:&quot;&quot;,&quot;orientation&quot;:&quot;0&quot;}\" data-image-title=\"58852797_1434258053399477_4105280731092090880_n\" data-image-description=\"\" data-image-caption=\"\" data-large-file=\"https:\/\/www.hoymercedes.com.ar\/principal\/wp-content\/uploads\/2019\/04\/58852797_1434258053399477_4105280731092090880_n-1024x682.jpg\" src=\"https:\/\/www.hoymercedes.com.ar\/principal\/wp-content\/uploads\/2019\/04\/58852797_1434258053399477_4105280731092090880_n-1024x682.jpg\" alt=\"\" class=\"wp-image-92179\" srcset=\"https:\/\/www.hoymercedes.com.ar\/principal\/wp-content\/uploads\/2019\/04\/58852797_1434258053399477_4105280731092090880_n-1024x682.jpg 1024w, https:\/\/www.hoymercedes.com.ar\/principal\/wp-content\/uploads\/2019\/04\/58852797_1434258053399477_4105280731092090880_n-150x100.jpg 150w, https:\/\/www.hoymercedes.com.ar\/principal\/wp-content\/uploads\/2019\/04\/58852797_1434258053399477_4105280731092090880_n-630x420.jpg 630w, https:\/\/www.hoymercedes.com.ar\/principal\/wp-content\/uploads\/2019\/04\/58852797_1434258053399477_4105280731092090880_n-720x480.jpg 720w, https:\/\/www.hoymercedes.com.ar\/principal\/wp-content\/uploads\/2019\/04\/58852797_1434258053399477_4105280731092090880_n-360x240.jpg 360w, https:\/\/www.hoymercedes.com.ar\/principal\/wp-content\/uploads\/2019\/04\/58852797_1434258053399477_4105280731092090880_n.jpg 1440w\" sizes=\"auto, (max-width: 1024px) 100vw, 1024px\" \/><\/figure>\n\n\n\n<p>Desde la instituci\u00f3n felicitamos a todas las patinadoras por su excelente actuaci\u00f3n.\n\n<\/p>\n","protected":false},"excerpt":{"rendered":"<p>El domingo 28 de abril, se realiz\u00f3 la primer fecha de la liga ciepa en el club sitas del palomar, &#8230; <a title=\"Club Mercedes comenz\u00f3 su torneo anual de Pat\u00edn\" class=\"read-more\" href=\"https:\/\/www.hoymercedes.com.ar\/principal\/2019\/05\/02\/club-mercedes-comenzo-su-torneo-anual-de-patin\/\" aria-label=\"Leer m\u00e1s sobre Club Mercedes comenz\u00f3 su torneo anual de Pat\u00edn\">Leer m\u00e1s<\/a><\/p>\n","protected":false},"author":1,"featured_media":92177,"comment_status":"closed","ping_status":"open","sticky":false,"template":"","format":"standard","meta":{"_monsterinsights_skip_tracking":false,"_monsterinsights_sitenote_active":false,"_monsterinsights_sitenote_note":"","_monsterinsights_sitenote_category":0,"jetpack_post_was_ever_published":false,"_jetpack_newsletter_access":"","_jetpack_dont_email_post_to_subs":false,"_jetpack_newsletter_tier_id":0,"_jetpack_memberships_contains_paywalled_content":false,"_jetpack_memberships_contains_paid_content":false,"footnotes":"","jetpack_publicize_message":"","jetpack_publicize_feature_enabled":true,"jetpack_social_post_already_shared":true,"jetpack_social_options":{"image_generator_settings":{"template":"highway","default_image_id":0,"font":"","enabled":false},"version":2},"_wpas_customize_per_network":false},"categories":[21],"tags":[122],"class_list":["post-92176","post","type-post","status-publish","format-standard","has-post-thumbnail","hentry","category-deportes","tag-club-mercedes","generate-columns","tablet-grid-50","mobile-grid-100","grid-parent","grid-50"],"jetpack_publicize_connections":[],"jetpack_featured_media_url":"https:\/\/www.hoymercedes.com.ar\/principal\/wp-content\/uploads\/2019\/04\/58580572_603188143533073_7256678040678170624_n.jpg","wps_subtitle":"Pat\u00edn Art\u00edstico","jetpack_sharing_enabled":true,"_links":{"self":[{"href":"https:\/\/www.hoymercedes.com.ar\/principal\/wp-json\/wp\/v2\/posts\/92176","targetHints":{"allow":["GET"]}}],"collection":[{"href":"https:\/\/www.hoymercedes.com.ar\/principal\/wp-json\/wp\/v2\/posts"}],"about":[{"href":"https:\/\/www.hoymercedes.com.ar\/principal\/wp-json\/wp\/v2\/types\/post"}],"author":[{"embeddable":true,"href":"https:\/\/www.hoymercedes.com.ar\/principal\/wp-json\/wp\/v2\/users\/1"}],"replies":[{"embeddable":true,"href":"https:\/\/www.hoymercedes.com.ar\/principal\/wp-json\/wp\/v2\/comments?post=92176"}],"version-history":[{"count":0,"href":"https:\/\/www.hoymercedes.com.ar\/principal\/wp-json\/wp\/v2\/posts\/92176\/revisions"}],"wp:featuredmedia":[{"embeddable":true,"href":"https:\/\/www.hoymercedes.com.ar\/principal\/wp-json\/wp\/v2\/media\/92177"}],"wp:attachment":[{"href":"https:\/\/www.hoymercedes.com.ar\/principal\/wp-json\/wp\/v2\/media?parent=92176"}],"wp:term":[{"taxonomy":"category","embeddable":true,"href":"https:\/\/www.hoymercedes.com.ar\/principal\/wp-json\/wp\/v2\/categories?post=92176"},{"taxonomy":"post_tag","embeddable":true,"href":"https:\/\/www.hoymercedes.com.ar\/principal\/wp-json\/wp\/v2\/tags?post=92176"}],"curies":[{"name":"wp","href":"https:\/\/api.w.org\/{rel}","templated":true}]}}