{"id":9218,"date":"2011-11-18T11:46:19","date_gmt":"2011-11-18T11:46:19","guid":{"rendered":"http:\/\/www.hoymercedes.com.ar\/principal\/?p=9218"},"modified":"2011-11-18T11:46:19","modified_gmt":"2011-11-18T11:46:19","slug":"19-de-noviembre-dia-mundial-para-la-prevencion-del-abuso-infantil","status":"publish","type":"post","link":"https:\/\/www.hoymercedes.com.ar\/principal\/2011\/11\/18\/19-de-noviembre-dia-mundial-para-la-prevencion-del-abuso-infantil\/","title":{"rendered":"19 de Noviembre, D\u00eda Mundial para la prevenci\u00f3n del abuso infantil"},"content":{"rendered":"<p>Los abusos y la explotaci\u00f3n de la infancia (especialmente a nivel sexual) constituyen un problema universal y alarmante que demanda una atenci\u00f3n creciente con medidas eficientes y sostenidas de prevenci\u00f3n y protecci\u00f3n.<\/p>\n<p>Durante mucho tiempo ha existido una tradici\u00f3n de silencio, la que lentamente va dando paso a una t\u00edmida voz que apenas se deja escuchar, cuyo sonido doloroso preferir\u00edamos\u2026\u00bbque no fuese real\u00bb, no escuchar, no saber y negar, porque la verdad resulta siniestra y como tal, a veces insoportable.<\/p>\n<p>Esa voz, es la de esos ni\u00f1os, que con mucha verg\u00fcenza, temor y tristeza, se atreven a develar un secreto, a hablar de lo innombrable, de un real que se materializa en el propio cuerpo de las victimas de abuso.<\/p>\n<p>\u00abLos primeros 5 a\u00f1os de vida son las bases para la seguridad emocional, desarrollo intelectual y autoestima de los ni\u00f1os.\u00bb<\/p>\n<p>Seg\u00fan datos de UNICEF alrededor de 1500 ni\u00f1os sufren de abuso en la argentina.<\/p>\n<p>Las cifras son inciertas, pues, no se denuncia en muchos casos, ya sea por miedo, verg\u00fcenza o por que la situaci\u00f3n en ciertos medios esta tan naturalizada que las mismas victimas suponen que es \u00abnormal\u00bb lo que les sucede, que es lo que ya le paso a su abuela, madre, t\u00eda, hermana, etc.<\/p>\n<p>RECORDEMOS : El ni\u00f1o victima de violencia de hoy puede convertirse en un adulto violento.<\/p>\n<p>En el marco de la conmemoraci\u00f3n del d\u00eda internacional contra el abuso y maltrato infantil, el Departamento de Atenci\u00f3n a Victimas de Violencia invita a una reflexi\u00f3n: El abuso y maltrato infantil es un problema que afecta a todos los pa\u00edses del mundo, es fundamental que quien conozca familias que puedan estar pasando por este tipo de situaciones no duden,<\/p>\n<p>\u00bb PODES ESTAR AYUDANDO A CAMBIAR UNA VIDA\u00bb<\/p>\n<p>ATENCI\u00d3N A LA VICTIMA DE VIOLENCIA \u2013 DIRECCI\u00d3N DE SALUD- MUNICIPALIDAD DE MERCEDES<\/p>\n<p>CALLE 25 E\/28 Y 30 1er Piso &#8211; TE: 434999<\/p>\n","protected":false},"excerpt":{"rendered":"<p>Los abusos y la explotaci\u00f3n de la infancia (especialmente a nivel sexual) constituyen un problema universal y alarmante que demanda &#8230; <a title=\"19 de Noviembre, D\u00eda Mundial para la prevenci\u00f3n del abuso infantil\" class=\"read-more\" href=\"https:\/\/www.hoymercedes.com.ar\/principal\/2011\/11\/18\/19-de-noviembre-dia-mundial-para-la-prevencion-del-abuso-infantil\/\" aria-label=\"Leer m\u00e1s sobre 19 de Noviembre, D\u00eda Mundial para la prevenci\u00f3n del abuso infantil\">Leer m\u00e1s<\/a><\/p>\n","protected":false},"author":1,"featured_media":0,"comment_status":"open","ping_status":"open","sticky":false,"template":"","format":"standard","meta":{"_monsterinsights_skip_tracking":false,"_monsterinsights_sitenote_active":false,"_monsterinsights_sitenote_note":"","_monsterinsights_sitenote_category":0,"jetpack_post_was_ever_published":false,"_jetpack_newsletter_access":"","_jetpack_dont_email_post_to_subs":false,"_jetpack_newsletter_tier_id":0,"_jetpack_memberships_contains_paywalled_content":false,"_jetpack_memberships_contains_paid_content":false,"footnotes":"","jetpack_publicize_message":"","jetpack_publicize_feature_enabled":true,"jetpack_social_post_already_shared":false,"jetpack_social_options":{"image_generator_settings":{"template":"highway","default_image_id":0,"font":"","enabled":false},"version":2},"_wpas_customize_per_network":false},"categories":[8],"tags":[1598,1599],"class_list":["post-9218","post","type-post","status-publish","format-standard","hentry","category-sociedad","tag-19-de-noviembre","tag-dia-mundial-para-la-prevencion-del-abuso-infantil","generate-columns","tablet-grid-50","mobile-grid-100","grid-parent","grid-50"],"jetpack_publicize_connections":[],"jetpack_featured_media_url":"","wps_subtitle":"","jetpack_sharing_enabled":true,"_links":{"self":[{"href":"https:\/\/www.hoymercedes.com.ar\/principal\/wp-json\/wp\/v2\/posts\/9218","targetHints":{"allow":["GET"]}}],"collection":[{"href":"https:\/\/www.hoymercedes.com.ar\/principal\/wp-json\/wp\/v2\/posts"}],"about":[{"href":"https:\/\/www.hoymercedes.com.ar\/principal\/wp-json\/wp\/v2\/types\/post"}],"author":[{"embeddable":true,"href":"https:\/\/www.hoymercedes.com.ar\/principal\/wp-json\/wp\/v2\/users\/1"}],"replies":[{"embeddable":true,"href":"https:\/\/www.hoymercedes.com.ar\/principal\/wp-json\/wp\/v2\/comments?post=9218"}],"version-history":[{"count":0,"href":"https:\/\/www.hoymercedes.com.ar\/principal\/wp-json\/wp\/v2\/posts\/9218\/revisions"}],"wp:attachment":[{"href":"https:\/\/www.hoymercedes.com.ar\/principal\/wp-json\/wp\/v2\/media?parent=9218"}],"wp:term":[{"taxonomy":"category","embeddable":true,"href":"https:\/\/www.hoymercedes.com.ar\/principal\/wp-json\/wp\/v2\/categories?post=9218"},{"taxonomy":"post_tag","embeddable":true,"href":"https:\/\/www.hoymercedes.com.ar\/principal\/wp-json\/wp\/v2\/tags?post=9218"}],"curies":[{"name":"wp","href":"https:\/\/api.w.org\/{rel}","templated":true}]}}