{"id":92186,"date":"2019-04-30T10:45:38","date_gmt":"2019-04-30T13:45:38","guid":{"rendered":"http:\/\/www.hoymercedes.com.ar\/principal\/?p=92186"},"modified":"2019-04-30T10:47:07","modified_gmt":"2019-04-30T13:47:07","slug":"la-flor-de-lujan-prorrogo-su-servicio-por-30-dias-mas","status":"publish","type":"post","link":"https:\/\/www.hoymercedes.com.ar\/principal\/2019\/04\/30\/la-flor-de-lujan-prorrogo-su-servicio-por-30-dias-mas\/","title":{"rendered":"La Flor de Luj\u00e1n prorrog\u00f3 su servicio por 30 d\u00edas m\u00e1s"},"content":{"rendered":"\n<p>Los vecinos\nde diferentes localidades rurales de Luj\u00e1n y Mercedes llevaron adelante un\nplenario con funcionarios lujanenses. All\u00ed se present\u00f3 la carta de la empresa\nque confirm\u00f3 que continuar\u00e1 prestando el servicio un mes m\u00e1s. El mes le dar\u00e1 &nbsp;tiempo para avanzar con las gestiones para que\notra empresa se haga cargo del recorrido. <\/p>\n\n\n\n<p>En la tarde\nnoche del lunes se llev\u00f3 a cabo una reuni\u00f3n entre los vecinos de Olivera y funcionarios\nde Luj\u00e1n, de la que participaron vecinos de Goldney, localidad rural del partido\nde Mercedes. El tema central fue la problem\u00e1tica de los vecinos rurales ante la\nfalta de servicio de transporte de pasajeros a partir del mes de mayo con la\nempresa Flor de Luj\u00e1n. <\/p>\n\n\n\n<p>En el marco\nde ese plenario, se inform\u00f3 que durante la jornada del lunes, las autoridades\nde Luj\u00e1n hab\u00edan presentado un petitorio a las autoridades del \u00e1rea de transporte\nprovincial. All\u00ed confirmaron que la empresa La Flor de Luj\u00e1n extender\u00e1 el\nservicio hasta el 31 de mayo y aprovechar este mes para gestionar que una nueva\nempresa lleve adelante el recorrido. <\/p>\n\n\n\n<p>En\nprincipio, se est\u00e1 dialogando con la empresa 11 de Junio af\u00edn de que\nsean ellos quienes brinden el servicio. Los vecinos plantearon la posibilidad\nde que el servicio se extienda a las localidades de Goldney y Gowland. Tambi\u00e9n\nse plante\u00f3 si el precio del boleto se va a mantener.<\/p>\n\n\n\n<p>Finalmente se resolvi\u00f3 que se volver\u00e1n a reunir en 15 d\u00edas\ncon el objetivo de presentar los avances y logros alcanzados. Asimismo, la\noposici\u00f3n plante\u00f3 la posibilidad de que el servicio de La Flor se extienda por\ntres meses m\u00e1s. El pr\u00f3ximo plenario tendr\u00e1 lugar el 13 de mayo.<\/p>\n\n\n\n<p>Fuente: Luj\u00e1n en L\u00ednea y Luj\u00e1n Hoy<\/p>\n\n\n\n<figure class=\"wp-block-image\"><img loading=\"lazy\" decoding=\"async\" width=\"678\" height=\"750\" data-attachment-id=\"92187\" data-permalink=\"https:\/\/www.hoymercedes.com.ar\/principal\/2019\/04\/30\/la-flor-de-lujan-prorrogo-su-servicio-por-30-dias-mas\/30-flor-de-lujan-comunicacion\/#main\" data-orig-file=\"https:\/\/www.hoymercedes.com.ar\/principal\/wp-content\/uploads\/2019\/04\/30-Flor-de-Luj\u00e1n-comunicacion.jpg\" data-orig-size=\"678,750\" data-comments-opened=\"0\" data-image-meta=\"{&quot;aperture&quot;:&quot;0&quot;,&quot;credit&quot;:&quot;&quot;,&quot;camera&quot;:&quot;&quot;,&quot;caption&quot;:&quot;&quot;,&quot;created_timestamp&quot;:&quot;0&quot;,&quot;copyright&quot;:&quot;&quot;,&quot;focal_length&quot;:&quot;0&quot;,&quot;iso&quot;:&quot;0&quot;,&quot;shutter_speed&quot;:&quot;0&quot;,&quot;title&quot;:&quot;&quot;,&quot;orientation&quot;:&quot;0&quot;}\" data-image-title=\"30 Flor de Luj\u00e1n comunicacion\" data-image-description=\"\" data-image-caption=\"&lt;p&gt;Comunicaci\u00f3n de la empresa Flor de Luj\u00e1n&lt;\/p&gt;\n\" data-large-file=\"https:\/\/www.hoymercedes.com.ar\/principal\/wp-content\/uploads\/2019\/04\/30-Flor-de-Luj\u00e1n-comunicacion.jpg\" src=\"https:\/\/www.hoymercedes.com.ar\/principal\/wp-content\/uploads\/2019\/04\/30-Flor-de-Luj\u00e1n-comunicacion.jpg\" alt=\"\" class=\"wp-image-92187\" srcset=\"https:\/\/www.hoymercedes.com.ar\/principal\/wp-content\/uploads\/2019\/04\/30-Flor-de-Luj\u00e1n-comunicacion.jpg 678w, https:\/\/www.hoymercedes.com.ar\/principal\/wp-content\/uploads\/2019\/04\/30-Flor-de-Luj\u00e1n-comunicacion-136x150.jpg 136w, https:\/\/www.hoymercedes.com.ar\/principal\/wp-content\/uploads\/2019\/04\/30-Flor-de-Luj\u00e1n-comunicacion-560x620.jpg 560w\" sizes=\"auto, (max-width: 678px) 100vw, 678px\" \/><figcaption>Comunicaci\u00f3n de la empresa Flor de Luj\u00e1n<\/figcaption><\/figure>\n","protected":false},"excerpt":{"rendered":"<p>Los vecinos de diferentes localidades rurales de Luj\u00e1n y Mercedes llevaron adelante un plenario con funcionarios lujanenses. All\u00ed se present\u00f3 &#8230; <a title=\"La Flor de Luj\u00e1n prorrog\u00f3 su servicio por 30 d\u00edas m\u00e1s\" class=\"read-more\" href=\"https:\/\/www.hoymercedes.com.ar\/principal\/2019\/04\/30\/la-flor-de-lujan-prorrogo-su-servicio-por-30-dias-mas\/\" aria-label=\"Leer m\u00e1s sobre La Flor de Luj\u00e1n prorrog\u00f3 su servicio por 30 d\u00edas m\u00e1s\">Leer m\u00e1s<\/a><\/p>\n","protected":false},"author":1,"featured_media":92188,"comment_status":"closed","ping_status":"open","sticky":false,"template":"","format":"standard","meta":{"_monsterinsights_skip_tracking":false,"_monsterinsights_sitenote_active":false,"_monsterinsights_sitenote_note":"","_monsterinsights_sitenote_category":0,"jetpack_post_was_ever_published":false,"_jetpack_newsletter_access":"","_jetpack_dont_email_post_to_subs":false,"_jetpack_newsletter_tier_id":0,"_jetpack_memberships_contains_paywalled_content":false,"_jetpack_memberships_contains_paid_content":false,"footnotes":"","jetpack_publicize_message":"","jetpack_publicize_feature_enabled":true,"jetpack_social_post_already_shared":true,"jetpack_social_options":{"image_generator_settings":{"template":"highway","default_image_id":0,"font":"","enabled":false},"version":2},"_wpas_customize_per_network":false},"categories":[5501],"tags":[7676,1057,14981,9028],"class_list":["post-92186","post","type-post","status-publish","format-standard","has-post-thumbnail","hentry","category-region","tag-flor-de-lujan","tag-regional","tag-servicio-de-colectivo","tag-zona-rural","generate-columns","tablet-grid-50","mobile-grid-100","grid-parent","grid-50"],"jetpack_publicize_connections":[],"jetpack_featured_media_url":"https:\/\/www.hoymercedes.com.ar\/principal\/wp-content\/uploads\/2019\/04\/30-La-Flor-de-Luj\u00e1n-696x457.jpg","wps_subtitle":"Un mes para avanzar en nuevas gestiones","jetpack_sharing_enabled":true,"_links":{"self":[{"href":"https:\/\/www.hoymercedes.com.ar\/principal\/wp-json\/wp\/v2\/posts\/92186","targetHints":{"allow":["GET"]}}],"collection":[{"href":"https:\/\/www.hoymercedes.com.ar\/principal\/wp-json\/wp\/v2\/posts"}],"about":[{"href":"https:\/\/www.hoymercedes.com.ar\/principal\/wp-json\/wp\/v2\/types\/post"}],"author":[{"embeddable":true,"href":"https:\/\/www.hoymercedes.com.ar\/principal\/wp-json\/wp\/v2\/users\/1"}],"replies":[{"embeddable":true,"href":"https:\/\/www.hoymercedes.com.ar\/principal\/wp-json\/wp\/v2\/comments?post=92186"}],"version-history":[{"count":0,"href":"https:\/\/www.hoymercedes.com.ar\/principal\/wp-json\/wp\/v2\/posts\/92186\/revisions"}],"wp:featuredmedia":[{"embeddable":true,"href":"https:\/\/www.hoymercedes.com.ar\/principal\/wp-json\/wp\/v2\/media\/92188"}],"wp:attachment":[{"href":"https:\/\/www.hoymercedes.com.ar\/principal\/wp-json\/wp\/v2\/media?parent=92186"}],"wp:term":[{"taxonomy":"category","embeddable":true,"href":"https:\/\/www.hoymercedes.com.ar\/principal\/wp-json\/wp\/v2\/categories?post=92186"},{"taxonomy":"post_tag","embeddable":true,"href":"https:\/\/www.hoymercedes.com.ar\/principal\/wp-json\/wp\/v2\/tags?post=92186"}],"curies":[{"name":"wp","href":"https:\/\/api.w.org\/{rel}","templated":true}]}}