{"id":92215,"date":"2019-04-30T17:30:46","date_gmt":"2019-04-30T20:30:46","guid":{"rendered":"http:\/\/www.hoymercedes.com.ar\/principal\/?p=92215"},"modified":"2019-04-30T16:58:29","modified_gmt":"2019-04-30T19:58:29","slug":"el-papa-recibio-artesania-realizada-en-la-carcel-de-mercedes","status":"publish","type":"post","link":"https:\/\/www.hoymercedes.com.ar\/principal\/2019\/04\/30\/el-papa-recibio-artesania-realizada-en-la-carcel-de-mercedes\/","title":{"rendered":"El Papa recibi\u00f3 artesan\u00eda realizada en la c\u00e1rcel de Mercedes"},"content":{"rendered":"\n<p>El Papa Francisco recibi\u00f3 en el Vaticano una artesan\u00eda elaborada por internos y penitenciarios de la c\u00e1rcel de Mercedes. La artesan\u00eda representa la Sagrada Familia en el marco de una torre que representa el servicio penitenciario. El regalo fue entregado a trav\u00e9s del Obispo Auxiliar de Mercedes-Luj\u00e1n, Monse\u00f1or Jorge Scheining. <\/p>\n\n\n\n<figure class=\"wp-block-image\"><img loading=\"lazy\" decoding=\"async\" width=\"561\" height=\"750\" data-attachment-id=\"92223\" data-permalink=\"https:\/\/www.hoymercedes.com.ar\/principal\/2019\/04\/30\/el-papa-recibio-artesania-realizada-en-la-carcel-de-mercedes\/30-carcel-papa-2\/#main\" data-orig-file=\"https:\/\/www.hoymercedes.com.ar\/principal\/wp-content\/uploads\/2019\/04\/30-carcel-papa-2.jpg\" data-orig-size=\"561,750\" data-comments-opened=\"0\" data-image-meta=\"{&quot;aperture&quot;:&quot;0&quot;,&quot;credit&quot;:&quot;&quot;,&quot;camera&quot;:&quot;&quot;,&quot;caption&quot;:&quot;&quot;,&quot;created_timestamp&quot;:&quot;0&quot;,&quot;copyright&quot;:&quot;&quot;,&quot;focal_length&quot;:&quot;0&quot;,&quot;iso&quot;:&quot;0&quot;,&quot;shutter_speed&quot;:&quot;0&quot;,&quot;title&quot;:&quot;&quot;,&quot;orientation&quot;:&quot;0&quot;}\" data-image-title=\"30 carcel papa 2\" data-image-description=\"\" data-image-caption=\"\" data-large-file=\"https:\/\/www.hoymercedes.com.ar\/principal\/wp-content\/uploads\/2019\/04\/30-carcel-papa-2.jpg\" src=\"https:\/\/www.hoymercedes.com.ar\/principal\/wp-content\/uploads\/2019\/04\/30-carcel-papa-2.jpg\" alt=\"\" class=\"wp-image-92223\" srcset=\"https:\/\/www.hoymercedes.com.ar\/principal\/wp-content\/uploads\/2019\/04\/30-carcel-papa-2.jpg 561w, https:\/\/www.hoymercedes.com.ar\/principal\/wp-content\/uploads\/2019\/04\/30-carcel-papa-2-112x150.jpg 112w, https:\/\/www.hoymercedes.com.ar\/principal\/wp-content\/uploads\/2019\/04\/30-carcel-papa-2-464x620.jpg 464w\" sizes=\"auto, (max-width: 561px) 100vw, 561px\" \/><\/figure>\n\n\n\n<p>En el marco de la visita que los obispos argentinos realizaron al Vaticano para reunirse con el Papa Francisco, el Obispo Auxiliar de la Arquidi\u00f3cesis Mercedes \u2013 Luj\u00e1n, Monse\u00f1or Jorge Eduardo Scheining, aprovech\u00f3 la oportunidad para entregarle al Sumo Pont\u00edfice, una artesan\u00eda elaborada en los talleres de la Unidad N\u00b0 5, dependiente del Servicio Penitenciario Bonaerense.<\/p>\n\n\n\n<p>El obsequio representa a la Sagrada Familia y fue obra de privados de libertad y personal penitenciario, realizado son trozos de hierro llevados a parecer candados, donde se representaron a Jos\u00e9, Mar\u00eda y el Ni\u00f1o Jes\u00fas con una llave, para dar el mensaje de apertura a la libertad a trav\u00e9s de Jesucristo, todo coronado con una torre que representa el Servicio Penitenciario Bonaerense. <br><\/p>\n\n\n\n<p>El regalo fue entregado al Obispo Auxiliar de la Arquidi\u00f3cesis Mercedes \u2013 Luj\u00e1n, Monse\u00f1or Jorge Eduardo Scheining, cuando el sacerdote, durante el jueves santo le lav\u00f3 los pies a seis internas y seis detenidos, como una muestra de vocaci\u00f3n de servicio y amor al pr\u00f3jimo.<br><\/p>\n\n\n\n<figure class=\"wp-block-image\"><img loading=\"lazy\" decoding=\"async\" width=\"750\" height=\"500\" data-attachment-id=\"92222\" data-permalink=\"https:\/\/www.hoymercedes.com.ar\/principal\/2019\/04\/30\/el-papa-recibio-artesania-realizada-en-la-carcel-de-mercedes\/30-carcel-papa-1\/#main\" data-orig-file=\"https:\/\/www.hoymercedes.com.ar\/principal\/wp-content\/uploads\/2019\/04\/30-carcel-papa-1.jpg\" data-orig-size=\"750,500\" data-comments-opened=\"0\" data-image-meta=\"{&quot;aperture&quot;:&quot;0&quot;,&quot;credit&quot;:&quot;&quot;,&quot;camera&quot;:&quot;&quot;,&quot;caption&quot;:&quot;&quot;,&quot;created_timestamp&quot;:&quot;0&quot;,&quot;copyright&quot;:&quot;&quot;,&quot;focal_length&quot;:&quot;0&quot;,&quot;iso&quot;:&quot;0&quot;,&quot;shutter_speed&quot;:&quot;0&quot;,&quot;title&quot;:&quot;&quot;,&quot;orientation&quot;:&quot;0&quot;}\" data-image-title=\"30 carcel papa 1\" data-image-description=\"\" data-image-caption=\"\" data-large-file=\"https:\/\/www.hoymercedes.com.ar\/principal\/wp-content\/uploads\/2019\/04\/30-carcel-papa-1.jpg\" src=\"https:\/\/www.hoymercedes.com.ar\/principal\/wp-content\/uploads\/2019\/04\/30-carcel-papa-1.jpg\" alt=\"\" class=\"wp-image-92222\" srcset=\"https:\/\/www.hoymercedes.com.ar\/principal\/wp-content\/uploads\/2019\/04\/30-carcel-papa-1.jpg 750w, https:\/\/www.hoymercedes.com.ar\/principal\/wp-content\/uploads\/2019\/04\/30-carcel-papa-1-150x100.jpg 150w, https:\/\/www.hoymercedes.com.ar\/principal\/wp-content\/uploads\/2019\/04\/30-carcel-papa-1-630x420.jpg 630w, https:\/\/www.hoymercedes.com.ar\/principal\/wp-content\/uploads\/2019\/04\/30-carcel-papa-1-720x480.jpg 720w, https:\/\/www.hoymercedes.com.ar\/principal\/wp-content\/uploads\/2019\/04\/30-carcel-papa-1-360x240.jpg 360w\" sizes=\"auto, (max-width: 750px) 100vw, 750px\" \/><\/figure>\n\n\n\n<p>El Monse\u00f1or se comprometi\u00f3 entonces a llevarle al Papa Francisco la artesan\u00eda religiosa y en las \u00faltimas horas lleg\u00f3 a destino. Y de acuerdo a lo explicado por autoridades penitenciarias, el Sumo Pont\u00edfice mand\u00f3 un agradecimiento por la obra y por las oraciones de apoyo, tras lo cual envi\u00f3 una bendici\u00f3n.<\/p>\n\n\n\n<p>La idea del obsequio surgi\u00f3 en la c\u00e1rcel de Mercedes entre el capell\u00e1n Norberto Chirigliano, las autoridades del establecimiento carcelario y los agentes penitenciarios de la secci\u00f3n Talleres, y cont\u00f3 con la colaboraci\u00f3n activa de internos que desarrollan labores en herrer\u00eda, chapa y pintura.<br>Al respecto, el ministro de Justicia de la provincia de Buenos Aires, Gustavo Ferrari, destac\u00f3 el trabajo efectuado en forma mancomunada por los internos y el personal penitenciario y dijo \u00abeste es el camino de integraci\u00f3n que nos pide la gobernadora Mar\u00eda Eugenia Vidal\u00bb.<\/p>\n\n\n\n<p>En el emprendimiento participaron el auxiliar del departamento regional de cultura laboral zona norte, Jonatan Bacri, el jefe de Talleres,\u00a0 Fabio de Azevedo, el maestro Lucas Chava\u00f1o y los internos Ignacio (herrero), Juan Manuel (pulidor), Osvaldo (pintura) y Cristian (grabaci\u00f3n del vidrio).<br><\/p>\n\n\n\n<p>Cabe destacar que 33 obispos argentinos de las regiones del noreste, el litoral y La Plata iniciaron en el Vaticano la visita \u00abad limina\u00bb.<br>Establecida en el C\u00f3digo de Derecho Can\u00f3nico, la visita denominada \u00abad limina apostolorum\u00bb -una expresi\u00f3n latina que significa \u00ablos umbrales (de las bas\u00edlicas) de los ap\u00f3stoles\u00bb (Pedro y Pablo)- es realizada por todos los obispos del mundo cada cinco a\u00f1os para dar cuenta del estado de sus respectivas di\u00f3cesis. <\/p>\n\n\n\n<p>Fuente: Prensa U5<\/p>\n\n\n\n<figure class=\"wp-block-image\"><img loading=\"lazy\" decoding=\"async\" width=\"750\" height=\"555\" data-attachment-id=\"92224\" data-permalink=\"https:\/\/www.hoymercedes.com.ar\/principal\/2019\/04\/30\/el-papa-recibio-artesania-realizada-en-la-carcel-de-mercedes\/30-carcel-papa-3\/#main\" data-orig-file=\"https:\/\/www.hoymercedes.com.ar\/principal\/wp-content\/uploads\/2019\/04\/30-carcel-papa-3.jpg\" data-orig-size=\"750,555\" data-comments-opened=\"0\" data-image-meta=\"{&quot;aperture&quot;:&quot;0&quot;,&quot;credit&quot;:&quot;&quot;,&quot;camera&quot;:&quot;&quot;,&quot;caption&quot;:&quot;&quot;,&quot;created_timestamp&quot;:&quot;0&quot;,&quot;copyright&quot;:&quot;&quot;,&quot;focal_length&quot;:&quot;0&quot;,&quot;iso&quot;:&quot;0&quot;,&quot;shutter_speed&quot;:&quot;0&quot;,&quot;title&quot;:&quot;&quot;,&quot;orientation&quot;:&quot;0&quot;}\" data-image-title=\"30 carcel papa 3\" data-image-description=\"\" data-image-caption=\"\" data-large-file=\"https:\/\/www.hoymercedes.com.ar\/principal\/wp-content\/uploads\/2019\/04\/30-carcel-papa-3.jpg\" src=\"https:\/\/www.hoymercedes.com.ar\/principal\/wp-content\/uploads\/2019\/04\/30-carcel-papa-3.jpg\" alt=\"\" class=\"wp-image-92224\" srcset=\"https:\/\/www.hoymercedes.com.ar\/principal\/wp-content\/uploads\/2019\/04\/30-carcel-papa-3.jpg 750w, https:\/\/www.hoymercedes.com.ar\/principal\/wp-content\/uploads\/2019\/04\/30-carcel-papa-3-150x111.jpg 150w, https:\/\/www.hoymercedes.com.ar\/principal\/wp-content\/uploads\/2019\/04\/30-carcel-papa-3-630x466.jpg 630w, https:\/\/www.hoymercedes.com.ar\/principal\/wp-content\/uploads\/2019\/04\/30-carcel-papa-3-100x75.jpg 100w\" sizes=\"auto, (max-width: 750px) 100vw, 750px\" \/><\/figure>\n","protected":false},"excerpt":{"rendered":"<p>El Papa Francisco recibi\u00f3 en el Vaticano una artesan\u00eda elaborada por internos y penitenciarios de la c\u00e1rcel de Mercedes. La &#8230; <a title=\"El Papa recibi\u00f3 artesan\u00eda realizada en la c\u00e1rcel de Mercedes\" class=\"read-more\" href=\"https:\/\/www.hoymercedes.com.ar\/principal\/2019\/04\/30\/el-papa-recibio-artesania-realizada-en-la-carcel-de-mercedes\/\" aria-label=\"Leer m\u00e1s sobre El Papa recibi\u00f3 artesan\u00eda realizada en la c\u00e1rcel de Mercedes\">Leer m\u00e1s<\/a><\/p>\n","protected":false},"author":1,"featured_media":92224,"comment_status":"closed","ping_status":"open","sticky":false,"template":"","format":"standard","meta":{"_monsterinsights_skip_tracking":false,"_monsterinsights_sitenote_active":false,"_monsterinsights_sitenote_note":"","_monsterinsights_sitenote_category":0,"jetpack_post_was_ever_published":false,"_jetpack_newsletter_access":"","_jetpack_dont_email_post_to_subs":false,"_jetpack_newsletter_tier_id":0,"_jetpack_memberships_contains_paywalled_content":false,"_jetpack_memberships_contains_paid_content":false,"footnotes":"","jetpack_publicize_message":"","jetpack_publicize_feature_enabled":true,"jetpack_social_post_already_shared":true,"jetpack_social_options":{"image_generator_settings":{"template":"highway","default_image_id":0,"font":"","enabled":false},"version":2},"_wpas_customize_per_network":false},"categories":[11],"tags":[14987,1011,3293,11738],"class_list":["post-92215","post","type-post","status-publish","format-standard","has-post-thumbnail","hentry","category-ciudad","tag-artesania","tag-carcel","tag-papa-francisco","tag-unidad-penitenciaria-n-5","generate-columns","tablet-grid-50","mobile-grid-100","grid-parent","grid-50"],"jetpack_publicize_connections":[],"jetpack_featured_media_url":"https:\/\/www.hoymercedes.com.ar\/principal\/wp-content\/uploads\/2019\/04\/30-carcel-papa-3.jpg","wps_subtitle":"","jetpack_sharing_enabled":true,"_links":{"self":[{"href":"https:\/\/www.hoymercedes.com.ar\/principal\/wp-json\/wp\/v2\/posts\/92215","targetHints":{"allow":["GET"]}}],"collection":[{"href":"https:\/\/www.hoymercedes.com.ar\/principal\/wp-json\/wp\/v2\/posts"}],"about":[{"href":"https:\/\/www.hoymercedes.com.ar\/principal\/wp-json\/wp\/v2\/types\/post"}],"author":[{"embeddable":true,"href":"https:\/\/www.hoymercedes.com.ar\/principal\/wp-json\/wp\/v2\/users\/1"}],"replies":[{"embeddable":true,"href":"https:\/\/www.hoymercedes.com.ar\/principal\/wp-json\/wp\/v2\/comments?post=92215"}],"version-history":[{"count":0,"href":"https:\/\/www.hoymercedes.com.ar\/principal\/wp-json\/wp\/v2\/posts\/92215\/revisions"}],"wp:featuredmedia":[{"embeddable":true,"href":"https:\/\/www.hoymercedes.com.ar\/principal\/wp-json\/wp\/v2\/media\/92224"}],"wp:attachment":[{"href":"https:\/\/www.hoymercedes.com.ar\/principal\/wp-json\/wp\/v2\/media?parent=92215"}],"wp:term":[{"taxonomy":"category","embeddable":true,"href":"https:\/\/www.hoymercedes.com.ar\/principal\/wp-json\/wp\/v2\/categories?post=92215"},{"taxonomy":"post_tag","embeddable":true,"href":"https:\/\/www.hoymercedes.com.ar\/principal\/wp-json\/wp\/v2\/tags?post=92215"}],"curies":[{"name":"wp","href":"https:\/\/api.w.org\/{rel}","templated":true}]}}