{"id":92243,"date":"2019-05-02T10:00:23","date_gmt":"2019-05-02T13:00:23","guid":{"rendered":"http:\/\/www.hoymercedes.com.ar\/principal\/?p=92243"},"modified":"2019-05-01T15:57:17","modified_gmt":"2019-05-01T18:57:17","slug":"tenia-pedido-de-captura-y-fue-detenido-en-el-marco-del-operativo-calles-seguras","status":"publish","type":"post","link":"https:\/\/www.hoymercedes.com.ar\/principal\/2019\/05\/02\/tenia-pedido-de-captura-y-fue-detenido-en-el-marco-del-operativo-calles-seguras\/","title":{"rendered":"Ten\u00eda pedido de captura y fue detenido en el marco del \u201cOperativo calles seguras\u201d"},"content":{"rendered":"\n<p>Una vez m\u00e1s en el marco de las tareas preventivas dentro del\nprograma \u201cOperativo Calles Seguras\u201d la Polic\u00eda Comunal a cargo del Comisario\nSergio Macedo logr\u00f3 identificar y detener a un masculino que se encontraba\n\u201cdeambulando\u201d y ante la observaci\u00f3n y seguimiento de los uniformados logr\u00f3\ndetectar que el masculino deb\u00eda estar detenido.<\/p>\n\n\n\n<p>En calle 32 y 27 logran detectar al mencionado quien ten\u00eda un pedido de detenci\u00f3n activo por parte de la justicia. <\/p>\n\n\n\n<p>El apellido del masculino de momento se supo extra oficialmente, por lo cual no se puede a\u00fan suministrar. <\/p>\n\n\n\n<p>La r\u00e1pida acci\u00f3n preventiva y el contacto al sistema 911\npara la b\u00fasqueda de su situaci\u00f3n ante la justicia permiti\u00f3 hoy est\u00e9 rindiendo cuentas\nante quien corresponde.<\/p>\n\n\n\n<p>El sujeto era buscado por una causa cuya car\u00e1tula es\nHomicidio calificado por su comisi\u00f3n con alevos\u00eda\u201d, dispuesta por ante el\nTribunal de responsabilidad penal Juvenil del Departamento Judicial Mercedes.<\/p>\n\n\n\n<p>La tarea de prevenci\u00f3n y alerta permiti\u00f3 la detenci\u00f3n del\nbuscado. Por su parte, el Comisario Sergio Macedo, aprovech\u00f3 la ocasi\u00f3n para\nfelicitar a al personal del Grupo T\u00e9cnico Operativo de Mercedes que una vez m\u00e1s\nlogran dar respuesta a la justicia, como pas\u00f3 semanas atr\u00e1s con otros\nmasculinos, en dos ocasiones en Mercedes y una en Gowland, donde teniendo\npedido de captura circulaban por la v\u00eda p\u00fablica sin rendir cuenta en la justicia\ny la prevenci\u00f3n y atenci\u00f3n constante permiti\u00f3 las detenciones. <\/p>\n\n\n\n<p>De esta manera, una nueva instancia judicial es encausada\npor medio de la intervenci\u00f3n de la Polic\u00eda Comunal. .<\/p>\n","protected":false},"excerpt":{"rendered":"<p>Una vez m\u00e1s en el marco de las tareas preventivas dentro del programa \u201cOperativo Calles Seguras\u201d la Polic\u00eda Comunal a &#8230; <a title=\"Ten\u00eda pedido de captura y fue detenido en el marco del \u201cOperativo calles seguras\u201d\" class=\"read-more\" href=\"https:\/\/www.hoymercedes.com.ar\/principal\/2019\/05\/02\/tenia-pedido-de-captura-y-fue-detenido-en-el-marco-del-operativo-calles-seguras\/\" aria-label=\"Leer m\u00e1s sobre Ten\u00eda pedido de captura y fue detenido en el marco del \u201cOperativo calles seguras\u201d\">Leer m\u00e1s<\/a><\/p>\n","protected":false},"author":1,"featured_media":74455,"comment_status":"closed","ping_status":"open","sticky":false,"template":"","format":"standard","meta":{"_monsterinsights_skip_tracking":false,"_monsterinsights_sitenote_active":false,"_monsterinsights_sitenote_note":"","_monsterinsights_sitenote_category":0,"jetpack_post_was_ever_published":false,"_jetpack_newsletter_access":"","_jetpack_dont_email_post_to_subs":false,"_jetpack_newsletter_tier_id":0,"_jetpack_memberships_contains_paywalled_content":false,"_jetpack_memberships_contains_paid_content":false,"footnotes":"","jetpack_publicize_message":"","jetpack_publicize_feature_enabled":true,"jetpack_social_post_already_shared":true,"jetpack_social_options":{"image_generator_settings":{"template":"highway","default_image_id":0,"font":"","enabled":false},"version":2},"_wpas_customize_per_network":false},"categories":[85],"tags":[10277],"class_list":["post-92243","post","type-post","status-publish","format-standard","has-post-thumbnail","hentry","category-policial","tag-sergio-macedo","generate-columns","tablet-grid-50","mobile-grid-100","grid-parent","grid-50"],"jetpack_publicize_connections":[],"jetpack_featured_media_url":"https:\/\/www.hoymercedes.com.ar\/principal\/wp-content\/uploads\/2018\/04\/ComisarioMacedo.jpg","wps_subtitle":"Detenido por pedido judicial ","jetpack_sharing_enabled":true,"_links":{"self":[{"href":"https:\/\/www.hoymercedes.com.ar\/principal\/wp-json\/wp\/v2\/posts\/92243","targetHints":{"allow":["GET"]}}],"collection":[{"href":"https:\/\/www.hoymercedes.com.ar\/principal\/wp-json\/wp\/v2\/posts"}],"about":[{"href":"https:\/\/www.hoymercedes.com.ar\/principal\/wp-json\/wp\/v2\/types\/post"}],"author":[{"embeddable":true,"href":"https:\/\/www.hoymercedes.com.ar\/principal\/wp-json\/wp\/v2\/users\/1"}],"replies":[{"embeddable":true,"href":"https:\/\/www.hoymercedes.com.ar\/principal\/wp-json\/wp\/v2\/comments?post=92243"}],"version-history":[{"count":0,"href":"https:\/\/www.hoymercedes.com.ar\/principal\/wp-json\/wp\/v2\/posts\/92243\/revisions"}],"wp:featuredmedia":[{"embeddable":true,"href":"https:\/\/www.hoymercedes.com.ar\/principal\/wp-json\/wp\/v2\/media\/74455"}],"wp:attachment":[{"href":"https:\/\/www.hoymercedes.com.ar\/principal\/wp-json\/wp\/v2\/media?parent=92243"}],"wp:term":[{"taxonomy":"category","embeddable":true,"href":"https:\/\/www.hoymercedes.com.ar\/principal\/wp-json\/wp\/v2\/categories?post=92243"},{"taxonomy":"post_tag","embeddable":true,"href":"https:\/\/www.hoymercedes.com.ar\/principal\/wp-json\/wp\/v2\/tags?post=92243"}],"curies":[{"name":"wp","href":"https:\/\/api.w.org\/{rel}","templated":true}]}}