{"id":92250,"date":"2019-05-02T09:26:52","date_gmt":"2019-05-02T12:26:52","guid":{"rendered":"http:\/\/www.hoymercedes.com.ar\/principal\/?p=92250"},"modified":"2019-05-02T09:26:58","modified_gmt":"2019-05-02T12:26:58","slug":"durante-el-feriado-se-jugo-la-octava-fecha-de-la-liga-mercedina","status":"publish","type":"post","link":"https:\/\/www.hoymercedes.com.ar\/principal\/2019\/05\/02\/durante-el-feriado-se-jugo-la-octava-fecha-de-la-liga-mercedina\/","title":{"rendered":"Durante el feriado se jug\u00f3 la octava fecha de la Liga Mercedina"},"content":{"rendered":"\n<p>Aprovechando que era una jornada con pocos partidos, se pudo realizar en forma \u00edntegra la octava fecha del torneo de Primera y Reserva de la Liga Mercedina, adem\u00e1s que Pabell\u00f3n y Estudiantes jueguen el adeudado de la s\u00e9ptima, ya que antes lo hab\u00edan hecho El Front\u00f3n y Defensores. No hubo demasiados cambios en las posiciones de un torneo que empieza a ver quienes son los candidatos a pelear cada una de las zonas, y los que pelear\u00e1n por no quedarse afuera de la Liguilla.<\/p>\n\n\n\n<p>Primera Divisi\u00f3n<\/p>\n\n\n\n<p>Fecha 7<\/p>\n\n\n\n<table class=\"wp-block-table\"><tbody><tr><td>El\n  Front\u00f3n<\/td><td>4<\/td><td>Agust\u00edn Ghessi, Carlos Scheffer\n  (2), Jos\u00e9 Mansilla<\/td><\/tr><tr><td>Defensores<\/td><td>4<\/td><td>Ezequiel Roda (2), Leandro Ferrero (2)<\/td><\/tr><tr><td><\/td><td><\/td><td><\/td><\/tr><tr><\/tr><tr><td>Pabell\u00f3n<\/td><td>4<\/td><td>Ezequiel Lacroutz, Nahuel Romero, Esteban Fern\u00e1ndez, Juan\n  Paulerena<\/td><\/tr><tr><td>Estudiantes<\/td><td>0<\/td><\/tr><\/tbody><\/table>\n\n\n\n<p>Fecha 8<\/p>\n\n\n\n<table class=\"wp-block-table\"><tbody><tr><td>AMEFIP<\/td><td>2<\/td><td>Cristian Salvatierra y Enzo\n  Cobuccio<\/td><\/tr><tr><td>Trocha<\/td><td>4<\/td><td>Emmanuel Vel\u00e1zquez (2) y Santiago Yasky (2)<\/td><\/tr><tr><td><\/td><td><\/td><td><\/td><\/tr><tr><\/tr><tr><td>Ateneo<\/td><td>3<\/td><td>\u00c1ngel Puchetta, Nicol\u00e1s Ram\u00edrez, Lautaro Torre<\/td><\/tr><tr><td>El Tim\u00f3n<\/td><td>1<\/td><td>Bautista Mignone<\/td><\/tr><tr><td><\/td><td><\/td><td><\/td><\/tr><tr><\/tr><tr><td>Mercedes<\/td><td>2<\/td><td>Francisco Bomaggio y Franco P\u00e9rez<\/td><\/tr><tr><td>V\u00e9lez<\/td><td>0<\/td><\/tr><tr><td><\/td><td><\/td><td><\/td><\/tr><tr><\/tr><tr><td>Marcos Paz<\/td><td>2<\/td><td>Bruno Giordano y Wilson Nu\u00f1ez<\/td><\/tr><tr><td>Palometas<\/td><td>0<\/td><\/tr><tr><td><\/td><td><\/td><td><\/td><\/tr><tr><\/tr><tr><td>Costa Brava<\/td><td>0<\/td><\/tr><tr><td>Col\u00f3n<\/td><td>2<\/td><td>Hugo Bordi y Laureano Medina<\/td><\/tr><\/tbody><\/table>\n\n\n\n<p>Reserva<\/p>\n\n\n\n<p>Fecha 7<\/p>\n\n\n\n<table class=\"wp-block-table\"><tbody><tr><td>El\n  Front\u00f3n<\/td><td>2<\/td><td>Sergio G\u00f3mez (2)<\/td><\/tr><tr><td>Defensores<\/td><td>1<\/td><\/tr><tr><td><\/td><td><\/td><td><\/td><\/tr><tr><\/tr><tr><td>Pabell\u00f3n<\/td><td>0<\/td><\/tr><tr><td>Estudiantes<\/td><td>0<\/td><\/tr><\/tbody><\/table>\n\n\n\n<p>Fecha 8<\/p>\n\n\n\n<table class=\"wp-block-table\"><tbody><tr><td>AMEFIP<\/td><td>2<\/td><td>Juan Cano y Agustin Uviz (e\/c)<\/td><\/tr><tr><td>Trocha<\/td><td>2<\/td><td>Maximiliano Castro Ballesteros (2)<\/td><\/tr><tr><td><\/td><td><\/td><td><\/td><\/tr><tr><\/tr><tr><td>Ateneo<\/td><td>1<\/td><td>Mauro D\u00edaz<\/td><\/tr><tr><td>El Tim\u00f3n<\/td><td>0<\/td><\/tr><tr><td><\/td><td><\/td><td><\/td><\/tr><tr><\/tr><tr><td>Mercedes<\/td><td>2<\/td><td>Sebastian Cabral y Franco Mart\u00ednez<\/td><\/tr><tr><td>V\u00e9lez<\/td><td>1<\/td><\/tr><tr><td><\/td><td><\/td><td><\/td><\/tr><tr><\/tr><tr><td>Marcos Paz<\/td><td>0<\/td><\/tr><tr><td>Palometas<\/td><td>1<\/td><td>Agust\u00edn P\u00f3rfido<\/td><\/tr><tr><td><\/td><td><\/td><td><\/td><\/tr><tr><\/tr><tr><td>Costa Brava<\/td><td>0<\/td><\/tr><tr><td>Col\u00f3n<\/td><td>2<\/td><td>Mart\u00edn Rey y Marcos Escobar<\/td><\/tr><\/tbody><\/table>\n\n\n\n<p>As\u00ed se juega lo que viene<\/p>\n\n\n\n<p><strong>PRIMERA<\/strong><\/p>\n\n\n\n<p><em><strong>Domingo 5 de mayo, cancha V\u00e9lez Sarsfield<\/strong><\/em><br>11:00 hs. Uni\u00f3n Vs. AMEFIP<br>13:00 hs. Palometas Vs. Estudiantes<br>15:00 hs. V\u00e9lez Sarsfield Vs. La Diego Armando<\/p>\n\n\n\n<p><em><strong>Domingo 5 de mayo, cancha Liga Mercedina<\/strong><\/em><br>11:00 hs. El Tim\u00f3n Vs. Holanda<br>13:00 hs. Quilmes Vs. Ateneo<br>15:00 hs. Trocha Vs. Los Carteros FC<br>17:00 hs. Defensores Jrs. Vs. Atl. Marcos Paz<\/p>\n\n\n\n<p><em><strong>S\u00e1bado 4 de mayo, cancha Pabell\u00f3n Argentino<\/strong><\/em><br>20:00 hs. Pabell\u00f3n Argentino Vs. Juventud<\/p>\n\n\n\n<p><em><strong>Domingo 5 de mayo, cancha Municipal de Luj\u00e1n<\/strong><\/em><br>15:00 hs. Col\u00f3n Vs. Talleres Payr\u00f3<\/p>\n\n\n\n<p><em><strong>Martes 7, a confirmar horarios<\/strong><\/em><br>El Front\u00f3n Vs. Mercedes<\/p>\n\n\n\n<p><strong>RESERVA<\/strong><\/p>\n\n\n\n<p><em><strong>S\u00e1bado 4 de mayo, cancha Quilmes<\/strong><\/em><br>15:00 hs. Quilmes Vs. Ateneo<\/p>\n\n\n\n<p><em><strong>S\u00e1bado 4 de mayo, cancha Los Carteros<\/strong><\/em><br>16:00 hs. Los Carteros Vs. Trocha<\/p>\n\n\n\n<p><em><strong>S\u00e1bado 4 de mayo, cancha V\u00e9lez<\/strong><\/em><br>16:15 hs. V\u00e9lez Vs. La Diego Armando<\/p>\n\n\n\n<p><em><strong>S\u00e1bado 4 de mayo, cancha Estudiantes<\/strong><\/em><br>14:00 hs. Uni\u00f3n Vs. AMEFIP<br>16:00 hs. Estudiantes Vs. Palometas<\/p>\n\n\n\n<p><em><strong>S\u00e1bado 4 de mayo, cancha Pabell\u00f3n Argentino<\/strong><\/em><br>18:00 hs. Pabell\u00f3n Argentino Vs. Juventud<\/p>\n\n\n\n<p><em><strong>Domingo 5 de mayo, cancha Municipal de Luj\u00e1n<\/strong><\/em><br>13:00 hs. Col\u00f3n Vs. Talleres Payr\u00f3<\/p>\n\n\n\n<p><strong>Domingo 5 de mayo, cancha El Tim\u00f3n<\/strong><em><br>15:00 hs. El Tim\u00f3n Vs. Holanda<\/em><\/p>\n\n\n\n<p><em><strong>Domingo 5 de mayo, cancha Defensores<\/strong><\/em><br>14:00 hs. Defensores Vs. Atl\u00e9tico Marcos Paz<\/p>\n\n\n\n<p><em><strong>Martes 7, a confirmar horarios<\/strong><\/em><br>El Front\u00f3n VS. Mercedes<\/p>\n\n\n\n<p><br><\/p>\n\n\n\n<figure class=\"wp-block-image\"><img loading=\"lazy\" decoding=\"async\" width=\"644\" height=\"793\" data-attachment-id=\"92257\" data-permalink=\"https:\/\/www.hoymercedes.com.ar\/principal\/2019\/05\/02\/durante-el-feriado-se-jugo-la-octava-fecha-de-la-liga-mercedina\/primera-liga-pos-14\/#main\" data-orig-file=\"https:\/\/www.hoymercedes.com.ar\/principal\/wp-content\/uploads\/2019\/05\/PRIMERA-LIGA-POS.png\" data-orig-size=\"644,793\" data-comments-opened=\"0\" data-image-meta=\"{&quot;aperture&quot;:&quot;0&quot;,&quot;credit&quot;:&quot;&quot;,&quot;camera&quot;:&quot;&quot;,&quot;caption&quot;:&quot;&quot;,&quot;created_timestamp&quot;:&quot;0&quot;,&quot;copyright&quot;:&quot;&quot;,&quot;focal_length&quot;:&quot;0&quot;,&quot;iso&quot;:&quot;0&quot;,&quot;shutter_speed&quot;:&quot;0&quot;,&quot;title&quot;:&quot;&quot;,&quot;orientation&quot;:&quot;0&quot;}\" data-image-title=\"PRIMERA LIGA POS\" data-image-description=\"\" data-image-caption=\"\" data-large-file=\"https:\/\/www.hoymercedes.com.ar\/principal\/wp-content\/uploads\/2019\/05\/PRIMERA-LIGA-POS.png\" src=\"https:\/\/www.hoymercedes.com.ar\/principal\/wp-content\/uploads\/2019\/05\/PRIMERA-LIGA-POS.png\" alt=\"\" class=\"wp-image-92257\" srcset=\"https:\/\/www.hoymercedes.com.ar\/principal\/wp-content\/uploads\/2019\/05\/PRIMERA-LIGA-POS.png 644w, https:\/\/www.hoymercedes.com.ar\/principal\/wp-content\/uploads\/2019\/05\/PRIMERA-LIGA-POS-122x150.png 122w, https:\/\/www.hoymercedes.com.ar\/principal\/wp-content\/uploads\/2019\/05\/PRIMERA-LIGA-POS-504x620.png 504w\" sizes=\"auto, (max-width: 644px) 100vw, 644px\" \/><\/figure>\n\n\n\n<div class=\"wp-block-image\"><figure class=\"aligncenter\"><img loading=\"lazy\" decoding=\"async\" width=\"324\" height=\"493\" data-attachment-id=\"92258\" data-permalink=\"https:\/\/www.hoymercedes.com.ar\/principal\/2019\/05\/02\/durante-el-feriado-se-jugo-la-octava-fecha-de-la-liga-mercedina\/goles-liga-pri-8\/#main\" data-orig-file=\"https:\/\/www.hoymercedes.com.ar\/principal\/wp-content\/uploads\/2019\/05\/Goles-LIGA-PRI.png\" data-orig-size=\"324,493\" data-comments-opened=\"0\" data-image-meta=\"{&quot;aperture&quot;:&quot;0&quot;,&quot;credit&quot;:&quot;&quot;,&quot;camera&quot;:&quot;&quot;,&quot;caption&quot;:&quot;&quot;,&quot;created_timestamp&quot;:&quot;0&quot;,&quot;copyright&quot;:&quot;&quot;,&quot;focal_length&quot;:&quot;0&quot;,&quot;iso&quot;:&quot;0&quot;,&quot;shutter_speed&quot;:&quot;0&quot;,&quot;title&quot;:&quot;&quot;,&quot;orientation&quot;:&quot;0&quot;}\" data-image-title=\"Goles LIGA PRI\" data-image-description=\"\" data-image-caption=\"\" data-large-file=\"https:\/\/www.hoymercedes.com.ar\/principal\/wp-content\/uploads\/2019\/05\/Goles-LIGA-PRI.png\" src=\"https:\/\/www.hoymercedes.com.ar\/principal\/wp-content\/uploads\/2019\/05\/Goles-LIGA-PRI.png\" alt=\"\" class=\"wp-image-92258\" srcset=\"https:\/\/www.hoymercedes.com.ar\/principal\/wp-content\/uploads\/2019\/05\/Goles-LIGA-PRI.png 324w, https:\/\/www.hoymercedes.com.ar\/principal\/wp-content\/uploads\/2019\/05\/Goles-LIGA-PRI-99x150.png 99w\" sizes=\"auto, (max-width: 324px) 100vw, 324px\" \/><\/figure><\/div>\n\n\n\n<figure class=\"wp-block-image\"><img loading=\"lazy\" decoding=\"async\" width=\"645\" height=\"793\" data-attachment-id=\"92259\" data-permalink=\"https:\/\/www.hoymercedes.com.ar\/principal\/2019\/05\/02\/durante-el-feriado-se-jugo-la-octava-fecha-de-la-liga-mercedina\/reserva-liga-pos-12\/#main\" data-orig-file=\"https:\/\/www.hoymercedes.com.ar\/principal\/wp-content\/uploads\/2019\/05\/RESERVA-LIGA-POS.png\" data-orig-size=\"645,793\" data-comments-opened=\"0\" data-image-meta=\"{&quot;aperture&quot;:&quot;0&quot;,&quot;credit&quot;:&quot;&quot;,&quot;camera&quot;:&quot;&quot;,&quot;caption&quot;:&quot;&quot;,&quot;created_timestamp&quot;:&quot;0&quot;,&quot;copyright&quot;:&quot;&quot;,&quot;focal_length&quot;:&quot;0&quot;,&quot;iso&quot;:&quot;0&quot;,&quot;shutter_speed&quot;:&quot;0&quot;,&quot;title&quot;:&quot;&quot;,&quot;orientation&quot;:&quot;0&quot;}\" data-image-title=\"RESERVA LIGA POS\" data-image-description=\"\" data-image-caption=\"\" data-large-file=\"https:\/\/www.hoymercedes.com.ar\/principal\/wp-content\/uploads\/2019\/05\/RESERVA-LIGA-POS.png\" src=\"https:\/\/www.hoymercedes.com.ar\/principal\/wp-content\/uploads\/2019\/05\/RESERVA-LIGA-POS.png\" alt=\"\" class=\"wp-image-92259\" srcset=\"https:\/\/www.hoymercedes.com.ar\/principal\/wp-content\/uploads\/2019\/05\/RESERVA-LIGA-POS.png 645w, https:\/\/www.hoymercedes.com.ar\/principal\/wp-content\/uploads\/2019\/05\/RESERVA-LIGA-POS-122x150.png 122w, https:\/\/www.hoymercedes.com.ar\/principal\/wp-content\/uploads\/2019\/05\/RESERVA-LIGA-POS-504x620.png 504w\" sizes=\"auto, (max-width: 645px) 100vw, 645px\" \/><\/figure>\n\n\n\n<figure class=\"wp-block-image\"><img loading=\"lazy\" decoding=\"async\" width=\"332\" height=\"300\" data-attachment-id=\"92260\" data-permalink=\"https:\/\/www.hoymercedes.com.ar\/principal\/2019\/05\/02\/durante-el-feriado-se-jugo-la-octava-fecha-de-la-liga-mercedina\/goles-liga-res-6\/#main\" data-orig-file=\"https:\/\/www.hoymercedes.com.ar\/principal\/wp-content\/uploads\/2019\/05\/GOLES-LIGA-RES.png\" data-orig-size=\"332,300\" data-comments-opened=\"0\" data-image-meta=\"{&quot;aperture&quot;:&quot;0&quot;,&quot;credit&quot;:&quot;&quot;,&quot;camera&quot;:&quot;&quot;,&quot;caption&quot;:&quot;&quot;,&quot;created_timestamp&quot;:&quot;0&quot;,&quot;copyright&quot;:&quot;&quot;,&quot;focal_length&quot;:&quot;0&quot;,&quot;iso&quot;:&quot;0&quot;,&quot;shutter_speed&quot;:&quot;0&quot;,&quot;title&quot;:&quot;&quot;,&quot;orientation&quot;:&quot;0&quot;}\" data-image-title=\"GOLES LIGA RES\" data-image-description=\"\" data-image-caption=\"\" data-large-file=\"https:\/\/www.hoymercedes.com.ar\/principal\/wp-content\/uploads\/2019\/05\/GOLES-LIGA-RES.png\" src=\"https:\/\/www.hoymercedes.com.ar\/principal\/wp-content\/uploads\/2019\/05\/GOLES-LIGA-RES.png\" alt=\"\" class=\"wp-image-92260\" srcset=\"https:\/\/www.hoymercedes.com.ar\/principal\/wp-content\/uploads\/2019\/05\/GOLES-LIGA-RES.png 332w, https:\/\/www.hoymercedes.com.ar\/principal\/wp-content\/uploads\/2019\/05\/GOLES-LIGA-RES-150x136.png 150w\" sizes=\"auto, (max-width: 332px) 100vw, 332px\" \/><\/figure>\n","protected":false},"excerpt":{"rendered":"<p>Aprovechando que era una jornada con pocos partidos, se pudo realizar en forma \u00edntegra la octava fecha del torneo de &#8230; <a title=\"Durante el feriado se jug\u00f3 la octava fecha de la Liga Mercedina\" class=\"read-more\" href=\"https:\/\/www.hoymercedes.com.ar\/principal\/2019\/05\/02\/durante-el-feriado-se-jugo-la-octava-fecha-de-la-liga-mercedina\/\" aria-label=\"Leer m\u00e1s sobre Durante el feriado se jug\u00f3 la octava fecha de la Liga Mercedina\">Leer m\u00e1s<\/a><\/p>\n","protected":false},"author":1,"featured_media":92257,"comment_status":"closed","ping_status":"open","sticky":false,"template":"","format":"standard","meta":{"_monsterinsights_skip_tracking":false,"_monsterinsights_sitenote_active":false,"_monsterinsights_sitenote_note":"","_monsterinsights_sitenote_category":0,"jetpack_post_was_ever_published":false,"_jetpack_newsletter_access":"","_jetpack_dont_email_post_to_subs":false,"_jetpack_newsletter_tier_id":0,"_jetpack_memberships_contains_paywalled_content":false,"_jetpack_memberships_contains_paid_content":false,"footnotes":"","jetpack_publicize_message":"","jetpack_publicize_feature_enabled":true,"jetpack_social_post_already_shared":true,"jetpack_social_options":{"image_generator_settings":{"template":"highway","default_image_id":0,"font":"","enabled":false},"version":2},"_wpas_customize_per_network":false},"categories":[21],"tags":[413],"class_list":["post-92250","post","type-post","status-publish","format-standard","has-post-thumbnail","hentry","category-deportes","tag-liga-mercedina-de-futbol","generate-columns","tablet-grid-50","mobile-grid-100","grid-parent","grid-50"],"jetpack_publicize_connections":[],"jetpack_featured_media_url":"https:\/\/www.hoymercedes.com.ar\/principal\/wp-content\/uploads\/2019\/05\/PRIMERA-LIGA-POS.png","wps_subtitle":"Liga Mercedina","jetpack_sharing_enabled":true,"_links":{"self":[{"href":"https:\/\/www.hoymercedes.com.ar\/principal\/wp-json\/wp\/v2\/posts\/92250","targetHints":{"allow":["GET"]}}],"collection":[{"href":"https:\/\/www.hoymercedes.com.ar\/principal\/wp-json\/wp\/v2\/posts"}],"about":[{"href":"https:\/\/www.hoymercedes.com.ar\/principal\/wp-json\/wp\/v2\/types\/post"}],"author":[{"embeddable":true,"href":"https:\/\/www.hoymercedes.com.ar\/principal\/wp-json\/wp\/v2\/users\/1"}],"replies":[{"embeddable":true,"href":"https:\/\/www.hoymercedes.com.ar\/principal\/wp-json\/wp\/v2\/comments?post=92250"}],"version-history":[{"count":0,"href":"https:\/\/www.hoymercedes.com.ar\/principal\/wp-json\/wp\/v2\/posts\/92250\/revisions"}],"wp:featuredmedia":[{"embeddable":true,"href":"https:\/\/www.hoymercedes.com.ar\/principal\/wp-json\/wp\/v2\/media\/92257"}],"wp:attachment":[{"href":"https:\/\/www.hoymercedes.com.ar\/principal\/wp-json\/wp\/v2\/media?parent=92250"}],"wp:term":[{"taxonomy":"category","embeddable":true,"href":"https:\/\/www.hoymercedes.com.ar\/principal\/wp-json\/wp\/v2\/categories?post=92250"},{"taxonomy":"post_tag","embeddable":true,"href":"https:\/\/www.hoymercedes.com.ar\/principal\/wp-json\/wp\/v2\/tags?post=92250"}],"curies":[{"name":"wp","href":"https:\/\/api.w.org\/{rel}","templated":true}]}}