{"id":92273,"date":"2019-05-02T13:15:33","date_gmt":"2019-05-02T16:15:33","guid":{"rendered":"http:\/\/www.hoymercedes.com.ar\/principal\/?p=92273"},"modified":"2019-05-02T16:00:17","modified_gmt":"2019-05-02T19:00:17","slug":"trio-ginastera-en-el-colegio-nacional","status":"publish","type":"post","link":"https:\/\/www.hoymercedes.com.ar\/principal\/2019\/05\/02\/trio-ginastera-en-el-colegio-nacional\/","title":{"rendered":"Tr\u00edo Ginastera en el Colegio Nacional"},"content":{"rendered":"\n<p>El venidero s\u00e1bado 4 de mayo, a partir de la hora 20:30, en el sal\u00f3n de actos del Colegio Nacional se estar\u00e1 presentando el Tr\u00edo Ginastera que integran  <br>integrado por Xavier Inchausti (viol\u00edn), Jos\u00e9 Araujo (cello) y Marcelo Balat (piano),\u00a0 Las entradas anticipadas se encuentran a la venta<\/p>\n\n\n\n<figure class=\"wp-block-image\"><img loading=\"lazy\" decoding=\"async\" width=\"730\" height=\"485\" data-attachment-id=\"92274\" data-permalink=\"https:\/\/www.hoymercedes.com.ar\/principal\/2019\/05\/02\/trio-ginastera-en-el-colegio-nacional\/02-trio-nacional\/#main\" data-orig-file=\"https:\/\/www.hoymercedes.com.ar\/principal\/wp-content\/uploads\/2019\/05\/02-trio-nacional.png\" data-orig-size=\"730,485\" data-comments-opened=\"0\" data-image-meta=\"{&quot;aperture&quot;:&quot;0&quot;,&quot;credit&quot;:&quot;&quot;,&quot;camera&quot;:&quot;&quot;,&quot;caption&quot;:&quot;&quot;,&quot;created_timestamp&quot;:&quot;0&quot;,&quot;copyright&quot;:&quot;&quot;,&quot;focal_length&quot;:&quot;0&quot;,&quot;iso&quot;:&quot;0&quot;,&quot;shutter_speed&quot;:&quot;0&quot;,&quot;title&quot;:&quot;&quot;,&quot;orientation&quot;:&quot;0&quot;}\" data-image-title=\"02 trio nacional\" data-image-description=\"\" data-image-caption=\"\" data-large-file=\"https:\/\/www.hoymercedes.com.ar\/principal\/wp-content\/uploads\/2019\/05\/02-trio-nacional.png\" src=\"https:\/\/www.hoymercedes.com.ar\/principal\/wp-content\/uploads\/2019\/05\/02-trio-nacional.png\" alt=\"\" class=\"wp-image-92274\" srcset=\"https:\/\/www.hoymercedes.com.ar\/principal\/wp-content\/uploads\/2019\/05\/02-trio-nacional.png 730w, https:\/\/www.hoymercedes.com.ar\/principal\/wp-content\/uploads\/2019\/05\/02-trio-nacional-150x100.png 150w, https:\/\/www.hoymercedes.com.ar\/principal\/wp-content\/uploads\/2019\/05\/02-trio-nacional-630x419.png 630w, https:\/\/www.hoymercedes.com.ar\/principal\/wp-content\/uploads\/2019\/05\/02-trio-nacional-360x240.png 360w\" sizes=\"auto, (max-width: 730px) 100vw, 730px\" \/><\/figure>\n\n\n\n<p>En el auditorio del Colegio ubicado en Av. 17 N\u00ba 725, el tr\u00edo ejecutar\u00e1: Rachmaninov (Trio eleg\u00edaco No. 1 en sol menor), Shostakovich (Tr\u00edo no. 2 op 67, Andante. Allegro con brio, Largo y Allegretto); Ravel (Tr\u00edo en la menor, Mod\u00e9r\u00e9, Pantoum (Assez vif), Passacaille (Tr\u00e8s large), Final (Anim\u00e9))<\/p>\n\n\n\n<p>Desde el seno de la Orquesta Sinf\u00f3nica Nacional Argentina surge este ensamble compuesto por tres de los m\u00e1s prestigiosos m\u00fasicos argentinos que gravitan en la escena local e internacional. <\/p>\n\n\n\n<p>Marcando tendencia en su generaci\u00f3n, sus integrantes formaron el tr\u00edo en el a\u00f1o 2016 con el objetivo de difundir el repertorio camer\u00edstico nacional y universal con el m\u00e1s alto nivel art\u00edstico. Sus actuaciones incluyen presentaciones en el marco de los ciclos de Radio Nacional Cl\u00e1sica, los Conciertos de Mediod\u00eda de Mozarteum Argentino en el Teatro Gran Rex, el Teatro del Libertador de C\u00f3rdoba y una gira por las principales salas del interior.<strong>\u00a0<\/strong><\/p>\n\n\n\n<p>Xavier Inchausti\u00a0es concertino de la Sinf\u00f3nica Nacional desde 2016. Ha actuado como solista junto a importantes orquestas nacionales e internacionales y ha trabajado con reconocidos directores del \u00e1mbito local e internacional.\u00a0<\/p>\n\n\n\n<p>Jos\u00e9 Araujo\u00a0es solista de violoncello de la Sinf\u00f3nica desde 2012. Adem\u00e1s, se ha desempe\u00f1ado como solista en la Orquesta Juan de Dios Filiberto y, actualmente, conforma un d\u00fao junto con la pianista Fernanda Morello.\u00a0<\/p>\n\n\n\n<p>Marcelo Balat\u00a0es solista titular de piano y celesta de la Sinf\u00f3nica y, regularmente, ofrece conciertos en la Argentina, Espa\u00f1a, Alemania, Brasil, Paraguay, Uruguay y Chile. <\/p>\n","protected":false},"excerpt":{"rendered":"<p>El venidero s\u00e1bado 4 de mayo, a partir de la hora 20:30, en el sal\u00f3n de actos del Colegio Nacional &#8230; <a title=\"Tr\u00edo Ginastera en el Colegio Nacional\" class=\"read-more\" href=\"https:\/\/www.hoymercedes.com.ar\/principal\/2019\/05\/02\/trio-ginastera-en-el-colegio-nacional\/\" aria-label=\"Leer m\u00e1s sobre Tr\u00edo Ginastera en el Colegio Nacional\">Leer m\u00e1s<\/a><\/p>\n","protected":false},"author":1,"featured_media":92274,"comment_status":"closed","ping_status":"open","sticky":false,"template":"","format":"standard","meta":{"_monsterinsights_skip_tracking":false,"_monsterinsights_sitenote_active":false,"_monsterinsights_sitenote_note":"","_monsterinsights_sitenote_category":0,"jetpack_post_was_ever_published":false,"_jetpack_newsletter_access":"","_jetpack_dont_email_post_to_subs":false,"_jetpack_newsletter_tier_id":0,"_jetpack_memberships_contains_paywalled_content":false,"_jetpack_memberships_contains_paid_content":false,"footnotes":"","jetpack_publicize_message":"","jetpack_publicize_feature_enabled":true,"jetpack_social_post_already_shared":true,"jetpack_social_options":{"image_generator_settings":{"template":"highway","default_image_id":0,"font":"","enabled":false},"version":2},"_wpas_customize_per_network":false},"categories":[104],"tags":[8689,14854,7805],"class_list":["post-92273","post","type-post","status-publish","format-standard","has-post-thumbnail","hentry","category-cultura","tag-centro-de-egresados-del-colegio-nacional","tag-ciclo-musical-proarte","tag-cultura","generate-columns","tablet-grid-50","mobile-grid-100","grid-parent","grid-50"],"jetpack_publicize_connections":[],"jetpack_featured_media_url":"https:\/\/www.hoymercedes.com.ar\/principal\/wp-content\/uploads\/2019\/05\/02-trio-nacional.png","wps_subtitle":"","jetpack_sharing_enabled":true,"_links":{"self":[{"href":"https:\/\/www.hoymercedes.com.ar\/principal\/wp-json\/wp\/v2\/posts\/92273","targetHints":{"allow":["GET"]}}],"collection":[{"href":"https:\/\/www.hoymercedes.com.ar\/principal\/wp-json\/wp\/v2\/posts"}],"about":[{"href":"https:\/\/www.hoymercedes.com.ar\/principal\/wp-json\/wp\/v2\/types\/post"}],"author":[{"embeddable":true,"href":"https:\/\/www.hoymercedes.com.ar\/principal\/wp-json\/wp\/v2\/users\/1"}],"replies":[{"embeddable":true,"href":"https:\/\/www.hoymercedes.com.ar\/principal\/wp-json\/wp\/v2\/comments?post=92273"}],"version-history":[{"count":0,"href":"https:\/\/www.hoymercedes.com.ar\/principal\/wp-json\/wp\/v2\/posts\/92273\/revisions"}],"wp:featuredmedia":[{"embeddable":true,"href":"https:\/\/www.hoymercedes.com.ar\/principal\/wp-json\/wp\/v2\/media\/92274"}],"wp:attachment":[{"href":"https:\/\/www.hoymercedes.com.ar\/principal\/wp-json\/wp\/v2\/media?parent=92273"}],"wp:term":[{"taxonomy":"category","embeddable":true,"href":"https:\/\/www.hoymercedes.com.ar\/principal\/wp-json\/wp\/v2\/categories?post=92273"},{"taxonomy":"post_tag","embeddable":true,"href":"https:\/\/www.hoymercedes.com.ar\/principal\/wp-json\/wp\/v2\/tags?post=92273"}],"curies":[{"name":"wp","href":"https:\/\/api.w.org\/{rel}","templated":true}]}}