{"id":92276,"date":"2019-05-02T11:59:20","date_gmt":"2019-05-02T14:59:20","guid":{"rendered":"http:\/\/www.hoymercedes.com.ar\/principal\/?p=92276"},"modified":"2019-05-02T15:59:56","modified_gmt":"2019-05-02T18:59:56","slug":"hombre-muere-al-caer-de-un-tercer-piso","status":"publish","type":"post","link":"https:\/\/www.hoymercedes.com.ar\/principal\/2019\/05\/02\/hombre-muere-al-caer-de-un-tercer-piso\/","title":{"rendered":"Hombre muere al caer de un tercer piso"},"content":{"rendered":"\n<p>Por causas que est\u00e1n en investigaci\u00f3n, en la ma\u00f1ana de este mi\u00e9rcoles 2 de  mayo, un hombre de m\u00e1s de 90 a\u00f1os se habr\u00eda arrojado del tercer piso del edificio de calle 22 esquina 29. <\/p>\n\n\n\n<p>La investigaci\u00f3n est\u00e1 caratulada como \u00abaveriguaciones causales de muerte\u00bb y la realiza la UFI N* 4 del Depto. Judicial Mercedes a cargo del Dr. Lisandro Masson. <\/p>\n","protected":false},"excerpt":{"rendered":"<p>Por causas que est\u00e1n en investigaci\u00f3n, en la ma\u00f1ana de este mi\u00e9rcoles 2 de mayo, un hombre de m\u00e1s de &#8230; <a title=\"Hombre muere al caer de un tercer piso\" class=\"read-more\" href=\"https:\/\/www.hoymercedes.com.ar\/principal\/2019\/05\/02\/hombre-muere-al-caer-de-un-tercer-piso\/\" aria-label=\"Leer m\u00e1s sobre Hombre muere al caer de un tercer piso\">Leer m\u00e1s<\/a><\/p>\n","protected":false},"author":1,"featured_media":92277,"comment_status":"closed","ping_status":"open","sticky":false,"template":"","format":"standard","meta":{"_monsterinsights_skip_tracking":false,"_monsterinsights_sitenote_active":false,"_monsterinsights_sitenote_note":"","_monsterinsights_sitenote_category":0,"jetpack_post_was_ever_published":false,"_jetpack_newsletter_access":"","_jetpack_dont_email_post_to_subs":false,"_jetpack_newsletter_tier_id":0,"_jetpack_memberships_contains_paywalled_content":false,"_jetpack_memberships_contains_paid_content":false,"footnotes":"","jetpack_publicize_message":"","jetpack_publicize_feature_enabled":true,"jetpack_social_post_already_shared":true,"jetpack_social_options":{"image_generator_settings":{"template":"highway","default_image_id":0,"font":"","enabled":false},"version":2},"_wpas_customize_per_network":false},"categories":[85,8],"tags":[14988,96],"class_list":["post-92276","post","type-post","status-publish","format-standard","has-post-thumbnail","hentry","category-policial","category-sociedad","tag-fallecimiento-en-via-publica","tag-policial-2","generate-columns","tablet-grid-50","mobile-grid-100","grid-parent","grid-50"],"jetpack_publicize_connections":[],"jetpack_featured_media_url":"https:\/\/www.hoymercedes.com.ar\/principal\/wp-content\/uploads\/2019\/05\/edificio00.jpg","wps_subtitle":"","jetpack_sharing_enabled":true,"_links":{"self":[{"href":"https:\/\/www.hoymercedes.com.ar\/principal\/wp-json\/wp\/v2\/posts\/92276","targetHints":{"allow":["GET"]}}],"collection":[{"href":"https:\/\/www.hoymercedes.com.ar\/principal\/wp-json\/wp\/v2\/posts"}],"about":[{"href":"https:\/\/www.hoymercedes.com.ar\/principal\/wp-json\/wp\/v2\/types\/post"}],"author":[{"embeddable":true,"href":"https:\/\/www.hoymercedes.com.ar\/principal\/wp-json\/wp\/v2\/users\/1"}],"replies":[{"embeddable":true,"href":"https:\/\/www.hoymercedes.com.ar\/principal\/wp-json\/wp\/v2\/comments?post=92276"}],"version-history":[{"count":0,"href":"https:\/\/www.hoymercedes.com.ar\/principal\/wp-json\/wp\/v2\/posts\/92276\/revisions"}],"wp:featuredmedia":[{"embeddable":true,"href":"https:\/\/www.hoymercedes.com.ar\/principal\/wp-json\/wp\/v2\/media\/92277"}],"wp:attachment":[{"href":"https:\/\/www.hoymercedes.com.ar\/principal\/wp-json\/wp\/v2\/media?parent=92276"}],"wp:term":[{"taxonomy":"category","embeddable":true,"href":"https:\/\/www.hoymercedes.com.ar\/principal\/wp-json\/wp\/v2\/categories?post=92276"},{"taxonomy":"post_tag","embeddable":true,"href":"https:\/\/www.hoymercedes.com.ar\/principal\/wp-json\/wp\/v2\/tags?post=92276"}],"curies":[{"name":"wp","href":"https:\/\/api.w.org\/{rel}","templated":true}]}}