{"id":92279,"date":"2019-05-02T16:07:22","date_gmt":"2019-05-02T19:07:22","guid":{"rendered":"http:\/\/www.hoymercedes.com.ar\/principal\/?p=92279"},"modified":"2019-05-02T16:17:05","modified_gmt":"2019-05-02T19:17:05","slug":"consejo-escolar-designacion-de-personal-auxiliar-5","status":"publish","type":"post","link":"https:\/\/www.hoymercedes.com.ar\/principal\/2019\/05\/02\/consejo-escolar-designacion-de-personal-auxiliar-5\/","title":{"rendered":"Consejo Escolar: Designaci\u00f3n de Personal Auxiliar"},"content":{"rendered":"\n<p>El Consejo Escolar de Mercedes comunica a todos los aspirantes a porteros y peones de cocina para las escuelas de gesti\u00f3n p\u00fablica que el d\u00eda viernes 10 de mayo, 14 horas, se llevar\u00e1 a cabo el Acto P\u00fablico para la cobertura de cargos del Agrupamiento Personal de Servicio en car\u00e1cter \u201cTemporario Transitorio\u201d y los correspondientes movimientos previos.<\/p>\n\n\n\n<p>Cronograma: <br>&#8211; 14.00 hs: Movimientos de titulares y Temporarios Transitorios (Mensualizados).<\/p>\n\n\n\n<p>Una vez finalizados los movimientos se realizar\u00e1 el acto p\u00fablico con listado oficial. <\/p>\n\n\n\n<p>Los interesados deber\u00e1n presentar la siguiente documentaci\u00f3n: <br>Para realizar Movimientos (solo Titulares y Mensualizados): <br>\u2022 Cuaderno de Actuaci\u00f3n <br>\u2022 DNI y fotocopia del mismo <br>\u2022 COULI (Recibo de sueldo) <\/p>\n\n\n\n<p>Se recuerda que para realizar movimientos los agentes no deben estar en uso de licencia ni haber hecho movimientos durante el \u00faltimo a\u00f1o. <\/p>\n\n\n\n<p>Para las Designaciones: <br>\u2022 Cuaderno de Actuaci\u00f3n, en caso que estuviese trabajando. <br>\u2022 DNI y fotocopia del mismo. <br>\u2022 Los aspirantes no deben estar en uso de licencia. <\/p>\n\n\n\n<p>Una vez finalizadas las designaciones, se cubrir\u00e1n los reemplazos. <\/p>\n\n\n\n<p>El acto p\u00fablico se realizar\u00e1 en el Consejo Escolar de calle 6, entre 9 y 11. En caso de dudas y preguntas previas, consultar all\u00ed mismo.<span style=\"background-color: rgb(232, 234, 235);\"><b> <\/b><\/span><\/p>\n","protected":false},"excerpt":{"rendered":"<p>El Consejo Escolar de Mercedes comunica a todos los aspirantes a porteros y peones de cocina para las escuelas de &#8230; <a title=\"Consejo Escolar: Designaci\u00f3n de Personal Auxiliar\" class=\"read-more\" href=\"https:\/\/www.hoymercedes.com.ar\/principal\/2019\/05\/02\/consejo-escolar-designacion-de-personal-auxiliar-5\/\" aria-label=\"Leer m\u00e1s sobre Consejo Escolar: Designaci\u00f3n de Personal Auxiliar\">Leer m\u00e1s<\/a><\/p>\n","protected":false},"author":1,"featured_media":73047,"comment_status":"closed","ping_status":"open","sticky":false,"template":"","format":"standard","meta":{"_monsterinsights_skip_tracking":false,"_monsterinsights_sitenote_active":false,"_monsterinsights_sitenote_note":"","_monsterinsights_sitenote_category":0,"jetpack_post_was_ever_published":false,"_jetpack_newsletter_access":"","_jetpack_dont_email_post_to_subs":false,"_jetpack_newsletter_tier_id":0,"_jetpack_memberships_contains_paywalled_content":false,"_jetpack_memberships_contains_paid_content":false,"footnotes":"","jetpack_publicize_message":"","jetpack_publicize_feature_enabled":true,"jetpack_social_post_already_shared":true,"jetpack_social_options":{"image_generator_settings":{"template":"highway","default_image_id":0,"font":"","enabled":false},"version":2},"_wpas_customize_per_network":false},"categories":[23],"tags":[1380,1317,14989],"class_list":["post-92279","post","type-post","status-publish","format-standard","has-post-thumbnail","hentry","category-educacion","tag-acto-publico","tag-consejo-escolar","tag-designacion-de-personal-auxiliar","generate-columns","tablet-grid-50","mobile-grid-100","grid-parent","grid-50"],"jetpack_publicize_connections":[],"jetpack_featured_media_url":"https:\/\/www.hoymercedes.com.ar\/principal\/wp-content\/uploads\/2018\/02\/28-portero.png","wps_subtitle":"Inscriptos en el listado oficial","jetpack_sharing_enabled":true,"_links":{"self":[{"href":"https:\/\/www.hoymercedes.com.ar\/principal\/wp-json\/wp\/v2\/posts\/92279","targetHints":{"allow":["GET"]}}],"collection":[{"href":"https:\/\/www.hoymercedes.com.ar\/principal\/wp-json\/wp\/v2\/posts"}],"about":[{"href":"https:\/\/www.hoymercedes.com.ar\/principal\/wp-json\/wp\/v2\/types\/post"}],"author":[{"embeddable":true,"href":"https:\/\/www.hoymercedes.com.ar\/principal\/wp-json\/wp\/v2\/users\/1"}],"replies":[{"embeddable":true,"href":"https:\/\/www.hoymercedes.com.ar\/principal\/wp-json\/wp\/v2\/comments?post=92279"}],"version-history":[{"count":0,"href":"https:\/\/www.hoymercedes.com.ar\/principal\/wp-json\/wp\/v2\/posts\/92279\/revisions"}],"wp:featuredmedia":[{"embeddable":true,"href":"https:\/\/www.hoymercedes.com.ar\/principal\/wp-json\/wp\/v2\/media\/73047"}],"wp:attachment":[{"href":"https:\/\/www.hoymercedes.com.ar\/principal\/wp-json\/wp\/v2\/media?parent=92279"}],"wp:term":[{"taxonomy":"category","embeddable":true,"href":"https:\/\/www.hoymercedes.com.ar\/principal\/wp-json\/wp\/v2\/categories?post=92279"},{"taxonomy":"post_tag","embeddable":true,"href":"https:\/\/www.hoymercedes.com.ar\/principal\/wp-json\/wp\/v2\/tags?post=92279"}],"curies":[{"name":"wp","href":"https:\/\/api.w.org\/{rel}","templated":true}]}}