{"id":92285,"date":"2019-05-02T18:54:09","date_gmt":"2019-05-02T21:54:09","guid":{"rendered":"http:\/\/www.hoymercedes.com.ar\/principal\/?p=92285"},"modified":"2019-05-02T16:54:22","modified_gmt":"2019-05-02T19:54:22","slug":"entregaron-material-didactico-a-jardines-de-infantes","status":"publish","type":"post","link":"https:\/\/www.hoymercedes.com.ar\/principal\/2019\/05\/02\/entregaron-material-didactico-a-jardines-de-infantes\/","title":{"rendered":"Entregaron material did\u00e1ctico a jardines de infantes"},"content":{"rendered":"\n<p>En el marco del programa \u201cMercedes Aprende\u201d recientemente entregaron libros y material did\u00e1ctico a los jardines de infantes, con libros de cuentos para los distintos niveles de las salitas de las instituciones educativas de nivel inicial. En los \u00faltimos d\u00edas, entregaron los libros a los Jardines de Infantes N\u00b0 902 y 915. <\/p>\n\n\n\n<figure class=\"wp-block-image\"><img loading=\"lazy\" decoding=\"async\" width=\"750\" height=\"500\" data-attachment-id=\"92286\" data-permalink=\"https:\/\/www.hoymercedes.com.ar\/principal\/2019\/05\/02\/entregaron-material-didactico-a-jardines-de-infantes\/02-mercedes-aprende2\/#main\" data-orig-file=\"https:\/\/www.hoymercedes.com.ar\/principal\/wp-content\/uploads\/2019\/05\/02-Mercedes-Aprende2.jpg\" data-orig-size=\"750,500\" data-comments-opened=\"0\" data-image-meta=\"{&quot;aperture&quot;:&quot;0&quot;,&quot;credit&quot;:&quot;&quot;,&quot;camera&quot;:&quot;&quot;,&quot;caption&quot;:&quot;&quot;,&quot;created_timestamp&quot;:&quot;0&quot;,&quot;copyright&quot;:&quot;&quot;,&quot;focal_length&quot;:&quot;0&quot;,&quot;iso&quot;:&quot;0&quot;,&quot;shutter_speed&quot;:&quot;0&quot;,&quot;title&quot;:&quot;&quot;,&quot;orientation&quot;:&quot;0&quot;}\" data-image-title=\"02 Mercedes-Aprende2\" data-image-description=\"\" data-image-caption=\"\" data-large-file=\"https:\/\/www.hoymercedes.com.ar\/principal\/wp-content\/uploads\/2019\/05\/02-Mercedes-Aprende2.jpg\" src=\"https:\/\/www.hoymercedes.com.ar\/principal\/wp-content\/uploads\/2019\/05\/02-Mercedes-Aprende2.jpg\" alt=\"\" class=\"wp-image-92286\" srcset=\"https:\/\/www.hoymercedes.com.ar\/principal\/wp-content\/uploads\/2019\/05\/02-Mercedes-Aprende2.jpg 750w, https:\/\/www.hoymercedes.com.ar\/principal\/wp-content\/uploads\/2019\/05\/02-Mercedes-Aprende2-150x100.jpg 150w, https:\/\/www.hoymercedes.com.ar\/principal\/wp-content\/uploads\/2019\/05\/02-Mercedes-Aprende2-630x420.jpg 630w, https:\/\/www.hoymercedes.com.ar\/principal\/wp-content\/uploads\/2019\/05\/02-Mercedes-Aprende2-720x480.jpg 720w, https:\/\/www.hoymercedes.com.ar\/principal\/wp-content\/uploads\/2019\/05\/02-Mercedes-Aprende2-360x240.jpg 360w\" sizes=\"auto, (max-width: 750px) 100vw, 750px\" \/><\/figure>\n\n\n\n<p>\u201cEstamos muy felices de este programa, porque da herramientas para construir una educaci\u00f3n mejor, una ciudad mejor, ellos son el futuro y nuestra mirada de ciudad educativa se ve tambi\u00e9n plasmada en este tipo de gestiones\u201d, expres\u00f3 el Intendente Juan Ignacio Ustarroz acompa\u00f1ado de los referentes del \u00e1rea Educaci\u00f3n y Ni\u00f1ez. <\/p>\n\n\n\n<p>Los diferentes libros escogidos, tanto por el Municipio como por la comunidad docente, tienen como eje tem\u00e1tico el medio ambiente. Los mismos se llaman, por un lado, \u201cMucha Basura\u201d que trata la problem\u00e1tica del reciclado y la necesidad de tomar conocimiento sobre la gran cantidad de desechos que produce la sociedad y c\u00f3mo buscar soluciones sobre ello. <\/p>\n\n\n\n<p>Y por otro, \u201cAbrazados\u201d que lo que pretende es la toma de conciencia con respecto al cuidado de la naturaleza \u201ces as\u00ed como desde las instituciones educativas lo que se intenta es trabajar la lectoescritura y el cuidado del medio ambiente, y que el libro en s\u00ed, ocupe cierto rol preponderante en los tiempos libres de los chicos\u201d sostuvo el intendente Juan Ignacio Ustarroz.<\/p>\n\n\n\n<p>Por otra parte, el jefe comunal recorri\u00f3 la obra que realiza el municipio en el Jard\u00edn de Infantes N\u00b0902 para mejorar la iluminaci\u00f3n del edificio aportando m\u00e1s de medio mill\u00f3n de pesos para la obra. <\/p>\n","protected":false},"excerpt":{"rendered":"<p>En el marco del programa \u201cMercedes Aprende\u201d recientemente entregaron libros y material did\u00e1ctico a los jardines de infantes, con libros &#8230; <a title=\"Entregaron material did\u00e1ctico a jardines de infantes\" class=\"read-more\" href=\"https:\/\/www.hoymercedes.com.ar\/principal\/2019\/05\/02\/entregaron-material-didactico-a-jardines-de-infantes\/\" aria-label=\"Leer m\u00e1s sobre Entregaron material did\u00e1ctico a jardines de infantes\">Leer m\u00e1s<\/a><\/p>\n","protected":false},"author":1,"featured_media":92286,"comment_status":"closed","ping_status":"open","sticky":false,"template":"","format":"standard","meta":{"_monsterinsights_skip_tracking":false,"_monsterinsights_sitenote_active":false,"_monsterinsights_sitenote_note":"","_monsterinsights_sitenote_category":0,"jetpack_post_was_ever_published":false,"_jetpack_newsletter_access":"","_jetpack_dont_email_post_to_subs":false,"_jetpack_newsletter_tier_id":0,"_jetpack_memberships_contains_paywalled_content":false,"_jetpack_memberships_contains_paid_content":false,"footnotes":"","jetpack_publicize_message":"","jetpack_publicize_feature_enabled":true,"jetpack_social_post_already_shared":true,"jetpack_social_options":{"image_generator_settings":{"template":"highway","default_image_id":0,"font":"","enabled":false},"version":2},"_wpas_customize_per_network":false},"categories":[30],"tags":[47,11754,13953,244],"class_list":["post-92285","post","type-post","status-publish","format-standard","has-post-thumbnail","hentry","category-municipio","tag-educacion-2","tag-jardines-de-infantes","tag-mercedes-aprende","tag-municipio-2","generate-columns","tablet-grid-50","mobile-grid-100","grid-parent","grid-50"],"jetpack_publicize_connections":[],"jetpack_featured_media_url":"https:\/\/www.hoymercedes.com.ar\/principal\/wp-content\/uploads\/2019\/05\/02-Mercedes-Aprende2.jpg","wps_subtitle":"","jetpack_sharing_enabled":true,"_links":{"self":[{"href":"https:\/\/www.hoymercedes.com.ar\/principal\/wp-json\/wp\/v2\/posts\/92285","targetHints":{"allow":["GET"]}}],"collection":[{"href":"https:\/\/www.hoymercedes.com.ar\/principal\/wp-json\/wp\/v2\/posts"}],"about":[{"href":"https:\/\/www.hoymercedes.com.ar\/principal\/wp-json\/wp\/v2\/types\/post"}],"author":[{"embeddable":true,"href":"https:\/\/www.hoymercedes.com.ar\/principal\/wp-json\/wp\/v2\/users\/1"}],"replies":[{"embeddable":true,"href":"https:\/\/www.hoymercedes.com.ar\/principal\/wp-json\/wp\/v2\/comments?post=92285"}],"version-history":[{"count":0,"href":"https:\/\/www.hoymercedes.com.ar\/principal\/wp-json\/wp\/v2\/posts\/92285\/revisions"}],"wp:featuredmedia":[{"embeddable":true,"href":"https:\/\/www.hoymercedes.com.ar\/principal\/wp-json\/wp\/v2\/media\/92286"}],"wp:attachment":[{"href":"https:\/\/www.hoymercedes.com.ar\/principal\/wp-json\/wp\/v2\/media?parent=92285"}],"wp:term":[{"taxonomy":"category","embeddable":true,"href":"https:\/\/www.hoymercedes.com.ar\/principal\/wp-json\/wp\/v2\/categories?post=92285"},{"taxonomy":"post_tag","embeddable":true,"href":"https:\/\/www.hoymercedes.com.ar\/principal\/wp-json\/wp\/v2\/tags?post=92285"}],"curies":[{"name":"wp","href":"https:\/\/api.w.org\/{rel}","templated":true}]}}