{"id":92306,"date":"2019-05-03T13:21:21","date_gmt":"2019-05-03T16:21:21","guid":{"rendered":"http:\/\/www.hoymercedes.com.ar\/principal\/?p=92306"},"modified":"2019-05-03T15:34:31","modified_gmt":"2019-05-03T18:34:31","slug":"selva-destaca-valores-de-la-libertad-de-prensa-en-defensa-de-la-democracia","status":"publish","type":"post","link":"https:\/\/www.hoymercedes.com.ar\/principal\/2019\/05\/03\/selva-destaca-valores-de-la-libertad-de-prensa-en-defensa-de-la-democracia\/","title":{"rendered":"Selva destaca \u201cvalores\u201d de la libertad de prensa \u201cen defensa de la democracia\u201d"},"content":{"rendered":"\n<p>El diputado nacional Carlos Selva envi\u00f3 un saludo a los medios y sus trabajadores en el marco del D\u00eda Internacional de la Libertad de Prensa.<\/p>\n\n\n\n<figure class=\"wp-block-image\"><img loading=\"lazy\" decoding=\"async\" width=\"750\" height=\"420\" data-attachment-id=\"92307\" data-permalink=\"https:\/\/www.hoymercedes.com.ar\/principal\/2019\/05\/03\/selva-destaca-valores-de-la-libertad-de-prensa-en-defensa-de-la-democracia\/03-selva-2\/#main\" data-orig-file=\"https:\/\/www.hoymercedes.com.ar\/principal\/wp-content\/uploads\/2019\/05\/03-selva.png\" data-orig-size=\"750,420\" data-comments-opened=\"0\" data-image-meta=\"{&quot;aperture&quot;:&quot;0&quot;,&quot;credit&quot;:&quot;&quot;,&quot;camera&quot;:&quot;&quot;,&quot;caption&quot;:&quot;&quot;,&quot;created_timestamp&quot;:&quot;0&quot;,&quot;copyright&quot;:&quot;&quot;,&quot;focal_length&quot;:&quot;0&quot;,&quot;iso&quot;:&quot;0&quot;,&quot;shutter_speed&quot;:&quot;0&quot;,&quot;title&quot;:&quot;&quot;,&quot;orientation&quot;:&quot;0&quot;}\" data-image-title=\"03 selva\" data-image-description=\"\" data-image-caption=\"\" data-large-file=\"https:\/\/www.hoymercedes.com.ar\/principal\/wp-content\/uploads\/2019\/05\/03-selva.png\" src=\"https:\/\/www.hoymercedes.com.ar\/principal\/wp-content\/uploads\/2019\/05\/03-selva.png\" alt=\"\" class=\"wp-image-92307\" srcset=\"https:\/\/www.hoymercedes.com.ar\/principal\/wp-content\/uploads\/2019\/05\/03-selva.png 750w, https:\/\/www.hoymercedes.com.ar\/principal\/wp-content\/uploads\/2019\/05\/03-selva-150x84.png 150w, https:\/\/www.hoymercedes.com.ar\/principal\/wp-content\/uploads\/2019\/05\/03-selva-630x353.png 630w\" sizes=\"auto, (max-width: 750px) 100vw, 750px\" \/><\/figure>\n\n\n\n<p>En ese sentido el legislador destac\u00f3 \u201clos valores de la libertad de prensa, en defensa de la democracia\u201d: \u201cEsos son valores fundamentales\u201d, dijo el diputado que integra como vocal la Comisi\u00f3n de Libertad de Expresi\u00f3n de la Honorable C\u00e1mara de Diputados de la Naci\u00f3n.<\/p>\n\n\n\n<p>En 1993 la Asamblea General de las Naciones Unidas da iniciativa de los pa\u00edses miembros de la Unesco, proclama el 3 de mayo como D\u00eda Mundial de la Libertad de Prensa, con la idea de \u00abfomentar la libertad de prensa en el mundo al reconocer que una prensa libre, pluralista e independiente es un componente esencial de toda sociedad democr\u00e1tica\u00bb. La fecha recuerda la instauraci\u00f3n de la Declaraci\u00f3n de Windhoek sobre libertad de ejercicio del periodismo.<\/p>\n\n\n\n<p>Cada a\u00f1o la Unesco conmemora esta fecha, rindiendo tributo de esta manera a los numerosos periodistas alrededor del mundo que por decisi\u00f3n profesional ponen en peligro sus vidas en el esfuerzo de informar a sus sociedades y de promover el libre flujo de la informaci\u00f3n.<\/p>\n\n\n\n<p>La Unesco convoca cada 3 de mayo a todos los pa\u00edses miembros y a sus sociedades a reflexionar sobre la libertad de prensa y los diversos t\u00f3picos que ata\u00f1en a los temas del periodismo, la informaci\u00f3n y la comunicaci\u00f3n. <\/p>\n","protected":false},"excerpt":{"rendered":"<p>El diputado nacional Carlos Selva envi\u00f3 un saludo a los medios y sus trabajadores en el marco del D\u00eda Internacional &#8230; <a title=\"Selva destaca \u201cvalores\u201d de la libertad de prensa \u201cen defensa de la democracia\u201d\" class=\"read-more\" href=\"https:\/\/www.hoymercedes.com.ar\/principal\/2019\/05\/03\/selva-destaca-valores-de-la-libertad-de-prensa-en-defensa-de-la-democracia\/\" aria-label=\"Leer m\u00e1s sobre Selva destaca \u201cvalores\u201d de la libertad de prensa \u201cen defensa de la democracia\u201d\">Leer m\u00e1s<\/a><\/p>\n","protected":false},"author":1,"featured_media":92307,"comment_status":"closed","ping_status":"open","sticky":false,"template":"","format":"standard","meta":{"_monsterinsights_skip_tracking":false,"_monsterinsights_sitenote_active":false,"_monsterinsights_sitenote_note":"","_monsterinsights_sitenote_category":0,"jetpack_post_was_ever_published":false,"_jetpack_newsletter_access":"","_jetpack_dont_email_post_to_subs":false,"_jetpack_newsletter_tier_id":0,"_jetpack_memberships_contains_paywalled_content":false,"_jetpack_memberships_contains_paid_content":false,"footnotes":"","jetpack_publicize_message":"","jetpack_publicize_feature_enabled":true,"jetpack_social_post_already_shared":true,"jetpack_social_options":{"image_generator_settings":{"template":"highway","default_image_id":0,"font":"","enabled":false},"version":2},"_wpas_customize_per_network":false},"categories":[5210],"tags":[39,14997,10113],"class_list":["post-92306","post","type-post","status-publish","format-standard","has-post-thumbnail","hentry","category-politica-nacional","tag-carlos-selva","tag-libertad-de-prensa","tag-politica-nacional","generate-columns","tablet-grid-50","mobile-grid-100","grid-parent","grid-50"],"jetpack_publicize_connections":[],"jetpack_featured_media_url":"https:\/\/www.hoymercedes.com.ar\/principal\/wp-content\/uploads\/2019\/05\/03-selva.png","wps_subtitle":"","jetpack_sharing_enabled":true,"_links":{"self":[{"href":"https:\/\/www.hoymercedes.com.ar\/principal\/wp-json\/wp\/v2\/posts\/92306","targetHints":{"allow":["GET"]}}],"collection":[{"href":"https:\/\/www.hoymercedes.com.ar\/principal\/wp-json\/wp\/v2\/posts"}],"about":[{"href":"https:\/\/www.hoymercedes.com.ar\/principal\/wp-json\/wp\/v2\/types\/post"}],"author":[{"embeddable":true,"href":"https:\/\/www.hoymercedes.com.ar\/principal\/wp-json\/wp\/v2\/users\/1"}],"replies":[{"embeddable":true,"href":"https:\/\/www.hoymercedes.com.ar\/principal\/wp-json\/wp\/v2\/comments?post=92306"}],"version-history":[{"count":0,"href":"https:\/\/www.hoymercedes.com.ar\/principal\/wp-json\/wp\/v2\/posts\/92306\/revisions"}],"wp:featuredmedia":[{"embeddable":true,"href":"https:\/\/www.hoymercedes.com.ar\/principal\/wp-json\/wp\/v2\/media\/92307"}],"wp:attachment":[{"href":"https:\/\/www.hoymercedes.com.ar\/principal\/wp-json\/wp\/v2\/media?parent=92306"}],"wp:term":[{"taxonomy":"category","embeddable":true,"href":"https:\/\/www.hoymercedes.com.ar\/principal\/wp-json\/wp\/v2\/categories?post=92306"},{"taxonomy":"post_tag","embeddable":true,"href":"https:\/\/www.hoymercedes.com.ar\/principal\/wp-json\/wp\/v2\/tags?post=92306"}],"curies":[{"name":"wp","href":"https:\/\/api.w.org\/{rel}","templated":true}]}}