{"id":9231,"date":"2011-11-21T12:42:54","date_gmt":"2011-11-21T12:42:54","guid":{"rendered":"http:\/\/www.hoymercedes.com.ar\/principal\/?p=9231"},"modified":"2011-11-21T12:42:54","modified_gmt":"2011-11-21T12:42:54","slug":"20-de-noviembre-dia-mundial-del-recuerdo-de-las-victimas-de-transito","status":"publish","type":"post","link":"https:\/\/www.hoymercedes.com.ar\/principal\/2011\/11\/21\/20-de-noviembre-dia-mundial-del-recuerdo-de-las-victimas-de-transito\/","title":{"rendered":"20 de Noviembre: d\u00eda mundial del recuerdo de las v\u00edctimas de tr\u00e1nsito"},"content":{"rendered":"<p>El 20 de Noviembre se conmemora el D\u00cdA MUNDIAL EN RECUERDO DE LAS VICTIMAS POR HECHOS DE TR\u00c1NSITO, aprobado\u00a0el 31\/10\/2005 por la Asamblea General de las Naciones Unidas mediante una resoluci\u00f3n sobre Seguridad Vial en la que se invita alos Estados Miembros a reconocer el tercer domingo de noviembre de cada a\u00f1o como D\u00eda mundial en recuerdo de v\u00edctimas por\u00a0hechos de tr\u00e1nsito.<\/p>\n<p>TECPREMER Asociaci\u00f3n Civil difunde esta fecha pidiendo que este d\u00eda domingo 20, en alg\u00fan momento recordemos y realicemos un\u00a0homenaje a los familiares, vecinos, amigos que han perdido la vida, y tambi\u00e9n apoyando a las personas que han quedado lesionados\u00a0o con discapacidades f\u00edsicas permanentes, en un llamado de atenci\u00f3n, en una demostraci\u00f3n de afecto: prendamos velas blancas,\u00a0elevemos oraciones, visitemos familias, ser\u00e1 un acto de amor.<\/p>\n<p>Desde el a\u00f1o 1997 clamamos por la paz en nuestras rutas, es constante nuestro trabajo a favor de la prevenci\u00f3n y de la educaci\u00f3n\u00a0para la seguridad vial. Instalemos en nuestro calendario el tercer domingo del mes de noviembre de cada a\u00f1o mediante la\u00a0sensibilizaci\u00f3n y concientizaci\u00f3n, impidiendo que esta fecha pase desapercibida.<\/p>\n<p>En Buenos Aires el acto central se realizar\u00e1 en la Plaza de la Rep\u00fablica desde las 20 hs del s\u00e1bado 19 realizando los familiares de<\/p>\n<p>v\u00edctimas, una vigilia hasta las 0,30 hs del d\u00eda domingo, pertenencientes al Grupo 1 \u00abDerechos Humanos y Justicia\u00bb del Comit\u00e9<\/p>\n<p>Consultivo de la Agencia Nacional de Seguridad Vial.<\/p>\n","protected":false},"excerpt":{"rendered":"<p>El 20 de Noviembre se conmemora el D\u00cdA MUNDIAL EN RECUERDO DE LAS VICTIMAS POR HECHOS DE TR\u00c1NSITO, aprobado\u00a0el 31\/10\/2005 &#8230; <a title=\"20 de Noviembre: d\u00eda mundial del recuerdo de las v\u00edctimas de tr\u00e1nsito\" class=\"read-more\" href=\"https:\/\/www.hoymercedes.com.ar\/principal\/2011\/11\/21\/20-de-noviembre-dia-mundial-del-recuerdo-de-las-victimas-de-transito\/\" aria-label=\"Leer m\u00e1s sobre 20 de Noviembre: d\u00eda mundial del recuerdo de las v\u00edctimas de tr\u00e1nsito\">Leer m\u00e1s<\/a><\/p>\n","protected":false},"author":1,"featured_media":0,"comment_status":"open","ping_status":"open","sticky":false,"template":"","format":"standard","meta":{"_monsterinsights_skip_tracking":false,"_monsterinsights_sitenote_active":false,"_monsterinsights_sitenote_note":"","_monsterinsights_sitenote_category":0,"jetpack_post_was_ever_published":false,"_jetpack_newsletter_access":"","_jetpack_dont_email_post_to_subs":false,"_jetpack_newsletter_tier_id":0,"_jetpack_memberships_contains_paywalled_content":false,"_jetpack_memberships_contains_paid_content":false,"footnotes":"","jetpack_publicize_message":"","jetpack_publicize_feature_enabled":true,"jetpack_social_post_already_shared":false,"jetpack_social_options":{"image_generator_settings":{"template":"highway","default_image_id":0,"font":"","enabled":false},"version":2},"_wpas_customize_per_network":false},"categories":[8],"tags":[1601],"class_list":["post-9231","post","type-post","status-publish","format-standard","hentry","category-sociedad","tag-20-de-noviembre-dia-mundial-del-recuerdo-de-las-victimas-de-transito","generate-columns","tablet-grid-50","mobile-grid-100","grid-parent","grid-50"],"jetpack_publicize_connections":[],"jetpack_featured_media_url":"","wps_subtitle":"","jetpack_sharing_enabled":true,"_links":{"self":[{"href":"https:\/\/www.hoymercedes.com.ar\/principal\/wp-json\/wp\/v2\/posts\/9231","targetHints":{"allow":["GET"]}}],"collection":[{"href":"https:\/\/www.hoymercedes.com.ar\/principal\/wp-json\/wp\/v2\/posts"}],"about":[{"href":"https:\/\/www.hoymercedes.com.ar\/principal\/wp-json\/wp\/v2\/types\/post"}],"author":[{"embeddable":true,"href":"https:\/\/www.hoymercedes.com.ar\/principal\/wp-json\/wp\/v2\/users\/1"}],"replies":[{"embeddable":true,"href":"https:\/\/www.hoymercedes.com.ar\/principal\/wp-json\/wp\/v2\/comments?post=9231"}],"version-history":[{"count":0,"href":"https:\/\/www.hoymercedes.com.ar\/principal\/wp-json\/wp\/v2\/posts\/9231\/revisions"}],"wp:attachment":[{"href":"https:\/\/www.hoymercedes.com.ar\/principal\/wp-json\/wp\/v2\/media?parent=9231"}],"wp:term":[{"taxonomy":"category","embeddable":true,"href":"https:\/\/www.hoymercedes.com.ar\/principal\/wp-json\/wp\/v2\/categories?post=9231"},{"taxonomy":"post_tag","embeddable":true,"href":"https:\/\/www.hoymercedes.com.ar\/principal\/wp-json\/wp\/v2\/tags?post=9231"}],"curies":[{"name":"wp","href":"https:\/\/api.w.org\/{rel}","templated":true}]}}