{"id":92349,"date":"2019-05-04T11:39:42","date_gmt":"2019-05-04T14:39:42","guid":{"rendered":"http:\/\/www.hoymercedes.com.ar\/principal\/?p=92349"},"modified":"2019-05-04T12:10:12","modified_gmt":"2019-05-04T15:10:12","slug":"cincuenta-anos-para-el-jardin-n-904","status":"publish","type":"post","link":"https:\/\/www.hoymercedes.com.ar\/principal\/2019\/05\/04\/cincuenta-anos-para-el-jardin-n-904\/","title":{"rendered":"Cincuenta a\u00f1os para el Jard\u00edn N\u00b0 904"},"content":{"rendered":"\n<p>La comunidad educativa del Jard\u00edn de Infantes N\u00b0 904 festej\u00f3 los 50 a\u00f1os con una gran fiesta que compartieron ni\u00f1os, ni\u00f1as, sus docentes, padres y autoridades educativas y comunales. <\/p>\n\n\n\n<figure class=\"wp-block-image\"><img loading=\"lazy\" decoding=\"async\" width=\"750\" height=\"500\" data-attachment-id=\"92350\" data-permalink=\"https:\/\/www.hoymercedes.com.ar\/principal\/2019\/05\/04\/cincuenta-anos-para-el-jardin-n-904\/04-jardin9041\/#main\" data-orig-file=\"https:\/\/www.hoymercedes.com.ar\/principal\/wp-content\/uploads\/2019\/05\/04-Jardin9041.png\" data-orig-size=\"750,500\" data-comments-opened=\"0\" data-image-meta=\"{&quot;aperture&quot;:&quot;0&quot;,&quot;credit&quot;:&quot;&quot;,&quot;camera&quot;:&quot;&quot;,&quot;caption&quot;:&quot;&quot;,&quot;created_timestamp&quot;:&quot;0&quot;,&quot;copyright&quot;:&quot;&quot;,&quot;focal_length&quot;:&quot;0&quot;,&quot;iso&quot;:&quot;0&quot;,&quot;shutter_speed&quot;:&quot;0&quot;,&quot;title&quot;:&quot;&quot;,&quot;orientation&quot;:&quot;0&quot;}\" data-image-title=\"04 Jardin9041\" data-image-description=\"\" data-image-caption=\"\" data-large-file=\"https:\/\/www.hoymercedes.com.ar\/principal\/wp-content\/uploads\/2019\/05\/04-Jardin9041.png\" src=\"https:\/\/www.hoymercedes.com.ar\/principal\/wp-content\/uploads\/2019\/05\/04-Jardin9041.png\" alt=\"\" class=\"wp-image-92350\" srcset=\"https:\/\/www.hoymercedes.com.ar\/principal\/wp-content\/uploads\/2019\/05\/04-Jardin9041.png 750w, https:\/\/www.hoymercedes.com.ar\/principal\/wp-content\/uploads\/2019\/05\/04-Jardin9041-150x100.png 150w, https:\/\/www.hoymercedes.com.ar\/principal\/wp-content\/uploads\/2019\/05\/04-Jardin9041-630x420.png 630w, https:\/\/www.hoymercedes.com.ar\/principal\/wp-content\/uploads\/2019\/05\/04-Jardin9041-720x480.png 720w, https:\/\/www.hoymercedes.com.ar\/principal\/wp-content\/uploads\/2019\/05\/04-Jardin9041-360x240.png 360w\" sizes=\"auto, (max-width: 750px) 100vw, 750px\" \/><\/figure>\n\n\n\n<p>La directora de la instituci\u00f3n de nivel inicial, Marisa Ivaldi, agradeci\u00f3 el acompa\u00f1amiento de todas las familias y autoridades presentes y destac\u00f3 la \u201cpuertas abiertas\u201d de un \u201cjard\u00edn inclusivo\u201d que realiza un valioso aporte para \u201cconstruir ciudadanos\u201d. <\/p>\n\n\n\n<p>El acto de festejo cont\u00f3 con la presencia del Intendente Municipal Juan Ignacio Ustarroz, la Presidenta del Concejo Deliberante Sabrina Vi\u00f1ales, la Jefa Regional Mariana Sarmiento, el Jefe Distrital Cristi\u00e1n Ponce, adem\u00e1s de otras autoridades comunales y educativas del distrito y la regi\u00f3n.  <\/p>\n\n\n\n<figure class=\"wp-block-image\"><img loading=\"lazy\" decoding=\"async\" width=\"750\" height=\"500\" data-attachment-id=\"92351\" data-permalink=\"https:\/\/www.hoymercedes.com.ar\/principal\/2019\/05\/04\/cincuenta-anos-para-el-jardin-n-904\/04-jardin90412\/#main\" data-orig-file=\"https:\/\/www.hoymercedes.com.ar\/principal\/wp-content\/uploads\/2019\/05\/04-Jardin90412.png\" data-orig-size=\"750,500\" data-comments-opened=\"0\" data-image-meta=\"{&quot;aperture&quot;:&quot;0&quot;,&quot;credit&quot;:&quot;&quot;,&quot;camera&quot;:&quot;&quot;,&quot;caption&quot;:&quot;&quot;,&quot;created_timestamp&quot;:&quot;0&quot;,&quot;copyright&quot;:&quot;&quot;,&quot;focal_length&quot;:&quot;0&quot;,&quot;iso&quot;:&quot;0&quot;,&quot;shutter_speed&quot;:&quot;0&quot;,&quot;title&quot;:&quot;&quot;,&quot;orientation&quot;:&quot;0&quot;}\" data-image-title=\"04 Jardin90412\" data-image-description=\"\" data-image-caption=\"\" data-large-file=\"https:\/\/www.hoymercedes.com.ar\/principal\/wp-content\/uploads\/2019\/05\/04-Jardin90412.png\" src=\"https:\/\/www.hoymercedes.com.ar\/principal\/wp-content\/uploads\/2019\/05\/04-Jardin90412.png\" alt=\"\" class=\"wp-image-92351\" srcset=\"https:\/\/www.hoymercedes.com.ar\/principal\/wp-content\/uploads\/2019\/05\/04-Jardin90412.png 750w, https:\/\/www.hoymercedes.com.ar\/principal\/wp-content\/uploads\/2019\/05\/04-Jardin90412-150x100.png 150w, https:\/\/www.hoymercedes.com.ar\/principal\/wp-content\/uploads\/2019\/05\/04-Jardin90412-630x420.png 630w, https:\/\/www.hoymercedes.com.ar\/principal\/wp-content\/uploads\/2019\/05\/04-Jardin90412-720x480.png 720w, https:\/\/www.hoymercedes.com.ar\/principal\/wp-content\/uploads\/2019\/05\/04-Jardin90412-360x240.png 360w\" sizes=\"auto, (max-width: 750px) 100vw, 750px\" \/><\/figure>\n","protected":false},"excerpt":{"rendered":"<p>La comunidad educativa del Jard\u00edn de Infantes N\u00b0 904 festej\u00f3 los 50 a\u00f1os con una gran fiesta que compartieron ni\u00f1os, &#8230; <a title=\"Cincuenta a\u00f1os para el Jard\u00edn N\u00b0 904\" class=\"read-more\" href=\"https:\/\/www.hoymercedes.com.ar\/principal\/2019\/05\/04\/cincuenta-anos-para-el-jardin-n-904\/\" aria-label=\"Leer m\u00e1s sobre Cincuenta a\u00f1os para el Jard\u00edn N\u00b0 904\">Leer m\u00e1s<\/a><\/p>\n","protected":false},"author":1,"featured_media":92351,"comment_status":"closed","ping_status":"open","sticky":false,"template":"","format":"standard","meta":{"_monsterinsights_skip_tracking":false,"_monsterinsights_sitenote_active":false,"_monsterinsights_sitenote_note":"","_monsterinsights_sitenote_category":0,"jetpack_post_was_ever_published":false,"_jetpack_newsletter_access":"","_jetpack_dont_email_post_to_subs":false,"_jetpack_newsletter_tier_id":0,"_jetpack_memberships_contains_paywalled_content":false,"_jetpack_memberships_contains_paid_content":false,"footnotes":"","jetpack_publicize_message":"","jetpack_publicize_feature_enabled":true,"jetpack_social_post_already_shared":true,"jetpack_social_options":{"image_generator_settings":{"template":"highway","default_image_id":0,"font":"","enabled":false},"version":2},"_wpas_customize_per_network":false},"categories":[23],"tags":[8829,47,8922,15003,10821],"class_list":["post-92349","post","type-post","status-publish","format-standard","has-post-thumbnail","hentry","category-educacion","tag-aniversario","tag-educacion-2","tag-festejo","tag-jardin-de-infantes-904","tag-nivel-inicial","generate-columns","tablet-grid-50","mobile-grid-100","grid-parent","grid-50"],"jetpack_publicize_connections":[],"jetpack_featured_media_url":"https:\/\/www.hoymercedes.com.ar\/principal\/wp-content\/uploads\/2019\/05\/04-Jardin90412.png","wps_subtitle":"Educaci\u00f3n nivel inicial","jetpack_sharing_enabled":true,"_links":{"self":[{"href":"https:\/\/www.hoymercedes.com.ar\/principal\/wp-json\/wp\/v2\/posts\/92349","targetHints":{"allow":["GET"]}}],"collection":[{"href":"https:\/\/www.hoymercedes.com.ar\/principal\/wp-json\/wp\/v2\/posts"}],"about":[{"href":"https:\/\/www.hoymercedes.com.ar\/principal\/wp-json\/wp\/v2\/types\/post"}],"author":[{"embeddable":true,"href":"https:\/\/www.hoymercedes.com.ar\/principal\/wp-json\/wp\/v2\/users\/1"}],"replies":[{"embeddable":true,"href":"https:\/\/www.hoymercedes.com.ar\/principal\/wp-json\/wp\/v2\/comments?post=92349"}],"version-history":[{"count":0,"href":"https:\/\/www.hoymercedes.com.ar\/principal\/wp-json\/wp\/v2\/posts\/92349\/revisions"}],"wp:featuredmedia":[{"embeddable":true,"href":"https:\/\/www.hoymercedes.com.ar\/principal\/wp-json\/wp\/v2\/media\/92351"}],"wp:attachment":[{"href":"https:\/\/www.hoymercedes.com.ar\/principal\/wp-json\/wp\/v2\/media?parent=92349"}],"wp:term":[{"taxonomy":"category","embeddable":true,"href":"https:\/\/www.hoymercedes.com.ar\/principal\/wp-json\/wp\/v2\/categories?post=92349"},{"taxonomy":"post_tag","embeddable":true,"href":"https:\/\/www.hoymercedes.com.ar\/principal\/wp-json\/wp\/v2\/tags?post=92349"}],"curies":[{"name":"wp","href":"https:\/\/api.w.org\/{rel}","templated":true}]}}