{"id":92355,"date":"2019-05-04T12:30:39","date_gmt":"2019-05-04T15:30:39","guid":{"rendered":"http:\/\/www.hoymercedes.com.ar\/principal\/?p=92355"},"modified":"2019-05-04T12:39:31","modified_gmt":"2019-05-04T15:39:31","slug":"continua-plan-de-bacheo-y-arreglos-en-canerias","status":"publish","type":"post","link":"https:\/\/www.hoymercedes.com.ar\/principal\/2019\/05\/04\/continua-plan-de-bacheo-y-arreglos-en-canerias\/","title":{"rendered":"Contin\u00faa plan de bacheo y arreglos en ca\u00f1er\u00edas"},"content":{"rendered":"\n<p>El plan de bacheo integral desarrollado en gran parte de la ciudad contin\u00faa adelante&nbsp;&nbsp;solucionando los diferentes inconvenientes que se suscitan en la cinta asf\u00e1ltica de Mercedes. Son varios los puntos de la ciudad donde se ven las obras y se recomienda circular con precauci\u00f3n.<\/p>\n\n\n\n<figure class=\"wp-block-image\"><img loading=\"lazy\" decoding=\"async\" width=\"750\" height=\"500\" data-attachment-id=\"92356\" data-permalink=\"https:\/\/www.hoymercedes.com.ar\/principal\/2019\/05\/04\/continua-plan-de-bacheo-y-arreglos-en-canerias\/04-muni-bacheo\/#main\" data-orig-file=\"https:\/\/www.hoymercedes.com.ar\/principal\/wp-content\/uploads\/2019\/05\/04-muni-bacheo.jpeg\" data-orig-size=\"750,500\" data-comments-opened=\"0\" data-image-meta=\"{&quot;aperture&quot;:&quot;0&quot;,&quot;credit&quot;:&quot;&quot;,&quot;camera&quot;:&quot;&quot;,&quot;caption&quot;:&quot;&quot;,&quot;created_timestamp&quot;:&quot;0&quot;,&quot;copyright&quot;:&quot;&quot;,&quot;focal_length&quot;:&quot;0&quot;,&quot;iso&quot;:&quot;0&quot;,&quot;shutter_speed&quot;:&quot;0&quot;,&quot;title&quot;:&quot;&quot;,&quot;orientation&quot;:&quot;0&quot;}\" data-image-title=\"04 muni bacheo\" data-image-description=\"\" data-image-caption=\"\" data-large-file=\"https:\/\/www.hoymercedes.com.ar\/principal\/wp-content\/uploads\/2019\/05\/04-muni-bacheo.jpeg\" src=\"https:\/\/www.hoymercedes.com.ar\/principal\/wp-content\/uploads\/2019\/05\/04-muni-bacheo.jpeg\" alt=\"\" class=\"wp-image-92356\" srcset=\"https:\/\/www.hoymercedes.com.ar\/principal\/wp-content\/uploads\/2019\/05\/04-muni-bacheo.jpeg 750w, https:\/\/www.hoymercedes.com.ar\/principal\/wp-content\/uploads\/2019\/05\/04-muni-bacheo-150x100.jpeg 150w, https:\/\/www.hoymercedes.com.ar\/principal\/wp-content\/uploads\/2019\/05\/04-muni-bacheo-630x420.jpeg 630w, https:\/\/www.hoymercedes.com.ar\/principal\/wp-content\/uploads\/2019\/05\/04-muni-bacheo-720x480.jpeg 720w, https:\/\/www.hoymercedes.com.ar\/principal\/wp-content\/uploads\/2019\/05\/04-muni-bacheo-360x240.jpeg 360w\" sizes=\"auto, (max-width: 750px) 100vw, 750px\" \/><\/figure>\n\n\n\n<p>En uno de los espacios donde se trabaja, en calle 15 entre 52 y 54,\u00a0\u00a0el jefe de gabinete, Mat\u00edas Dematei, sostuvo que \u201cesta es una zona que est\u00e1 hecha en carpeta asf\u00e1ltica, y en una decisi\u00f3n en conjunto con el intendente, lo estamos haciendo completamente en hormig\u00f3n, ya que tiene una durabilidad mucho m\u00e1s importante\u201d y agreg\u00f3 \u201cel objetivo es que las mismas perduren para el uso de todos los mercedinos\u201d.\u00a0<\/p>\n\n\n\n<p>Mientras se llevaban adelante los trabajos de bacheo, se detect\u00f3 un problema con un ca\u00f1o de agua, por ello, de manera inmediata comenzaron las obras para solucionar el mismo \u201clos vecinos nos contaban que era un problema que databa de hac\u00eda alg\u00fan tiempo\u201d cont\u00f3 Dematei e inform\u00f3 \u201cdebimos hacer una excavaci\u00f3n muy grande, que llevar\u00e1 un tiempo su total asentamiento, hasta poder realizar el bacheo correspondiente en este lugar\u201d.<\/p>\n\n\n\n<p><strong>Integral<\/strong><\/p>\n\n\n\n<p>Asimismo, el jefe de gabinete, Mat\u00edas Dematei expres\u00f3 \u201ceste es un trabajo que venimos realizando en manera conjunta entre todas las \u00e1reas del municipio, servicios p\u00fablicos, seguridad vial, etc\u201d y subray\u00f3 \u201chemos colocado reductores de velocidad, se\u00f1al\u00e9tica, iluminaci\u00f3n led, que no s\u00f3lo embellece las calles, sino que adem\u00e1s, significa menor costo para la comuna\u201d destac\u00f3 el Jefe de Gabinete.&nbsp;&nbsp;&nbsp;&nbsp;&nbsp;&nbsp;&nbsp;<\/p>\n\n\n\n<p>\u201cHoy nos encontramos en este lugar, pero este plan de bacheo se est\u00e1 ejecutando en toda la ciudad, mismo que es muy importante y din\u00e1mico\u201d se\u00f1al\u00f3 Mat\u00edas Dematei y subray\u00f3 \u201chaber saneado la econom\u00eda le permite hoy al Municipio de Mercedes encarar much\u00edsimas obras con fondos propios, y eso es important\u00edsimo\u201d.&nbsp;<\/p>\n\n\n\n<p>En calle 17 entre 30 y 32 tambi\u00e9n se intervino frente a la parada de colectivo, haciendo de concreto mejoras para que sea duradero. En barrio Santa Teresita, Villa del Parque, La Amistad, Lapenta y Jos\u00e9 Hern\u00e1ndez son parte de las intervenciones desde la Secretar\u00eda de Obras.\u00a0\u00a0<\/p>\n\n\n\n<p>Fuente: Prensa Municipal<\/p>\n","protected":false},"excerpt":{"rendered":"<p>El plan de bacheo integral desarrollado en gran parte de la ciudad contin\u00faa adelante&nbsp;&nbsp;solucionando los diferentes inconvenientes que se suscitan &#8230; <a title=\"Contin\u00faa plan de bacheo y arreglos en ca\u00f1er\u00edas\" class=\"read-more\" href=\"https:\/\/www.hoymercedes.com.ar\/principal\/2019\/05\/04\/continua-plan-de-bacheo-y-arreglos-en-canerias\/\" aria-label=\"Leer m\u00e1s sobre Contin\u00faa plan de bacheo y arreglos en ca\u00f1er\u00edas\">Leer m\u00e1s<\/a><\/p>\n","protected":false},"author":1,"featured_media":92356,"comment_status":"closed","ping_status":"open","sticky":false,"template":"","format":"standard","meta":{"_monsterinsights_skip_tracking":false,"_monsterinsights_sitenote_active":false,"_monsterinsights_sitenote_note":"","_monsterinsights_sitenote_category":0,"jetpack_post_was_ever_published":false,"_jetpack_newsletter_access":"","_jetpack_dont_email_post_to_subs":false,"_jetpack_newsletter_tier_id":0,"_jetpack_memberships_contains_paywalled_content":false,"_jetpack_memberships_contains_paid_content":false,"footnotes":"","jetpack_publicize_message":"","jetpack_publicize_feature_enabled":true,"jetpack_social_post_already_shared":true,"jetpack_social_options":{"image_generator_settings":{"template":"highway","default_image_id":0,"font":"","enabled":false},"version":2},"_wpas_customize_per_network":false},"categories":[30],"tags":[244,5947,15004,8628],"class_list":["post-92355","post","type-post","status-publish","format-standard","has-post-thumbnail","hentry","category-municipio","tag-municipio-2","tag-obras-publicas","tag-plan-de-bacheo","tag-servicios-publicos","generate-columns","tablet-grid-50","mobile-grid-100","grid-parent","grid-50"],"jetpack_publicize_connections":[],"jetpack_featured_media_url":"https:\/\/www.hoymercedes.com.ar\/principal\/wp-content\/uploads\/2019\/05\/04-muni-bacheo.jpeg","wps_subtitle":"Obras p\u00fablicas","jetpack_sharing_enabled":true,"_links":{"self":[{"href":"https:\/\/www.hoymercedes.com.ar\/principal\/wp-json\/wp\/v2\/posts\/92355","targetHints":{"allow":["GET"]}}],"collection":[{"href":"https:\/\/www.hoymercedes.com.ar\/principal\/wp-json\/wp\/v2\/posts"}],"about":[{"href":"https:\/\/www.hoymercedes.com.ar\/principal\/wp-json\/wp\/v2\/types\/post"}],"author":[{"embeddable":true,"href":"https:\/\/www.hoymercedes.com.ar\/principal\/wp-json\/wp\/v2\/users\/1"}],"replies":[{"embeddable":true,"href":"https:\/\/www.hoymercedes.com.ar\/principal\/wp-json\/wp\/v2\/comments?post=92355"}],"version-history":[{"count":0,"href":"https:\/\/www.hoymercedes.com.ar\/principal\/wp-json\/wp\/v2\/posts\/92355\/revisions"}],"wp:featuredmedia":[{"embeddable":true,"href":"https:\/\/www.hoymercedes.com.ar\/principal\/wp-json\/wp\/v2\/media\/92356"}],"wp:attachment":[{"href":"https:\/\/www.hoymercedes.com.ar\/principal\/wp-json\/wp\/v2\/media?parent=92355"}],"wp:term":[{"taxonomy":"category","embeddable":true,"href":"https:\/\/www.hoymercedes.com.ar\/principal\/wp-json\/wp\/v2\/categories?post=92355"},{"taxonomy":"post_tag","embeddable":true,"href":"https:\/\/www.hoymercedes.com.ar\/principal\/wp-json\/wp\/v2\/tags?post=92355"}],"curies":[{"name":"wp","href":"https:\/\/api.w.org\/{rel}","templated":true}]}}