{"id":92367,"date":"2019-05-04T14:30:12","date_gmt":"2019-05-04T17:30:12","guid":{"rendered":"http:\/\/www.hoymercedes.com.ar\/principal\/?p=92367"},"modified":"2019-05-04T14:27:36","modified_gmt":"2019-05-04T17:27:36","slug":"el-concejo-inicio-ciclo-de-charlas-en-las-escuelas","status":"publish","type":"post","link":"https:\/\/www.hoymercedes.com.ar\/principal\/2019\/05\/04\/el-concejo-inicio-ciclo-de-charlas-en-las-escuelas\/","title":{"rendered":"El Concejo Deliberante inici\u00f3 ciclo de charlas en las escuelas"},"content":{"rendered":"\n<p>Orientadas a los estudiantes de los \u00faltimos a\u00f1os del nivel secundarios, los concejales de la ciudad de Mercedes comenzaron con su ciclo de charlas por las escuelas de la ciudad propuestas en el programa \u201cEl Concejo Deliberante en tu escuela\u201d. <\/p>\n\n\n\n<figure class=\"wp-block-image\"><img loading=\"lazy\" decoding=\"async\" width=\"750\" height=\"500\" data-attachment-id=\"92365\" data-permalink=\"https:\/\/www.hoymercedes.com.ar\/principal\/2019\/05\/04\/la-agrupacion-naranja-de-ata-mercedes-en-la-marcha-del-30-de-abril\/04-hcd-escuelas-3\/#main\" data-orig-file=\"https:\/\/www.hoymercedes.com.ar\/principal\/wp-content\/uploads\/2019\/05\/04-HCD-Escuelas-3.jpg\" data-orig-size=\"750,500\" data-comments-opened=\"0\" data-image-meta=\"{&quot;aperture&quot;:&quot;0&quot;,&quot;credit&quot;:&quot;&quot;,&quot;camera&quot;:&quot;&quot;,&quot;caption&quot;:&quot;&quot;,&quot;created_timestamp&quot;:&quot;0&quot;,&quot;copyright&quot;:&quot;&quot;,&quot;focal_length&quot;:&quot;0&quot;,&quot;iso&quot;:&quot;0&quot;,&quot;shutter_speed&quot;:&quot;0&quot;,&quot;title&quot;:&quot;&quot;,&quot;orientation&quot;:&quot;0&quot;}\" data-image-title=\"04 HCD Escuelas 3\" data-image-description=\"\" data-image-caption=\"\" data-large-file=\"https:\/\/www.hoymercedes.com.ar\/principal\/wp-content\/uploads\/2019\/05\/04-HCD-Escuelas-3.jpg\" src=\"https:\/\/www.hoymercedes.com.ar\/principal\/wp-content\/uploads\/2019\/05\/04-HCD-Escuelas-3.jpg\" alt=\"\" class=\"wp-image-92365\" srcset=\"https:\/\/www.hoymercedes.com.ar\/principal\/wp-content\/uploads\/2019\/05\/04-HCD-Escuelas-3.jpg 750w, https:\/\/www.hoymercedes.com.ar\/principal\/wp-content\/uploads\/2019\/05\/04-HCD-Escuelas-3-150x100.jpg 150w, https:\/\/www.hoymercedes.com.ar\/principal\/wp-content\/uploads\/2019\/05\/04-HCD-Escuelas-3-630x420.jpg 630w, https:\/\/www.hoymercedes.com.ar\/principal\/wp-content\/uploads\/2019\/05\/04-HCD-Escuelas-3-720x480.jpg 720w, https:\/\/www.hoymercedes.com.ar\/principal\/wp-content\/uploads\/2019\/05\/04-HCD-Escuelas-3-360x240.jpg 360w\" sizes=\"auto, (max-width: 750px) 100vw, 750px\" \/><\/figure>\n\n\n\n<p>El d\u00eda viernes, los cuatro concejales Sabrina Vi\u00f1ales, Santiago Altube, Evangelina Cabral y Jos\u00e9 Mar\u00eda \u201cSes\u00f3n\u201d Comesa\u00f1a, se hicieron presentes en la Escuela T\u00e9cnica N\u00b0 2 de la localidad de Gowland para conversar con los alumnos, contar c\u00f3mo trabaja el cuerpo legislativo y escuchar las problem\u00e1ticas de la instituci\u00f3n y su zona de influencia. <\/p>\n\n\n\n<p>\u201cEl objetivo\nde este Programa es que los estudiantes puedan conocer y participar del HCD,\nincluyendo la posibilidad de ejercer la banca participativa,&nbsp; exponiendo&nbsp;\nabiertamente sus proyectos e iniciativas y manteni\u00e9ndose informados de\nla labor de nuestro departamento legislativo\u201d, explic\u00f3 la titular del Concejo\nDeliberante, Sabrina Vi\u00f1ales. &nbsp;&nbsp;<\/p>\n\n\n\n<figure class=\"wp-block-image\"><img loading=\"lazy\" decoding=\"async\" width=\"750\" height=\"500\" data-attachment-id=\"92364\" data-permalink=\"https:\/\/www.hoymercedes.com.ar\/principal\/2019\/05\/04\/la-agrupacion-naranja-de-ata-mercedes-en-la-marcha-del-30-de-abril\/04-hcd-escuelas-2\/#main\" data-orig-file=\"https:\/\/www.hoymercedes.com.ar\/principal\/wp-content\/uploads\/2019\/05\/04-HCD-Escuelas-2.jpg\" data-orig-size=\"750,500\" data-comments-opened=\"0\" data-image-meta=\"{&quot;aperture&quot;:&quot;0&quot;,&quot;credit&quot;:&quot;&quot;,&quot;camera&quot;:&quot;&quot;,&quot;caption&quot;:&quot;&quot;,&quot;created_timestamp&quot;:&quot;0&quot;,&quot;copyright&quot;:&quot;&quot;,&quot;focal_length&quot;:&quot;0&quot;,&quot;iso&quot;:&quot;0&quot;,&quot;shutter_speed&quot;:&quot;0&quot;,&quot;title&quot;:&quot;&quot;,&quot;orientation&quot;:&quot;0&quot;}\" data-image-title=\"04 HCD Escuelas 2\" data-image-description=\"\" data-image-caption=\"\" data-large-file=\"https:\/\/www.hoymercedes.com.ar\/principal\/wp-content\/uploads\/2019\/05\/04-HCD-Escuelas-2.jpg\" src=\"https:\/\/www.hoymercedes.com.ar\/principal\/wp-content\/uploads\/2019\/05\/04-HCD-Escuelas-2.jpg\" alt=\"\" class=\"wp-image-92364\" srcset=\"https:\/\/www.hoymercedes.com.ar\/principal\/wp-content\/uploads\/2019\/05\/04-HCD-Escuelas-2.jpg 750w, https:\/\/www.hoymercedes.com.ar\/principal\/wp-content\/uploads\/2019\/05\/04-HCD-Escuelas-2-150x100.jpg 150w, https:\/\/www.hoymercedes.com.ar\/principal\/wp-content\/uploads\/2019\/05\/04-HCD-Escuelas-2-630x420.jpg 630w, https:\/\/www.hoymercedes.com.ar\/principal\/wp-content\/uploads\/2019\/05\/04-HCD-Escuelas-2-720x480.jpg 720w, https:\/\/www.hoymercedes.com.ar\/principal\/wp-content\/uploads\/2019\/05\/04-HCD-Escuelas-2-360x240.jpg 360w\" sizes=\"auto, (max-width: 750px) 100vw, 750px\" \/><\/figure>\n\n\n\n<p>\u201cConsidero\nsumamente importante este acercamiento institucional del HCD a los\nestablecimientos educativos de nuestro distrito. La participaci\u00f3n de todos los\nbloques legislativos garantiza el equilibrio y el indispensable pluralismo que\ndebe regir el programa para que realmente rinda los frutos que deseamos, que no\nson otros que facilitarle a la juventud un canal no s\u00f3lo de informaci\u00f3n sino\nespecialmente de participaci\u00f3n y expresi\u00f3n de sus inquietudes\u201d, agreg\u00f3 y\nagradeci\u00f3 al Inspector Jefe Distrital Cristi\u00e1n Ponce por su colaboraci\u00f3n\nhaciendo extensiva para propuesta a todas las escuelas de nivel secundaria.<\/p>\n\n\n\n<p>\u201cAgradezco\na los directivos y profesores de la T\u00e9cnica N\u00b0 2 su aceptaci\u00f3n para ser parte\ndel programa y darnos el espacio para realizar esta actividad y a los alumnos\nque participaron por el inter\u00e9s demostrado a partir de sus preguntas y\ncomentarios\u201d, resalt\u00f3 Vi\u00f1ales que adelant\u00f3 que la pr\u00f3xima semana tienen\nproyectado asistir a otras escuelas, como la Secundaria N\u00b0 8 que debi\u00f3\nreprogramarse.<\/p>\n","protected":false},"excerpt":{"rendered":"<p>Orientadas a los estudiantes de los \u00faltimos a\u00f1os del nivel secundarios, los concejales de la ciudad de Mercedes comenzaron con &#8230; <a title=\"El Concejo Deliberante inici\u00f3 ciclo de charlas en las escuelas\" class=\"read-more\" href=\"https:\/\/www.hoymercedes.com.ar\/principal\/2019\/05\/04\/el-concejo-inicio-ciclo-de-charlas-en-las-escuelas\/\" aria-label=\"Leer m\u00e1s sobre El Concejo Deliberante inici\u00f3 ciclo de charlas en las escuelas\">Leer m\u00e1s<\/a><\/p>\n","protected":false},"author":1,"featured_media":92363,"comment_status":"closed","ping_status":"open","sticky":false,"template":"","format":"standard","meta":{"_monsterinsights_skip_tracking":false,"_monsterinsights_sitenote_active":false,"_monsterinsights_sitenote_note":"","_monsterinsights_sitenote_category":0,"jetpack_post_was_ever_published":false,"_jetpack_newsletter_access":"","_jetpack_dont_email_post_to_subs":false,"_jetpack_newsletter_tier_id":0,"_jetpack_memberships_contains_paywalled_content":false,"_jetpack_memberships_contains_paid_content":false,"footnotes":"","jetpack_publicize_message":"","jetpack_publicize_feature_enabled":true,"jetpack_social_post_already_shared":true,"jetpack_social_options":{"image_generator_settings":{"template":"highway","default_image_id":0,"font":"","enabled":false},"version":2},"_wpas_customize_per_network":false},"categories":[11],"tags":[236,47,9561],"class_list":["post-92367","post","type-post","status-publish","format-standard","has-post-thumbnail","hentry","category-ciudad","tag-concejo-deliberante","tag-educacion-2","tag-escuelas-secundarias","generate-columns","tablet-grid-50","mobile-grid-100","grid-parent","grid-50"],"jetpack_publicize_connections":[],"jetpack_featured_media_url":"https:\/\/www.hoymercedes.com.ar\/principal\/wp-content\/uploads\/2019\/05\/04-HCD-Escuelas-1.jpg","wps_subtitle":"El viernes \u00faltimo","jetpack_sharing_enabled":true,"_links":{"self":[{"href":"https:\/\/www.hoymercedes.com.ar\/principal\/wp-json\/wp\/v2\/posts\/92367","targetHints":{"allow":["GET"]}}],"collection":[{"href":"https:\/\/www.hoymercedes.com.ar\/principal\/wp-json\/wp\/v2\/posts"}],"about":[{"href":"https:\/\/www.hoymercedes.com.ar\/principal\/wp-json\/wp\/v2\/types\/post"}],"author":[{"embeddable":true,"href":"https:\/\/www.hoymercedes.com.ar\/principal\/wp-json\/wp\/v2\/users\/1"}],"replies":[{"embeddable":true,"href":"https:\/\/www.hoymercedes.com.ar\/principal\/wp-json\/wp\/v2\/comments?post=92367"}],"version-history":[{"count":0,"href":"https:\/\/www.hoymercedes.com.ar\/principal\/wp-json\/wp\/v2\/posts\/92367\/revisions"}],"wp:featuredmedia":[{"embeddable":true,"href":"https:\/\/www.hoymercedes.com.ar\/principal\/wp-json\/wp\/v2\/media\/92363"}],"wp:attachment":[{"href":"https:\/\/www.hoymercedes.com.ar\/principal\/wp-json\/wp\/v2\/media?parent=92367"}],"wp:term":[{"taxonomy":"category","embeddable":true,"href":"https:\/\/www.hoymercedes.com.ar\/principal\/wp-json\/wp\/v2\/categories?post=92367"},{"taxonomy":"post_tag","embeddable":true,"href":"https:\/\/www.hoymercedes.com.ar\/principal\/wp-json\/wp\/v2\/tags?post=92367"}],"curies":[{"name":"wp","href":"https:\/\/api.w.org\/{rel}","templated":true}]}}