{"id":92371,"date":"2019-05-04T18:54:08","date_gmt":"2019-05-04T21:54:08","guid":{"rendered":"http:\/\/www.hoymercedes.com.ar\/principal\/?p=92371"},"modified":"2019-05-04T18:59:03","modified_gmt":"2019-05-04T21:59:03","slug":"teatro-en-el-mamm-estrenan-chinchon","status":"publish","type":"post","link":"https:\/\/www.hoymercedes.com.ar\/principal\/2019\/05\/04\/teatro-en-el-mamm-estrenan-chinchon\/","title":{"rendered":"Teatro en el MAMM: Estrenan \u00abChinch\u00f3n\u00bb"},"content":{"rendered":"\n<p>El Museo de Arte \u00abMunicipalidad de Mercedes\u00bb ser\u00e1 el pr\u00f3ximo lunes 6 de mayo el escenario para un estreno teatral. La obra titulada \u00abChinch\u00f3n\u00bb est\u00e1 escrita por Walter \u00abChori\u00bb Perruolo y dirigida por Fabi\u00e1n Morales. A partir de la hora 20, el elenco integrado por el taller de teatro que lleva adelante la Organizaci\u00f3n \u00abEl Negro Olmedo\u00bb en el marco de los talleres culturales del Municipio, estrenar\u00e1 en el MAMM. <\/p>\n\n\n\n<figure class=\"wp-block-image\"><img loading=\"lazy\" decoding=\"async\" width=\"750\" height=\"456\" data-attachment-id=\"92373\" data-permalink=\"https:\/\/www.hoymercedes.com.ar\/principal\/2019\/05\/04\/teatro-en-el-mamm-estrenan-chinchon\/04-chinchon-teatro-mamm\/#main\" data-orig-file=\"https:\/\/www.hoymercedes.com.ar\/principal\/wp-content\/uploads\/2019\/05\/04-chinchon-teatro-mamm.jpg\" data-orig-size=\"750,456\" data-comments-opened=\"0\" data-image-meta=\"{&quot;aperture&quot;:&quot;0&quot;,&quot;credit&quot;:&quot;&quot;,&quot;camera&quot;:&quot;&quot;,&quot;caption&quot;:&quot;&quot;,&quot;created_timestamp&quot;:&quot;0&quot;,&quot;copyright&quot;:&quot;&quot;,&quot;focal_length&quot;:&quot;0&quot;,&quot;iso&quot;:&quot;0&quot;,&quot;shutter_speed&quot;:&quot;0&quot;,&quot;title&quot;:&quot;&quot;,&quot;orientation&quot;:&quot;0&quot;}\" data-image-title=\"04 chinchon teatro mamm\" data-image-description=\"\" data-image-caption=\"\" data-large-file=\"https:\/\/www.hoymercedes.com.ar\/principal\/wp-content\/uploads\/2019\/05\/04-chinchon-teatro-mamm.jpg\" src=\"https:\/\/www.hoymercedes.com.ar\/principal\/wp-content\/uploads\/2019\/05\/04-chinchon-teatro-mamm.jpg\" alt=\"\" class=\"wp-image-92373\" srcset=\"https:\/\/www.hoymercedes.com.ar\/principal\/wp-content\/uploads\/2019\/05\/04-chinchon-teatro-mamm.jpg 750w, https:\/\/www.hoymercedes.com.ar\/principal\/wp-content\/uploads\/2019\/05\/04-chinchon-teatro-mamm-150x91.jpg 150w, https:\/\/www.hoymercedes.com.ar\/principal\/wp-content\/uploads\/2019\/05\/04-chinchon-teatro-mamm-630x383.jpg 630w\" sizes=\"auto, (max-width: 750px) 100vw, 750px\" \/><\/figure>\n\n\n\n<p>\u00abChinch\u00f3n\u00bb es una obra de teatro en la que dos amigas intentan que una amiga en com\u00fan, que sufre por una situaci\u00f3n particular y que ella considera grave, ponga en perspectiva su drama, que ellas no consideran tan grave. Chinch\u00f3n habla de la dificultad de ponerse en el lugar del otro y la tendencia a minimizar el drama y el sufrimiento ajeno invirtiendo la situaci\u00f3n y colocando al otro en los zapatos de uno. <\/p>\n\n\n\n<p>En escena actuar\u00e1n Irma Lastrico, Julia Ramos y Juliana Darduin bajo la direcci\u00f3n de Morales, el asesoramiento de Marisa Ivaldi y la asistencia de  <br>Nora Alvarado y Mart\u00edn Bergesio<\/p>\n\n\n\n<p>El estreno de la obra ser\u00e1 el 6 de mayo, 20 horas, en el Museo de Arte \u00abMunicipalidad de Mercedes\u00bb en calle 23 entre 16 y 18. <\/p>\n\n\n\n<p> <br><\/p>\n","protected":false},"excerpt":{"rendered":"<p>El Museo de Arte \u00abMunicipalidad de Mercedes\u00bb ser\u00e1 el pr\u00f3ximo lunes 6 de mayo el escenario para un estreno teatral. &#8230; <a title=\"Teatro en el MAMM: Estrenan \u00abChinch\u00f3n\u00bb\" class=\"read-more\" href=\"https:\/\/www.hoymercedes.com.ar\/principal\/2019\/05\/04\/teatro-en-el-mamm-estrenan-chinchon\/\" aria-label=\"Leer m\u00e1s sobre Teatro en el MAMM: Estrenan \u00abChinch\u00f3n\u00bb\">Leer m\u00e1s<\/a><\/p>\n","protected":false},"author":1,"featured_media":92373,"comment_status":"closed","ping_status":"open","sticky":false,"template":"","format":"standard","meta":{"_monsterinsights_skip_tracking":false,"_monsterinsights_sitenote_active":false,"_monsterinsights_sitenote_note":"","_monsterinsights_sitenote_category":0,"jetpack_post_was_ever_published":false,"_jetpack_newsletter_access":"","_jetpack_dont_email_post_to_subs":false,"_jetpack_newsletter_tier_id":0,"_jetpack_memberships_contains_paywalled_content":false,"_jetpack_memberships_contains_paid_content":false,"footnotes":"","jetpack_publicize_message":"","jetpack_publicize_feature_enabled":true,"jetpack_social_post_already_shared":true,"jetpack_social_options":{"image_generator_settings":{"template":"highway","default_image_id":0,"font":"","enabled":false},"version":2},"_wpas_customize_per_network":false},"categories":[104],"tags":[7805,8643,8674,1180],"class_list":["post-92371","post","type-post","status-publish","format-standard","has-post-thumbnail","hentry","category-cultura","tag-cultura","tag-estreno","tag-mamm","tag-teatro","generate-columns","tablet-grid-50","mobile-grid-100","grid-parent","grid-50"],"jetpack_publicize_connections":[],"jetpack_featured_media_url":"https:\/\/www.hoymercedes.com.ar\/principal\/wp-content\/uploads\/2019\/05\/04-chinchon-teatro-mamm.jpg","wps_subtitle":"El lunes por la noche","jetpack_sharing_enabled":true,"_links":{"self":[{"href":"https:\/\/www.hoymercedes.com.ar\/principal\/wp-json\/wp\/v2\/posts\/92371","targetHints":{"allow":["GET"]}}],"collection":[{"href":"https:\/\/www.hoymercedes.com.ar\/principal\/wp-json\/wp\/v2\/posts"}],"about":[{"href":"https:\/\/www.hoymercedes.com.ar\/principal\/wp-json\/wp\/v2\/types\/post"}],"author":[{"embeddable":true,"href":"https:\/\/www.hoymercedes.com.ar\/principal\/wp-json\/wp\/v2\/users\/1"}],"replies":[{"embeddable":true,"href":"https:\/\/www.hoymercedes.com.ar\/principal\/wp-json\/wp\/v2\/comments?post=92371"}],"version-history":[{"count":0,"href":"https:\/\/www.hoymercedes.com.ar\/principal\/wp-json\/wp\/v2\/posts\/92371\/revisions"}],"wp:featuredmedia":[{"embeddable":true,"href":"https:\/\/www.hoymercedes.com.ar\/principal\/wp-json\/wp\/v2\/media\/92373"}],"wp:attachment":[{"href":"https:\/\/www.hoymercedes.com.ar\/principal\/wp-json\/wp\/v2\/media?parent=92371"}],"wp:term":[{"taxonomy":"category","embeddable":true,"href":"https:\/\/www.hoymercedes.com.ar\/principal\/wp-json\/wp\/v2\/categories?post=92371"},{"taxonomy":"post_tag","embeddable":true,"href":"https:\/\/www.hoymercedes.com.ar\/principal\/wp-json\/wp\/v2\/tags?post=92371"}],"curies":[{"name":"wp","href":"https:\/\/api.w.org\/{rel}","templated":true}]}}