{"id":9239,"date":"2011-11-21T12:59:52","date_gmt":"2011-11-21T12:59:52","guid":{"rendered":"http:\/\/www.hoymercedes.com.ar\/principal\/?p=9239"},"modified":"2011-11-21T12:59:52","modified_gmt":"2011-11-21T12:59:52","slug":"entregaron-por-el-dia-del-militante-medallas-recordatorias-a-tres-reconocidos-vecinos","status":"publish","type":"post","link":"https:\/\/www.hoymercedes.com.ar\/principal\/2011\/11\/21\/entregaron-por-el-dia-del-militante-medallas-recordatorias-a-tres-reconocidos-vecinos\/","title":{"rendered":"Entregaron por el D\u00eda del Militante medallas recordatorias a tres reconocidos vecinos"},"content":{"rendered":"<p>En la sede de la Agrupaci\u00f3n Justicialista Unidad y Lealtad se concret\u00f3 anoche un acto de reconocimiento a tres vecinos, dos de ellos ya fallecidos por sus actividades dentro del justicialismo de nuestra ciudad a lo largo de sus vidas.<\/p>\n<p>El titular de la Agrupaci\u00f3n, Juan Carlos Ben\u00edtez sostuvo \u201cesto es algo que lo venimos realizando desde hace muchos a\u00f1os reconociendo la trayectoria como militantes del peronismo a personas que nuestra ciudad que hayan cumplido una significativa cantidad de a\u00f1os junto al Partido.<\/p>\n<p>En este caso un d\u00eda despu\u00e9s de la conmemoraci\u00f3n del D\u00eda del Militante en todo el pa\u00eds estamos compartiendo unas empanadas con los afiliados hist\u00f3ricos de nuestra Agrupaci\u00f3n y con aquellos que se han sumado a parir del 2004 que fue el a\u00f1o en que virtualmente quedamos desarticulados tras la derrota en la interna.<\/p>\n<p>Hoy entregamos las medallas a tres grandes militantes, dos de ellos lamentablemente ya fallecidos, se trata de David Blas Valerga, Nicol\u00e1s Figueredo a quinen tuve el gusto de conocer y tratar a lo largo de muchos tiempo y el tercero es Ram\u00f3n G\u00f3mez, un verdadero sobreviviente de esa generaci\u00f3n.<\/p>\n<p>Con esta medallas que en los casos de quienes ya no nos acompa\u00f1an ser\u00e1 recibida por sus familiares pretendemos rendirles el verdadero homenaje que ellos se merecen por haber abrazado a lo largo de tantos a\u00f1os con mucha pasi\u00f3n y trabajo la causa del peronismo en nuestra ciudad, as\u00ed que para nosotros es uno de los momentos m\u00e1s significativos dentro de los tareas que todos los a\u00f1os llevamos a cabo\u201d.<\/p>\n<p>El acto reuni\u00f3 a una significativa cantidad de militantes entre los cuales hab\u00eda integrantes del grupo conductor actual de Unidad y Lealtad como el caso de Alejandro Molle, representantes barriales y desde ya los familiares de los dos militantes desaparecidos y de quien aun se encuentra aunque un tanto alejado por la edad militando junto al Justicialismo.<\/p>\n","protected":false},"excerpt":{"rendered":"<p>En la sede de la Agrupaci\u00f3n Justicialista Unidad y Lealtad se concret\u00f3 anoche un acto de reconocimiento a tres vecinos, &#8230; <a title=\"Entregaron por el D\u00eda del Militante medallas recordatorias a tres reconocidos vecinos\" class=\"read-more\" href=\"https:\/\/www.hoymercedes.com.ar\/principal\/2011\/11\/21\/entregaron-por-el-dia-del-militante-medallas-recordatorias-a-tres-reconocidos-vecinos\/\" aria-label=\"Leer m\u00e1s sobre Entregaron por el D\u00eda del Militante medallas recordatorias a tres reconocidos vecinos\">Leer m\u00e1s<\/a><\/p>\n","protected":false},"author":1,"featured_media":0,"comment_status":"open","ping_status":"open","sticky":false,"template":"","format":"standard","meta":{"_monsterinsights_skip_tracking":false,"_monsterinsights_sitenote_active":false,"_monsterinsights_sitenote_note":"","_monsterinsights_sitenote_category":0,"jetpack_post_was_ever_published":false,"_jetpack_newsletter_access":"","_jetpack_dont_email_post_to_subs":false,"_jetpack_newsletter_tier_id":0,"_jetpack_memberships_contains_paywalled_content":false,"_jetpack_memberships_contains_paid_content":false,"footnotes":"","jetpack_publicize_message":"","jetpack_publicize_feature_enabled":true,"jetpack_social_post_already_shared":false,"jetpack_social_options":{"image_generator_settings":{"template":"highway","default_image_id":0,"font":"","enabled":false},"version":2},"_wpas_customize_per_network":false},"categories":[5],"tags":[129],"class_list":["post-9239","post","type-post","status-publish","format-standard","hentry","category-politica","tag-unidad-y-lealtad","generate-columns","tablet-grid-50","mobile-grid-100","grid-parent","grid-50"],"jetpack_publicize_connections":[],"jetpack_featured_media_url":"","wps_subtitle":"","jetpack_sharing_enabled":true,"_links":{"self":[{"href":"https:\/\/www.hoymercedes.com.ar\/principal\/wp-json\/wp\/v2\/posts\/9239","targetHints":{"allow":["GET"]}}],"collection":[{"href":"https:\/\/www.hoymercedes.com.ar\/principal\/wp-json\/wp\/v2\/posts"}],"about":[{"href":"https:\/\/www.hoymercedes.com.ar\/principal\/wp-json\/wp\/v2\/types\/post"}],"author":[{"embeddable":true,"href":"https:\/\/www.hoymercedes.com.ar\/principal\/wp-json\/wp\/v2\/users\/1"}],"replies":[{"embeddable":true,"href":"https:\/\/www.hoymercedes.com.ar\/principal\/wp-json\/wp\/v2\/comments?post=9239"}],"version-history":[{"count":0,"href":"https:\/\/www.hoymercedes.com.ar\/principal\/wp-json\/wp\/v2\/posts\/9239\/revisions"}],"wp:attachment":[{"href":"https:\/\/www.hoymercedes.com.ar\/principal\/wp-json\/wp\/v2\/media?parent=9239"}],"wp:term":[{"taxonomy":"category","embeddable":true,"href":"https:\/\/www.hoymercedes.com.ar\/principal\/wp-json\/wp\/v2\/categories?post=9239"},{"taxonomy":"post_tag","embeddable":true,"href":"https:\/\/www.hoymercedes.com.ar\/principal\/wp-json\/wp\/v2\/tags?post=9239"}],"curies":[{"name":"wp","href":"https:\/\/api.w.org\/{rel}","templated":true}]}}