{"id":92414,"date":"2019-05-06T19:42:55","date_gmt":"2019-05-06T22:42:55","guid":{"rendered":"http:\/\/www.hoymercedes.com.ar\/principal\/?p=92414"},"modified":"2019-05-06T19:59:35","modified_gmt":"2019-05-06T22:59:35","slug":"el-fronton-empato-ante-independiente-y-define-la-semifinal-en-chivilcoy","status":"publish","type":"post","link":"https:\/\/www.hoymercedes.com.ar\/principal\/2019\/05\/06\/el-fronton-empato-ante-independiente-y-define-la-semifinal-en-chivilcoy\/","title":{"rendered":"El Front\u00f3n empat\u00f3 ante Independiente y define la semifinal en Chivilcoy"},"content":{"rendered":"\n<p>Infociudadsag. Ni el clima pudo con la fiesta Frontonera. A pesar del lluvioso d\u00eda, la cancha del Front\u00f3n se llen\u00f3 para presenciar el partido m\u00e1s importante en la historia de la instituci\u00f3n. La ida entre Independiente (Chivilcoy) y los gilenses, por el Torneo Regional, tuvo un marco inmejorable.<\/p>\n\n\n\n<figure class=\"wp-block-image\"><img loading=\"lazy\" decoding=\"async\" width=\"696\" height=\"491\" data-attachment-id=\"92415\" data-permalink=\"https:\/\/www.hoymercedes.com.ar\/principal\/2019\/05\/06\/el-fronton-empato-ante-independiente-y-define-la-semifinal-en-chivilcoy\/el-fronton-1-independiente-1\/#main\" data-orig-file=\"https:\/\/www.hoymercedes.com.ar\/principal\/wp-content\/uploads\/2019\/05\/El-Fronton-1-Independiente-1.jpg\" data-orig-size=\"696,491\" data-comments-opened=\"0\" data-image-meta=\"{&quot;aperture&quot;:&quot;0&quot;,&quot;credit&quot;:&quot;&quot;,&quot;camera&quot;:&quot;&quot;,&quot;caption&quot;:&quot;&quot;,&quot;created_timestamp&quot;:&quot;0&quot;,&quot;copyright&quot;:&quot;&quot;,&quot;focal_length&quot;:&quot;0&quot;,&quot;iso&quot;:&quot;0&quot;,&quot;shutter_speed&quot;:&quot;0&quot;,&quot;title&quot;:&quot;&quot;,&quot;orientation&quot;:&quot;0&quot;}\" data-image-title=\"El Fronton 1 Independiente 1\" data-image-description=\"\" data-image-caption=\"\" data-large-file=\"https:\/\/www.hoymercedes.com.ar\/principal\/wp-content\/uploads\/2019\/05\/El-Fronton-1-Independiente-1.jpg\" src=\"https:\/\/www.hoymercedes.com.ar\/principal\/wp-content\/uploads\/2019\/05\/El-Fronton-1-Independiente-1.jpg\" alt=\"\" class=\"wp-image-92415\" srcset=\"https:\/\/www.hoymercedes.com.ar\/principal\/wp-content\/uploads\/2019\/05\/El-Fronton-1-Independiente-1.jpg 696w, https:\/\/www.hoymercedes.com.ar\/principal\/wp-content\/uploads\/2019\/05\/El-Fronton-1-Independiente-1-150x106.jpg 150w, https:\/\/www.hoymercedes.com.ar\/principal\/wp-content\/uploads\/2019\/05\/El-Fronton-1-Independiente-1-630x444.jpg 630w\" sizes=\"auto, (max-width: 696px) 100vw, 696px\" \/><\/figure>\n\n\n\n<p>Stopiello mand\u00f3 a la cancha a un equipo estructurado para incomodar al rival de mayor jerarqu\u00eda. El DT, eligi\u00f3 a Pissinis por encima de Paolocci, armando as\u00ed un esquema poco habitual en el Front\u00f3n, que inclu\u00eda un solo punta. Rold\u00e1n, T\u00e1mparo, Randazzo, Barrientos, Grosso, Zapata, Gussoni, Gonz\u00e1lez y Alarc\u00f3n, completaron el 11.<\/p>\n\n\n\n<p>Desde el arranque, el partido fue muy disputado. La lluvia aceler\u00f3 los tiempos del campo de juego, ambos equipos presentaron dificultades para manejar el bal\u00f3n, centr\u00e1ndose la batalla en la mitad de la cancha. Muchas infracciones y poca din\u00e1mica de los dos lados.<\/p>\n\n\n\n<p>La primera parte dej\u00f3 dos situaciones claves. Pacheco (I), el gilense que juega en el&nbsp;<em>Rojo<\/em>de Chivilcoy, tuvo un mano a mano claro que Caputto (F) control\u00f3 con un gran movimiento. Mientras que en la otra \u00e1rea, una falta a Pissinis (F) fue ignorada por el \u00e1rbitro Sergio M\u00e9ndez (Luj\u00e1n). Claro penal.<\/p>\n\n\n\n<p>En el segundo tiempo, Independiente se anim\u00f3 un poco m\u00e1s y control\u00f3 por momentos el juego. La sociedad Pacheco (I) \u2013 Tambussi (I) \u2013 Salvaggio (I) presion\u00f3 hasta que logr\u00f3 el gol. A los 70\u00b4, el gilense ex San Lorenzo, agarr\u00f3 un rebote en el \u00e1rea que mand\u00f3 al fondo de la red con un potente disparo. Gol y respeto, porque Pacheco (I) no lo grit\u00f3. Ejemplar.<\/p>\n\n\n\n<p>La apertura del marcador cambi\u00f3 el partido. Stopiello envi\u00f3 a Lozano (F) y Paolacci (F) al rect\u00e1ngulo, para darle m\u00e1s peso al ataque&nbsp;<em>Azulgrana<\/em>. Independiente, lo pudo definir con un tiro que dio en el palo; pero con pelotas paradas y centros de las bandas, los gilenses se aproximaron al arco que defendi\u00f3 De Potte (I) mientras el reloj corr\u00eda. La inseguridad que hab\u00eda mostrado el arquero rival parec\u00eda ser la llave para llegar a la igualdad.<\/p>\n\n\n\n<p>Los cinco minutos finales, m\u00e1s el adicionado, fueron otro partido. Salvaggio (I) se fue expulsado por tirar la pelota lejos \u2013<em>algo poco usual<\/em>-, dejando a su equipo con 10 hombres. Front\u00f3n sigui\u00f3 buscando y tuvo premio. Cu\u00e1ndo la lluvia se hac\u00eda presente con mayor intensidad, el gol cay\u00f3 del cielo como una gota a los 93\u00b4. Barrientos (F) envi\u00f3 una pelota al \u00e1rea, Alarc\u00f3n (F) la baj\u00f3 y Paolacci (F) la empuj\u00f3 a la gloria.<\/p>\n\n\n\n<p>Gol y locura bajo el diluvio. En las tribunas, los hinchas se abrazaban como nunca antes, luego de dejar la garganta en el gol m\u00e1s gritado de la historia. Los gilenses, se unieron en un canto que se escuch\u00f3 en todo el pueblo. El equipo de los milagros daba la nota una vez m\u00e1s, como hace varios meses nos tiene acostumbrados.<\/p>\n\n\n\n<p>El club de Las Tropas consegu\u00eda as\u00ed un empate ag\u00f3nico y se ilusionaba con los minutos que le restaban jugar. Sin embargo, el final dej\u00f3 un sabor extra\u00f1o. En una jugada confusa, Alarc\u00f3n (F) se enfrent\u00f3 con un rival y, tras dar un golpe, termin\u00f3 siendo expulsado. El&nbsp;<em>Toro<\/em>, el hombre de los goles importantes, se perder\u00e1 la vuelta.<\/p>\n\n\n\n<p><strong>La figura<\/strong><\/p>\n\n\n\n<p><strong>Mat\u00edas Caputto:<\/strong>&nbsp;El arquero de Front\u00f3n fue el mejor en un partido de dientes apretados. Tap\u00f3 dos pelotas con destino de gol, estuvo seguro desde el primer momento y fue la voz de la \u00faltima l\u00ednea cuando el equipo no encontraba el rumbo.<\/p>\n\n\n\n<p><strong>La revancha<\/strong><\/p>\n\n\n\n<p>Ambos equipos se medir\u00e1n el pr\u00f3ximo domingo en Chivilcoy (resta definir horario). El encuentro se jugar\u00e1 en el predio del&nbsp;<em>Rojo<\/em>, donde el equipo de Alberto Salvaggio lleva m\u00e1s de un a\u00f1o invicto.<\/p>\n\n\n\n<p><strong>La otra llave<\/strong><\/p>\n\n\n\n<p>El cl\u00e1sico de Lincoln se jug\u00f3 con dientes apretados. Rivadavia venci\u00f3 1 a 0 al Linque\u00f1o con gol de Barboza de penal. El partido se disput\u00f3 sin p\u00fablico visitante.<\/p>\n\n\n\n<p>La semifinal se definir\u00e1 el domingo en la cancha de El Linque\u00f1o. El ganador de la llave se medir\u00e1 con el triunfador de Independiente \u2013 Front\u00f3n.<\/p>\n\n\n\n<p><strong>El Front\u00f3n 1:<\/strong>&nbsp;Mat\u00edas Paolacci.<br><strong>Independiente 1:<\/strong>&nbsp;Jonathan Pacheco.<br><strong>Arbitro<\/strong>: Sergio M\u00e9ndez (Luj\u00e1n).<br><strong>Expulsados:<\/strong>&nbsp;Marcos Salvaggio (Independiente) y Juli\u00e1n Alarc\u00f3n (El Front\u00f3n). <\/p>\n\n\n\n<p><strong>Rivadavia 1:<\/strong>&nbsp;Emanuel Barboza de penal.<br><strong>El Linque\u00f1o 0<\/strong>.\n\n<\/p>\n","protected":false},"excerpt":{"rendered":"<p>Infociudadsag. Ni el clima pudo con la fiesta Frontonera. A pesar del lluvioso d\u00eda, la cancha del Front\u00f3n se llen\u00f3 &#8230; <a title=\"El Front\u00f3n empat\u00f3 ante Independiente y define la semifinal en Chivilcoy\" class=\"read-more\" href=\"https:\/\/www.hoymercedes.com.ar\/principal\/2019\/05\/06\/el-fronton-empato-ante-independiente-y-define-la-semifinal-en-chivilcoy\/\" aria-label=\"Leer m\u00e1s sobre El Front\u00f3n empat\u00f3 ante Independiente y define la semifinal en Chivilcoy\">Leer m\u00e1s<\/a><\/p>\n","protected":false},"author":1,"featured_media":92415,"comment_status":"closed","ping_status":"open","sticky":false,"template":"","format":"standard","meta":{"_monsterinsights_skip_tracking":false,"_monsterinsights_sitenote_active":false,"_monsterinsights_sitenote_note":"","_monsterinsights_sitenote_category":0,"jetpack_post_was_ever_published":false,"_jetpack_newsletter_access":"","_jetpack_dont_email_post_to_subs":false,"_jetpack_newsletter_tier_id":0,"_jetpack_memberships_contains_paywalled_content":false,"_jetpack_memberships_contains_paid_content":false,"footnotes":"","jetpack_publicize_message":"","jetpack_publicize_feature_enabled":true,"jetpack_social_post_already_shared":true,"jetpack_social_options":{"image_generator_settings":{"template":"highway","default_image_id":0,"font":"","enabled":false},"version":2},"_wpas_customize_per_network":false},"categories":[21],"tags":[1812,9672,14255],"class_list":["post-92414","post","type-post","status-publish","format-standard","has-post-thumbnail","hentry","category-deportes","tag-el-fronton","tag-independiente-chivilcoy","tag-regional-amateur","generate-columns","tablet-grid-50","mobile-grid-100","grid-parent","grid-50"],"jetpack_publicize_connections":[],"jetpack_featured_media_url":"https:\/\/www.hoymercedes.com.ar\/principal\/wp-content\/uploads\/2019\/05\/El-Fronton-1-Independiente-1.jpg","wps_subtitle":"Regional Amateur","jetpack_sharing_enabled":true,"_links":{"self":[{"href":"https:\/\/www.hoymercedes.com.ar\/principal\/wp-json\/wp\/v2\/posts\/92414","targetHints":{"allow":["GET"]}}],"collection":[{"href":"https:\/\/www.hoymercedes.com.ar\/principal\/wp-json\/wp\/v2\/posts"}],"about":[{"href":"https:\/\/www.hoymercedes.com.ar\/principal\/wp-json\/wp\/v2\/types\/post"}],"author":[{"embeddable":true,"href":"https:\/\/www.hoymercedes.com.ar\/principal\/wp-json\/wp\/v2\/users\/1"}],"replies":[{"embeddable":true,"href":"https:\/\/www.hoymercedes.com.ar\/principal\/wp-json\/wp\/v2\/comments?post=92414"}],"version-history":[{"count":0,"href":"https:\/\/www.hoymercedes.com.ar\/principal\/wp-json\/wp\/v2\/posts\/92414\/revisions"}],"wp:featuredmedia":[{"embeddable":true,"href":"https:\/\/www.hoymercedes.com.ar\/principal\/wp-json\/wp\/v2\/media\/92415"}],"wp:attachment":[{"href":"https:\/\/www.hoymercedes.com.ar\/principal\/wp-json\/wp\/v2\/media?parent=92414"}],"wp:term":[{"taxonomy":"category","embeddable":true,"href":"https:\/\/www.hoymercedes.com.ar\/principal\/wp-json\/wp\/v2\/categories?post=92414"},{"taxonomy":"post_tag","embeddable":true,"href":"https:\/\/www.hoymercedes.com.ar\/principal\/wp-json\/wp\/v2\/tags?post=92414"}],"curies":[{"name":"wp","href":"https:\/\/api.w.org\/{rel}","templated":true}]}}