{"id":92423,"date":"2019-05-06T21:14:44","date_gmt":"2019-05-07T00:14:44","guid":{"rendered":"http:\/\/www.hoymercedes.com.ar\/principal\/?p=92423"},"modified":"2019-05-06T21:14:50","modified_gmt":"2019-05-07T00:14:50","slug":"toda-la-estadistica-de-primera-y-reserva-tras-la-novena-fecha-de-la-liga-mercedina","status":"publish","type":"post","link":"https:\/\/www.hoymercedes.com.ar\/principal\/2019\/05\/06\/toda-la-estadistica-de-primera-y-reserva-tras-la-novena-fecha-de-la-liga-mercedina\/","title":{"rendered":"Toda la estad\u00edstica de Primera y Reserva tras la novena fecha de la Liga Mercedina"},"content":{"rendered":"\n<p>La novena fecha de la Liga Mercedina de F\u00fatbol ser\u00e1 otra m\u00e1s que no tendr\u00e1 partidos pendientes, ya que se jug\u00f3 casi en su totalidad y qued\u00f3 programado para este martes el encuentro entre El Front\u00f3n y Club Mercedes, debido a que el cuadro de San Andr\u00e9s de Giles posterg\u00f3 su fecha debido a que jug\u00f3 la semifinal del Regional Amateur.<\/p>\n\n\n\n<p>En Primera Divisi\u00f3n, Ve\u00e9lz aprovech\u00f3 la derrota de Juventud para alcanzarlo en el primer puesto de la Zona D, aunque el cuadro de Ballesteros tiene un partido m\u00e1s disputado. En el resto de las Zonas no hubo movimientos en las posiciones, algo que, por el tipo de certamen que se disputa, ocurrir\u00e1 en muchas oportunidades.<\/p>\n\n\n\n<p>Primera Divisi\u00f3n<\/p>\n\n\n\n<table class=\"wp-block-table\"><tbody><tr><td>Pabell\u00f3n<\/td><td>3<\/td><td>Maximiliano\n  Romero Cahu\u00e9, Juan Barandari\u00e1n y Alexis Arias<\/td><\/tr><tr><td>Juventud<\/td><td>2<\/td><td>Luis Lawler y\n  Federico Clarac<\/td><\/tr><tr><td><\/td><td><\/td><td><\/td><\/tr><tr><\/tr><tr><td>El Tim\u00f3n<\/td><td>4<\/td><td>Juan Lagrecca (3), Pablo Barbieri<\/td><\/tr><tr><td>Holanda<\/td><td>2<\/td><td>Lucas Chavez y Rodrigo Colicigno<\/td><\/tr><tr><td><\/td><td><\/td><td><\/td><\/tr><tr><\/tr><tr><td>Quilmes<\/td><td>3<\/td><td>Nicol\u00e1s Loza y Jonathan L\u00f3pez (2)<\/td><\/tr><tr><td>Ateneo<\/td><td>0<\/td><\/tr><tr><td><\/td><td><\/td><td><\/td><\/tr><tr><\/tr><tr><td>Trocha<\/td><td>0<\/td><\/tr><tr><td>Los Carteros<\/td><td>0<\/td><\/tr><tr><td><\/td><td><\/td><td><\/td><\/tr><tr><\/tr><tr><td>Defensores<\/td><td>0<\/td><\/tr><tr><td>Marcos Paz<\/td><td>3<\/td><td>Ezequiel Ruiz, Fabi\u00e1n Albornoz, Mauro Cristaldo<\/td><\/tr><tr><td><\/td><td><\/td><td><\/td><\/tr><tr><\/tr><tr><td>Uni\u00f3n<\/td><td>0<\/td><\/tr><tr><td>AMEFIP<\/td><td>2<\/td><td>Lucas Blanco y Lucas Falcone<\/td><\/tr><tr><td><\/td><td><\/td><td><\/td><\/tr><tr><\/tr><tr><td>Palometas<\/td><td>1<\/td><td>Lucas Blanco<\/td><\/tr><tr><td>Estudiantes<\/td><td>0<\/td><\/tr><tr><td><\/td><td><\/td><td><\/td><\/tr><tr><\/tr><tr><td>V\u00e9lez<\/td><td>3<\/td><td>Federico\n  Alderete, Ariel Mu\u00f1oz y Nicol\u00e1s Bartolomeo<\/td><\/tr><tr><td>La Diego Armando<\/td><td>1<\/td><td>Alejandro\n  Balcaza&nbsp;<\/td><\/tr><tr><td><\/td><td><\/td><td><\/td><\/tr><tr><\/tr><tr><td>Col\u00f3n<\/td><td>3<\/td><td>Tom\u00e1s Moreno,\n  Juan Tiberi y Javier Taferami<\/td><\/tr><tr><td>Talleres<\/td><td>1<\/td><td>Yoel Kucharki.<\/td><\/tr><\/tbody><\/table>\n\n\n\n<p>Reserva<\/p>\n\n\n\n<table class=\"wp-block-table\"><tbody><tr><td>Pabell\u00f3n<\/td><td>2<\/td><td>Gast\u00f3n Bianchi\n  y Luciano Gallardo.<\/td><\/tr><tr><td>Juventud<\/td><td>1<\/td><td>Juan Mullen<\/td><\/tr><tr><td><\/td><td><\/td><td><\/td><\/tr><tr><\/tr><tr><td>El Tim\u00f3n<\/td><td>1<\/td><\/tr><tr><td>Holanda<\/td><td>4<\/td><\/tr><tr><td><\/td><td><\/td><td><\/td><\/tr><tr><\/tr><tr><td>Quilmes<\/td><td>0<\/td><\/tr><tr><td>Ateneo<\/td><td>1<\/td><td>Maximiliano Arzani<\/td><\/tr><tr><td><\/td><td><\/td><td><\/td><\/tr><tr><\/tr><tr><td>Trocha<\/td><td>4<\/td><td>Maximiliano\n  Castro, Jonathan Niz, Diego Castro y Lucas Gallo<\/td><\/tr><tr><td>Los Carteros<\/td><td>1<\/td><td>Franco Lizardo<\/td><\/tr><tr><td><\/td><td><\/td><td><\/td><\/tr><tr><\/tr><tr><td>Defensores<\/td><td>0<\/td><\/tr><tr><td>Marcos Paz<\/td><td>1<\/td><\/tr><tr><td><\/td><td><\/td><td><\/td><\/tr><tr><\/tr><tr><td>Uni\u00f3n<\/td><td>0<\/td><\/tr><tr><td>AMEFIP<\/td><td>3<\/td><td>Germ\u00e1n\n  Castillo, Juli\u00e1n Cano y Nahuel Villagra<\/td><\/tr><tr><td><\/td><td><\/td><td><\/td><\/tr><tr><\/tr><tr><td>Palometas<\/td><td>2<\/td><td>Jonathan\n  Guzm\u00e1n y Agust\u00edn P\u00f3rfido.<\/td><\/tr><tr><td>Estudiantes<\/td><td>2<\/td><td>Tom\u00e1s Lima y\n  Ariel Ballesteros.<\/td><\/tr><tr><td><\/td><td><\/td><td><\/td><\/tr><tr><\/tr><tr><td>V\u00e9lez<\/td><td>2<\/td><\/tr><tr><td>La Diego Armando<\/td><td>0<\/td><\/tr><tr><td><\/td><td><\/td><td><\/td><\/tr><tr><\/tr><tr><td>Col\u00f3n<\/td><td>1<\/td><td>Dar\u00edo Ag\u00fcero<\/td><\/tr><tr><td>Talleres<\/td><td>1<\/td><td>Rom\u00e1n Saravia<\/td><\/tr><\/tbody><\/table>\n\n\n\n<figure class=\"wp-block-image\"><img loading=\"lazy\" decoding=\"async\" width=\"646\" height=\"793\" data-attachment-id=\"92437\" data-permalink=\"https:\/\/www.hoymercedes.com.ar\/principal\/2019\/05\/06\/toda-la-estadistica-de-primera-y-reserva-tras-la-novena-fecha-de-la-liga-mercedina\/primera-liga-pos-15\/#main\" data-orig-file=\"https:\/\/www.hoymercedes.com.ar\/principal\/wp-content\/uploads\/2019\/05\/PRIMERA-LIGA-POS-1.png\" data-orig-size=\"646,793\" data-comments-opened=\"0\" data-image-meta=\"{&quot;aperture&quot;:&quot;0&quot;,&quot;credit&quot;:&quot;&quot;,&quot;camera&quot;:&quot;&quot;,&quot;caption&quot;:&quot;&quot;,&quot;created_timestamp&quot;:&quot;0&quot;,&quot;copyright&quot;:&quot;&quot;,&quot;focal_length&quot;:&quot;0&quot;,&quot;iso&quot;:&quot;0&quot;,&quot;shutter_speed&quot;:&quot;0&quot;,&quot;title&quot;:&quot;&quot;,&quot;orientation&quot;:&quot;0&quot;}\" data-image-title=\"PRIMERA LIGA POS\" data-image-description=\"\" data-image-caption=\"\" data-large-file=\"https:\/\/www.hoymercedes.com.ar\/principal\/wp-content\/uploads\/2019\/05\/PRIMERA-LIGA-POS-1.png\" src=\"https:\/\/www.hoymercedes.com.ar\/principal\/wp-content\/uploads\/2019\/05\/PRIMERA-LIGA-POS-1.png\" alt=\"\" class=\"wp-image-92437\" srcset=\"https:\/\/www.hoymercedes.com.ar\/principal\/wp-content\/uploads\/2019\/05\/PRIMERA-LIGA-POS-1.png 646w, https:\/\/www.hoymercedes.com.ar\/principal\/wp-content\/uploads\/2019\/05\/PRIMERA-LIGA-POS-1-122x150.png 122w, https:\/\/www.hoymercedes.com.ar\/principal\/wp-content\/uploads\/2019\/05\/PRIMERA-LIGA-POS-1-505x620.png 505w\" sizes=\"auto, (max-width: 646px) 100vw, 646px\" \/><\/figure>\n\n\n\n<div class=\"wp-block-image\"><figure class=\"aligncenter\"><img loading=\"lazy\" decoding=\"async\" width=\"324\" height=\"535\" data-attachment-id=\"92438\" data-permalink=\"https:\/\/www.hoymercedes.com.ar\/principal\/2019\/05\/06\/toda-la-estadistica-de-primera-y-reserva-tras-la-novena-fecha-de-la-liga-mercedina\/goles-liga-pri-9\/#main\" data-orig-file=\"https:\/\/www.hoymercedes.com.ar\/principal\/wp-content\/uploads\/2019\/05\/Goles-LIGA-PRI-1.png\" data-orig-size=\"324,535\" data-comments-opened=\"0\" data-image-meta=\"{&quot;aperture&quot;:&quot;0&quot;,&quot;credit&quot;:&quot;&quot;,&quot;camera&quot;:&quot;&quot;,&quot;caption&quot;:&quot;&quot;,&quot;created_timestamp&quot;:&quot;0&quot;,&quot;copyright&quot;:&quot;&quot;,&quot;focal_length&quot;:&quot;0&quot;,&quot;iso&quot;:&quot;0&quot;,&quot;shutter_speed&quot;:&quot;0&quot;,&quot;title&quot;:&quot;&quot;,&quot;orientation&quot;:&quot;0&quot;}\" data-image-title=\"Goles LIGA PRI\" data-image-description=\"\" data-image-caption=\"\" data-large-file=\"https:\/\/www.hoymercedes.com.ar\/principal\/wp-content\/uploads\/2019\/05\/Goles-LIGA-PRI-1.png\" src=\"https:\/\/www.hoymercedes.com.ar\/principal\/wp-content\/uploads\/2019\/05\/Goles-LIGA-PRI-1.png\" alt=\"\" class=\"wp-image-92438\" srcset=\"https:\/\/www.hoymercedes.com.ar\/principal\/wp-content\/uploads\/2019\/05\/Goles-LIGA-PRI-1.png 324w, https:\/\/www.hoymercedes.com.ar\/principal\/wp-content\/uploads\/2019\/05\/Goles-LIGA-PRI-1-91x150.png 91w\" sizes=\"auto, (max-width: 324px) 100vw, 324px\" \/><\/figure><\/div>\n\n\n\n<figure class=\"wp-block-image\"><img loading=\"lazy\" decoding=\"async\" width=\"646\" height=\"793\" data-attachment-id=\"92439\" data-permalink=\"https:\/\/www.hoymercedes.com.ar\/principal\/2019\/05\/06\/toda-la-estadistica-de-primera-y-reserva-tras-la-novena-fecha-de-la-liga-mercedina\/reserva-liga-pos-13\/#main\" data-orig-file=\"https:\/\/www.hoymercedes.com.ar\/principal\/wp-content\/uploads\/2019\/05\/RESERVA-LIGA-POS-1.png\" data-orig-size=\"646,793\" data-comments-opened=\"0\" data-image-meta=\"{&quot;aperture&quot;:&quot;0&quot;,&quot;credit&quot;:&quot;&quot;,&quot;camera&quot;:&quot;&quot;,&quot;caption&quot;:&quot;&quot;,&quot;created_timestamp&quot;:&quot;0&quot;,&quot;copyright&quot;:&quot;&quot;,&quot;focal_length&quot;:&quot;0&quot;,&quot;iso&quot;:&quot;0&quot;,&quot;shutter_speed&quot;:&quot;0&quot;,&quot;title&quot;:&quot;&quot;,&quot;orientation&quot;:&quot;0&quot;}\" data-image-title=\"RESERVA LIGA POS\" data-image-description=\"\" data-image-caption=\"\" data-large-file=\"https:\/\/www.hoymercedes.com.ar\/principal\/wp-content\/uploads\/2019\/05\/RESERVA-LIGA-POS-1.png\" src=\"https:\/\/www.hoymercedes.com.ar\/principal\/wp-content\/uploads\/2019\/05\/RESERVA-LIGA-POS-1.png\" alt=\"\" class=\"wp-image-92439\" srcset=\"https:\/\/www.hoymercedes.com.ar\/principal\/wp-content\/uploads\/2019\/05\/RESERVA-LIGA-POS-1.png 646w, https:\/\/www.hoymercedes.com.ar\/principal\/wp-content\/uploads\/2019\/05\/RESERVA-LIGA-POS-1-122x150.png 122w, https:\/\/www.hoymercedes.com.ar\/principal\/wp-content\/uploads\/2019\/05\/RESERVA-LIGA-POS-1-505x620.png 505w\" sizes=\"auto, (max-width: 646px) 100vw, 646px\" \/><\/figure>\n\n\n\n<div class=\"wp-block-image\"><figure class=\"aligncenter\"><img loading=\"lazy\" decoding=\"async\" width=\"332\" height=\"322\" data-attachment-id=\"92440\" data-permalink=\"https:\/\/www.hoymercedes.com.ar\/principal\/2019\/05\/06\/toda-la-estadistica-de-primera-y-reserva-tras-la-novena-fecha-de-la-liga-mercedina\/goles-liga-res-7\/#main\" data-orig-file=\"https:\/\/www.hoymercedes.com.ar\/principal\/wp-content\/uploads\/2019\/05\/GOLES-LIGA-RES-1.png\" data-orig-size=\"332,322\" data-comments-opened=\"0\" data-image-meta=\"{&quot;aperture&quot;:&quot;0&quot;,&quot;credit&quot;:&quot;&quot;,&quot;camera&quot;:&quot;&quot;,&quot;caption&quot;:&quot;&quot;,&quot;created_timestamp&quot;:&quot;0&quot;,&quot;copyright&quot;:&quot;&quot;,&quot;focal_length&quot;:&quot;0&quot;,&quot;iso&quot;:&quot;0&quot;,&quot;shutter_speed&quot;:&quot;0&quot;,&quot;title&quot;:&quot;&quot;,&quot;orientation&quot;:&quot;0&quot;}\" data-image-title=\"GOLES LIGA RES\" data-image-description=\"\" data-image-caption=\"\" data-large-file=\"https:\/\/www.hoymercedes.com.ar\/principal\/wp-content\/uploads\/2019\/05\/GOLES-LIGA-RES-1.png\" src=\"https:\/\/www.hoymercedes.com.ar\/principal\/wp-content\/uploads\/2019\/05\/GOLES-LIGA-RES-1.png\" alt=\"\" class=\"wp-image-92440\" srcset=\"https:\/\/www.hoymercedes.com.ar\/principal\/wp-content\/uploads\/2019\/05\/GOLES-LIGA-RES-1.png 332w, https:\/\/www.hoymercedes.com.ar\/principal\/wp-content\/uploads\/2019\/05\/GOLES-LIGA-RES-1-150x145.png 150w\" sizes=\"auto, (max-width: 332px) 100vw, 332px\" \/><\/figure><\/div>\n\n\n\n<p><br><\/p>\n","protected":false},"excerpt":{"rendered":"<p>La novena fecha de la Liga Mercedina de F\u00fatbol ser\u00e1 otra m\u00e1s que no tendr\u00e1 partidos pendientes, ya que se &#8230; <a title=\"Toda la estad\u00edstica de Primera y Reserva tras la novena fecha de la Liga Mercedina\" class=\"read-more\" href=\"https:\/\/www.hoymercedes.com.ar\/principal\/2019\/05\/06\/toda-la-estadistica-de-primera-y-reserva-tras-la-novena-fecha-de-la-liga-mercedina\/\" aria-label=\"Leer m\u00e1s sobre Toda la estad\u00edstica de Primera y Reserva tras la novena fecha de la Liga Mercedina\">Leer m\u00e1s<\/a><\/p>\n","protected":false},"author":1,"featured_media":92437,"comment_status":"closed","ping_status":"open","sticky":false,"template":"","format":"standard","meta":{"_monsterinsights_skip_tracking":false,"_monsterinsights_sitenote_active":false,"_monsterinsights_sitenote_note":"","_monsterinsights_sitenote_category":0,"jetpack_post_was_ever_published":false,"_jetpack_newsletter_access":"","_jetpack_dont_email_post_to_subs":false,"_jetpack_newsletter_tier_id":0,"_jetpack_memberships_contains_paywalled_content":false,"_jetpack_memberships_contains_paid_content":false,"footnotes":"","jetpack_publicize_message":"","jetpack_publicize_feature_enabled":true,"jetpack_social_post_already_shared":true,"jetpack_social_options":{"image_generator_settings":{"template":"highway","default_image_id":0,"font":"","enabled":false},"version":2},"_wpas_customize_per_network":false},"categories":[21],"tags":[],"class_list":["post-92423","post","type-post","status-publish","format-standard","has-post-thumbnail","hentry","category-deportes","generate-columns","tablet-grid-50","mobile-grid-100","grid-parent","grid-50"],"jetpack_publicize_connections":[],"jetpack_featured_media_url":"https:\/\/www.hoymercedes.com.ar\/principal\/wp-content\/uploads\/2019\/05\/PRIMERA-LIGA-POS-1.png","wps_subtitle":"Liga Mercedina","jetpack_sharing_enabled":true,"_links":{"self":[{"href":"https:\/\/www.hoymercedes.com.ar\/principal\/wp-json\/wp\/v2\/posts\/92423","targetHints":{"allow":["GET"]}}],"collection":[{"href":"https:\/\/www.hoymercedes.com.ar\/principal\/wp-json\/wp\/v2\/posts"}],"about":[{"href":"https:\/\/www.hoymercedes.com.ar\/principal\/wp-json\/wp\/v2\/types\/post"}],"author":[{"embeddable":true,"href":"https:\/\/www.hoymercedes.com.ar\/principal\/wp-json\/wp\/v2\/users\/1"}],"replies":[{"embeddable":true,"href":"https:\/\/www.hoymercedes.com.ar\/principal\/wp-json\/wp\/v2\/comments?post=92423"}],"version-history":[{"count":0,"href":"https:\/\/www.hoymercedes.com.ar\/principal\/wp-json\/wp\/v2\/posts\/92423\/revisions"}],"wp:featuredmedia":[{"embeddable":true,"href":"https:\/\/www.hoymercedes.com.ar\/principal\/wp-json\/wp\/v2\/media\/92437"}],"wp:attachment":[{"href":"https:\/\/www.hoymercedes.com.ar\/principal\/wp-json\/wp\/v2\/media?parent=92423"}],"wp:term":[{"taxonomy":"category","embeddable":true,"href":"https:\/\/www.hoymercedes.com.ar\/principal\/wp-json\/wp\/v2\/categories?post=92423"},{"taxonomy":"post_tag","embeddable":true,"href":"https:\/\/www.hoymercedes.com.ar\/principal\/wp-json\/wp\/v2\/tags?post=92423"}],"curies":[{"name":"wp","href":"https:\/\/api.w.org\/{rel}","templated":true}]}}